{"id":207554,"date":"2025-06-27T05:20:14","date_gmt":"2025-06-27T05:20:14","guid":{"rendered":"https:\/\/www.europesays.com\/fr\/207554\/"},"modified":"2025-06-27T05:20:14","modified_gmt":"2025-06-27T05:20:14","slug":"alsace-les-nouveaux-jougs-des-cloches-de-notre-dame-de-paris-fabriques-par-une-societe-strasbourgeoise","status":"publish","type":"post","link":"https:\/\/www.europesays.com\/fr\/207554\/","title":{"rendered":"Alsace. Les nouveaux jougs des cloches de Notre-Dame de Paris fabriqu\u00e9s par une soci\u00e9t\u00e9 strasbourgeoise"},"content":{"rendered":"<p>\u00ab\u00a0Gr\u00e2ce \u00e0 vous, les cloches vont pouvoir r\u00e9sonner \u00e0 nouveau dans le ciel de Paris\u00a0\u00bb, lance Philippe Jost, pr\u00e9sident de Reb\u00e2tir <a href=\"https:\/\/www.dna.fr\/p\/cathedrale-notre-dame-de-paris\" target=\"_blank\" rel=\"noopener\">Notre-Dame de Paris<\/a>, aux campanistes de la soci\u00e9t\u00e9 Andr\u00e9 Voegele. Ce jeudi 26\u00a0juin, le joug du c\u00e9l\u00e8bre bourdon Emmanuel, class\u00e9 monument historique, est assembl\u00e9 dans l\u2019atelier \u00e0 Strasbourg. L\u2019imposante pi\u00e8ce de bois \u00e0 laquelle la cloche est suspendue prend la route de Paris d\u00e8s vendredi matin 27\u00a0juin.<\/p>\n<p>Un ensemble en ch\u00eane de 1\u00a0800\u00a0kilos<\/p>\n<p>Le d\u00e9cor est pos\u00e9 d\u00e8s l\u2019entr\u00e9e dans l\u2019atelier de Koenigshoffen o\u00f9 des&#8230;<\/p>\n","protected":false},"excerpt":{"rendered":"\u00ab\u00a0Gr\u00e2ce \u00e0 vous, les cloches vont pouvoir r\u00e9sonner \u00e0 nouveau dans le ciel de Paris\u00a0\u00bb, lance Philippe Jost,&hellip;\n","protected":false},"author":2,"featured_media":207555,"comment_status":"","ping_status":"","sticky":false,"template":"","format":"standard","meta":{"footnotes":""},"categories":[2820],"tags":[1111,11,2389,1477,1687,2880,1777,674,107,1011,27,5325,2798,775,3035,12,2661,25,640,2879],"class_list":{"0":"post-207554","1":"post","2":"type-post","3":"status-publish","4":"format-standard","5":"has-post-thumbnail","7":"category-strasbourg","8":"tag-actu","9":"tag-actualites","10":"tag-alsace","11":"tag-artisanat","12":"tag-culture-loisirs","13":"tag-edition-strasbourg","14":"tag-eu","15":"tag-europe","16":"tag-fil-info","17":"tag-fr","18":"tag-france","19":"tag-galerie-media","20":"tag-galerie-photo","21":"tag-grand-est","22":"tag-la-matinale-strasbourg","23":"tag-news","24":"tag-patrimoine-culturel","25":"tag-republique-francaise","26":"tag-strasbourg","27":"tag-strasbourg-ville"},"share_on_mastodon":{"url":"https:\/\/pubeurope.com\/@fr\/114753648966939182","error":""},"_links":{"self":[{"href":"https:\/\/www.europesays.com\/fr\/wp-json\/wp\/v2\/posts\/207554","targetHints":{"allow":["GET"]}}],"collection":[{"href":"https:\/\/www.europesays.com\/fr\/wp-json\/wp\/v2\/posts"}],"about":[{"href":"https:\/\/www.europesays.com\/fr\/wp-json\/wp\/v2\/types\/post"}],"author":[{"embeddable":true,"href":"https:\/\/www.europesays.com\/fr\/wp-json\/wp\/v2\/users\/2"}],"replies":[{"embeddable":true,"href":"https:\/\/www.europesays.com\/fr\/wp-json\/wp\/v2\/comments?post=207554"}],"version-history":[{"count":0,"href":"https:\/\/www.europesays.com\/fr\/wp-json\/wp\/v2\/posts\/207554\/revisions"}],"wp:featuredmedia":[{"embeddable":true,"href":"https:\/\/www.europesays.com\/fr\/wp-json\/wp\/v2\/media\/207555"}],"wp:attachment":[{"href":"https:\/\/www.europesays.com\/fr\/wp-json\/wp\/v2\/media?parent=207554"}],"wp:term":[{"taxonomy":"category","embeddable":true,"href":"https:\/\/www.europesays.com\/fr\/wp-json\/wp\/v2\/categories?post=207554"},{"taxonomy":"post_tag","embeddable":true,"href":"https:\/\/www.europesays.com\/fr\/wp-json\/wp\/v2\/tags?post=207554"}],"curies":[{"name":"wp","href":"https:\/\/api.w.org\/{rel}","templated":true}]}}