{"id":207556,"date":"2025-06-27T05:21:09","date_gmt":"2025-06-27T05:21:09","guid":{"rendered":"https:\/\/www.europesays.com\/fr\/207556\/"},"modified":"2025-06-27T05:21:09","modified_gmt":"2025-06-27T05:21:09","slug":"avec-ca-on-tranche-la-tete-des-agneaux-un-homme-condamne-a-30-ans-de-reclusion-pour-avoir-larde-a-coups-de-feuille-de-boucher-le-visage-de-son-epouse-a-nice","status":"publish","type":"post","link":"https:\/\/www.europesays.com\/fr\/207556\/","title":{"rendered":"\u00ab\u00a0Avec \u00e7a, on tranche la t\u00eate des agneaux\u00a0\u00bb: un homme condamn\u00e9 \u00e0 30 ans de r\u00e9clusion pour avoir lard\u00e9 \u00e0 coups de feuille de boucher le visage de son \u00e9pouse \u00e0 Nice"},"content":{"rendered":"<p>Les photos des blessures de Johanna font froid dans le dos. Une plaie b\u00e9ante de 15 centim\u00e8tres s\u2019\u00e9tend de sa bouche jusqu\u2019\u00e0 l\u2019oreille. Une partie du lobe a m\u00eame \u00e9t\u00e9 tranch\u00e9e. Deux autres entailles sont visibles, l\u2019une d\u2019elles descend jusqu\u2019au cou, tandis que la mandibule est fractur\u00e9e. Lorsque les secours interviennent dans l\u2019appartement situ\u00e9 rue Cavendish \u00e0 Nice, le 21 f\u00e9vrier 2022, vers 7 heures du matin, Johanna a d\u00e9j\u00e0 perdu au moins un litre de sang. L\u2019auteur pr\u00e9sum\u00e9, son mari, a pris la fuite avec l\u2019a\u00een\u00e9 des trois enfants. Laissant les deux plus jeunes, une fille et un gar\u00e7on, seuls avec leur m\u00e8re face \u00e0 l\u2019horreur. Il sera interpell\u00e9 peu de temps apr\u00e8s dans un train en direction de Vintimille. Une trag\u00e9die survenue apr\u00e8s une relation de huit ans marqu\u00e9e par les disputes et la violence.<\/p>\n<p>Un drame sur fond d\u2019alcool et de coca\u00efne<\/p>\n<p>En janvier 2022, Johanna demande le divorce. Le 14 f\u00e9vrier de cette m\u00eame ann\u00e9e, Said Boutaleb, alors install\u00e9 \u00e0 Nancy, revient \u00e0 Nice pr\u00e9textant vouloir voir ses enfants. L\u2019ambiance est tendue dans le petit salon qu\u2019ils partagent: elle dort \u00e0 m\u00eame le sol sur un matelas, lui sur le canap\u00e9. Les altercations se multiplient. La veille du passage \u00e0 l\u2019acte, les deux consomment de l\u2019alcool, et Said Boutaleb sniffe une quantit\u00e9 importante de coca\u00efne. C\u2019est un \u00e9change t\u00e9l\u00e9phonique entre Johanna et un autre homme qui d\u00e9clenche la col\u00e8re de l\u2019accus\u00e9. Un homme d\u00e9crit par les experts psychiatre et psychologue comme \u00e9gocentrique, immature et incapable de g\u00e9rer la frustration et ses \u00e9motions. Il n\u2019a de cesse de rejeter la faute sur cette femme qu\u2019il consid\u00e8re comme \u00ab\u00a0une so\u00fblarde qui est insupportable lorsqu\u2019elle a bu\u00a0\u00bb, mais qui est aussi l\u2019amour de sa vie. L\u2019accus\u00e9 souffle le chaud et le froid. Deux jours avant le drame, Johanna a refus\u00e9 d\u2019avoir un rapport sexuel avec lui, il l\u2019a enferm\u00e9e dehors, elle a appel\u00e9 la police et d\u00e9pos\u00e9 plainte pour agression sexuelle. Said Boutaleb s\u2019est retrouv\u00e9 en garde \u00e0 vue. Son \u00e9pouse lui tient t\u00eate, lui \u00e9chappe, et \u00e7a, il ne le supporte pas.<\/p>\n<p>\u00ab\u00a0Je suis boucher, je connais bien\u00a0\u00bb<\/p>\n<p>Il est aux alentours de 6h du matin le jour du drame lorsqu\u2019il se saisit d\u2019une feuille de boucher et lui ass\u00e8ne trois coups violents \u00e0 la joue gauche. L\u2019expert en morpho analyse de traces de sang est formel: la victime \u00e9tait couch\u00e9e lorsque cela s\u2019est pass\u00e9. C\u2019\u00e9tait \u00ab\u00a0pour lui faire peur\u00a0\u00bb, \u00ab\u00a0pour lui faire mal\u00a0\u00bb, \u00ab\u00a0mais pas pour la tuer\u00a0\u00bb, jure-t-il lors de ses auditions. Sabine Neale, l\u2019avocat g\u00e9n\u00e9ral, lui rappelle d\u2019ailleurs ses propos tenus devant le juge d\u2019instruction: \u00ab\u00a0Je suis boucher, je connais bien (&#8230;). Avec \u00e7a, on tranche la t\u00eate des agneaux\u00a0\u00bb. Pour elle, l\u2019intention homicide ne fait pas un pli. Elle requiert trente ans de r\u00e9clusion criminelle, dont 20 ann\u00e9es incompressibles. Une \u00e9vidence? Pas forc\u00e9ment pour Me Philippe Armani \u00e0 la d\u00e9fense. Car pour le conseil de l\u2019accus\u00e9, \u00ab\u00a0si cette arme avait d\u00fb co\u00fbter la vie, elle aurait co\u00fbt\u00e9 la vie\u00a0\u00bb. Il tente de d\u00e9montrer que les coups de son client \u00e9taient \u00ab\u00a0mesur\u00e9s\u00a0\u00bb dans un espace \u00ab\u00a0o\u00f9 il n\u2019y a pas d\u2019organes vitaux\u00a0\u00bb. Il faudra faire sans Said Boutaleb pour fournir des r\u00e9ponses, puisque l\u2019accus\u00e9 \u00e2g\u00e9 de 40 ans dit n\u2019avoir aucun souvenir de ce passage \u00e0 l\u2019acte. Johanna non plus. Le traumatisme est tel qu\u2019elle n\u2019en a conserv\u00e9 aucun de cette nuit.<\/p>\n<p>\u00ab\u00a0Secr\u00e8te et discr\u00e8te, digne et pudique\u00a0\u00bb<\/p>\n<p>\u00c0 la barre, la victime est h\u00e9sitante, ses r\u00e9ponses sont \u00e9touff\u00e9es par la crainte. Sa m\u00e8re t\u00e9moigne: \u00ab\u00a0Elle redoute qu\u2019il se venge par l\u2019interm\u00e9diaire de quelqu\u2019un d\u2019autre\u00a0\u00bb. Elle sait de quoi il est capable. Plus d\u2019une dizaine de mains courantes ont \u00e9t\u00e9 d\u00e9pos\u00e9es et la police est intervenue \u00e0 plusieurs reprises \u00e0 l\u2019appartement familial. Un an avant les faits, Johanna a cru mourir sous les coups de l\u2019accus\u00e9 lors d\u2019un week-end en Italie. Said Boutaleb a aussi \u00e9t\u00e9 jug\u00e9 par la cour d\u2019assises pour cet \u00e9pisode d\u2019une extr\u00eame violence. \u00ab\u00a0Pourquoi n\u2019\u00eates-vous pas partie?\u00a0\u00bb, l\u2019interroge la pr\u00e9sidente Anne-Val\u00e9rie Lablanche. \u00ab\u00a0Parce que je voulais prot\u00e9ger mes enfants\u00a0\u00bb, r\u00e9pond Johanna. Elle entend par l\u00e0 qu\u2019ils ne soient pas s\u00e9par\u00e9s de leur p\u00e8re. \u00ab\u00a0Et vous dans tout \u00e7a?\u00a0\u00bb, relance la magistrate. Johanna fond en larmes. Une femme \u00ab\u00a0secr\u00e8te et discr\u00e8te, digne et pudique\u00a0\u00bb comme la dessine son avocate Me Pauline Rongier, qui n\u2019ose m\u00eame pas dire tout haut ce qu\u2019elle attend de ce proc\u00e8s. \u00c0 savoir, que l\u2019autorit\u00e9 parentale de Said Boutaleb lui soit retir\u00e9e et qu\u2019il \u00e9cope d\u2019une interdiction d\u00e9finitive du territoire fran\u00e7ais.<\/p>\n<p>Une d\u00e9cision in\u00e9dite \u00e0 la hauteur de la gravit\u00e9 des faits<\/p>\n<p>Les jur\u00e9s ont ressenti cette peur et r\u00e9pondu \u00e0 ses attentes. En plus de ces peines compl\u00e9mentaires, le quadrag\u00e9naire a \u00e9t\u00e9 condamn\u00e9 \u00e0 30 ans de r\u00e9clusion criminelle, assorti d\u2019une peine de s\u00fbret\u00e9 aux deux tiers. \u00c0 l\u2019annonce du verdict, il a d\u00e9clar\u00e9 vouloir faire appel, traitant tout bas la cour de \u00ab\u00a0raciste\u00a0\u00bb avant d\u2019\u00eatre escort\u00e9 hors de la salle. \u00ab\u00a0Une condamnation comme celle-ci pour une tentative d\u2019homicide sur conjoint, c\u2019est du jamais vu\u00a0\u00bb, souligne Sylvaine Gr\u00e9vin (1), pr\u00e9sidente fondatrice de la F\u00e9d\u00e9ration nationale des victimes de f\u00e9minicides (FNVF).<\/p>\n<p>1. Entendue comme t\u00e9moin au deuxi\u00e8me jour du proc\u00e8s, Sylvaine Gr\u00e9vin a accompagn\u00e9 Johanna \u00e0 sa sortie de l\u2019h\u00f4pital.<\/p>\n","protected":false},"excerpt":{"rendered":"Les photos des blessures de Johanna font froid dans le dos. Une plaie b\u00e9ante de 15 centim\u00e8tres s\u2019\u00e9tend&hellip;\n","protected":false},"author":2,"featured_media":207557,"comment_status":"","ping_status":"","sticky":false,"template":"","format":"standard","meta":{"footnotes":""},"categories":[2819],"tags":[1111,11,1777,674,1011,27,303,12,2401,882,25],"class_list":{"0":"post-207556","1":"post","2":"type-post","3":"status-publish","4":"format-standard","5":"has-post-thumbnail","7":"category-nice","8":"tag-actu","9":"tag-actualites","10":"tag-eu","11":"tag-europe","12":"tag-fr","13":"tag-france","14":"tag-justice","15":"tag-news","16":"tag-nice","17":"tag-provence-alpes-cote-dazur","18":"tag-republique-francaise"},"share_on_mastodon":{"url":"https:\/\/pubeurope.com\/@fr\/114753652956663902","error":""},"_links":{"self":[{"href":"https:\/\/www.europesays.com\/fr\/wp-json\/wp\/v2\/posts\/207556","targetHints":{"allow":["GET"]}}],"collection":[{"href":"https:\/\/www.europesays.com\/fr\/wp-json\/wp\/v2\/posts"}],"about":[{"href":"https:\/\/www.europesays.com\/fr\/wp-json\/wp\/v2\/types\/post"}],"author":[{"embeddable":true,"href":"https:\/\/www.europesays.com\/fr\/wp-json\/wp\/v2\/users\/2"}],"replies":[{"embeddable":true,"href":"https:\/\/www.europesays.com\/fr\/wp-json\/wp\/v2\/comments?post=207556"}],"version-history":[{"count":0,"href":"https:\/\/www.europesays.com\/fr\/wp-json\/wp\/v2\/posts\/207556\/revisions"}],"wp:featuredmedia":[{"embeddable":true,"href":"https:\/\/www.europesays.com\/fr\/wp-json\/wp\/v2\/media\/207557"}],"wp:attachment":[{"href":"https:\/\/www.europesays.com\/fr\/wp-json\/wp\/v2\/media?parent=207556"}],"wp:term":[{"taxonomy":"category","embeddable":true,"href":"https:\/\/www.europesays.com\/fr\/wp-json\/wp\/v2\/categories?post=207556"},{"taxonomy":"post_tag","embeddable":true,"href":"https:\/\/www.europesays.com\/fr\/wp-json\/wp\/v2\/tags?post=207556"}],"curies":[{"name":"wp","href":"https:\/\/api.w.org\/{rel}","templated":true}]}}