{"id":207558,"date":"2025-06-27T05:22:11","date_gmt":"2025-06-27T05:22:11","guid":{"rendered":"https:\/\/www.europesays.com\/fr\/207558\/"},"modified":"2025-06-27T05:22:11","modified_gmt":"2025-06-27T05:22:11","slug":"ca-faisait-peur-davoir-ca-pres-de-chez-nous-les-riverains-soulages-de-la-delocalisation-du-centre-de-retention-administrative-pour-les-etrangers-de-nice-a-grasse","status":"publish","type":"post","link":"https:\/\/www.europesays.com\/fr\/207558\/","title":{"rendered":"\u00ab\u00a0\u00c7a faisait peur d\u2019avoir \u00e7a pr\u00e8s de chez nous\u00a0\u00bb: les riverains soulag\u00e9s de la d\u00e9localisation du centre de r\u00e9tention administrative pour les \u00e9trangers de Nice \u00e0 Grasse"},"content":{"rendered":"<p>Le centre de r\u00e9tention administrative (CRA) pourrait d\u00e9finitivement quitter le quartier Saint-Roch\/Vauban \u00e0 Nice. C\u2019est pourtant l\u00e0 que les gouvernements pr\u00e9c\u00e9dents envisageaient de l\u2019agrandir. Sur site, au sein de la caserne Auvare. De 40 places, il \u00e9tait envisag\u00e9 d\u2019en cr\u00e9er 100 de plus.<\/p>\n<p>Un transfert et un agrandissement \u00e0 Grasse<\/p>\n<p>Mais Bruno Retailleau semble avoir siffl\u00e9 la fin de partie. Dans un courrier de r\u00e9ponse adress\u00e9 au d\u00e9put\u00e9 UDR \u00c9ric Ciotti, le ministre de l\u2019int\u00e9rieur r\u00e9v\u00e8le que la piste d\u2019une d\u00e9localisation du CRA <a href=\"https:\/\/www.nicematin.com\/securite\/le-centre-de-retention-administrative-pourrait-quitter-nice-pour-etre-agrandi-et-implante-a-grasse-991671\" rel=\"nofollow noopener\" target=\"_blank\">est \u00e0 l\u2019\u00e9tude \u00e0 Grasse<\/a>, \u00e0 proximit\u00e9 du site de la maison d\u2019arr\u00eat (notre \u00e9dition d\u2019hier). \u00ab\u00a0Je resterai pleinement mobilis\u00e9 jusqu\u2019\u00e0 la concr\u00e9tisation de ce projet\u00a0\u00bb, a ass\u00e9n\u00e9 le candidat putatif \u00e0 la mairie de Nice.<\/p>\n<p>Un centre de r\u00e9tention pour \u00e9trangers implant\u00e9 en plein c\u0153ur de la ville \u00ab\u00a0est une aberration \u00e0 la fois s\u00e9curitaire et urbanistique\u00a0\u00bb, n\u2019a cess\u00e9 de d\u00e9noncer l\u2019alli\u00e9 du Rassemblement national. \u00ab\u00a0Son extension aurait \u00e9t\u00e9 un non-sens absolu. D\u00e8s l\u2019origine, je m\u2019y suis oppos\u00e9 avec la plus grande fermet\u00e9\u00a0\u00bb, dit encore \u00c9ric Ciotti. Qui se f\u00e9licite du possible d\u00e9m\u00e9nagement au sein de l\u2019autre capitale judiciaire du d\u00e9partement: \u00ab\u00a0C\u2019est une d\u00e9cision de bon sens, pour laquelle je milite depuis longtemps: soulager les riverains [d\u2019Auvare] et adapter nos moyens de r\u00e9tention \u00e0 l\u2019ampleur des enjeux\u00a0\u00bb.<\/p>\n<p>Aucun dossier instruit pour un local temporaire<\/p>\n<p>Le centre de r\u00e9tention ni\u00e7ois est le seul du d\u00e9partement, constamment surcharg\u00e9 et v\u00e9tuste. Les CRA servent \u00e0 \u00ab\u00a0retenir\u00a0\u00bb, par privation de libert\u00e9, les personnes \u00e9trang\u00e8res, sous le coup d\u2019une OQTF, une obligation de quitter le territoire fran\u00e7ais.<\/p>\n<p>Tellement surcharg\u00e9 que la Ville de Nice avait envisag\u00e9 de mettre \u00e0 disposition un local municipal afin de cr\u00e9er un CRA temporaire. Trois lieux \u00e9taient identifi\u00e9s, \u00e0 proximit\u00e9 du lieu actuel. Mais, \u00ab\u00a0aucun dossier d\u2019installation de LRA n\u2019est instruit par les services de la pr\u00e9fecture des Alpes-Maritimes\u00a0\u00bb, a confi\u00e9 Bruno Retailleau dans son courrier \u00e0 \u00c9ric Ciotti.<\/p>\n<p>\u00ab\u00a0Un parc\u00a0\u00bb, \u00ab\u00a0un groupe scolaire\u00a0\u00bb, mais pas un complexe sportif<\/p>\n<p>Dans le quartier Vauban, les habitants poussent un ouf de soulagement. Alors que le ministre de l\u2019Int\u00e9rieur de l\u2019\u00e9poque, G\u00e9rald Darmanin, laissait entendre que la piste d\u2019un agrandissement et d\u2019un maintien sur place \u00e9tait l\u2019option privil\u00e9gi\u00e9e, ils avaient fait circuler une p\u00e9tition fin 2023. \u00ab\u00a0On l\u2019a fait parvenir avec les 2.500 signatures \u00e0 l\u2019ancien pr\u00e9fet, on n\u2019a jamais eu de r\u00e9ponse!\u00a0\u00bb, grogne Chantal Giordan, qui r\u00e9side non loin du CRA. \u00ab\u00a0On se r\u00e9jouit de l\u2019annonce de M. Retailleau\u00a0\u00bb, pr\u00e9cise la septuag\u00e9naire qui administre la page Facebook \u00ab\u00a0Tu sais que tu viens de Saint-Roch\u00a0\u00bb.<\/p>\n<p>\u00ab\u00a0Maintenant, on veut se battre pour qu\u2019\u00e0 la place de la caserne Auvare et du CRA il y ait un groupe scolaire et pas un complexe sportif comme l\u2019a annonc\u00e9 Christian Estrosi\u00a0\u00bb, ajoute-t-elle. L\u2019ensemble des services de police abrit\u00e9 \u00e0 Auvare vont d\u00e9m\u00e9nager au super-commissariat qui va ouvrir ses portes, normalement \u00e0 la fin de l\u2019ann\u00e9e ou au d\u00e9but 2026, au sein de l\u2019ex-h\u00f4pital Saint-Roch, enti\u00e8rement r\u00e9am\u00e9nag\u00e9 pour accueillir les forces de police nationale et municipale.<\/p>\n<p>Pierre Donat dont l\u2019appartement donne sur le centre de r\u00e9tention abonde: \u00ab\u00a0\u00e7a faisait peur d\u2019avoir \u00e7a pr\u00e8s de chez nous, il y a eu des \u00e9vasions. On est contents de se d\u00e9barrasser du CRA et du commissariat qui draine souvent une mauvaise population\u00a0\u00bb.<\/p>\n<p>Le grand centre omnisports &#8211; baskets, hand, volley, boxe, danse, badminton &#8211; \u00e0 l\u2019\u00e9tude par la Ville (1) sur l\u2019emprise de plusieurs hectares qu\u2019elle veut acqu\u00e9rir n\u2019a pas non plus son assentiment. \u00ab\u00a0\u00c7a va faire du bruit, du mouvement de voitures. Et il n\u2019y a pas assez de stationnements dans le quartier\u00a0\u00bb, r\u00e2le le retrait\u00e9. Qui plaide, lui, pour un \u00ab\u00a0parc avec des bancs\u00a0\u00bb.<\/p>\n<p>1. Une consultation est ouverte sur la plateforme en ligne Jeparticipe.fr \u00ab\u00a0Et si la caserne Auvare devenait une grande salle omnisports?\u00a0\u00bb<\/p>\n","protected":false},"excerpt":{"rendered":"Le centre de r\u00e9tention administrative (CRA) pourrait d\u00e9finitivement quitter le quartier Saint-Roch\/Vauban \u00e0 Nice. C\u2019est pourtant l\u00e0 que&hellip;\n","protected":false},"author":2,"featured_media":207559,"comment_status":"","ping_status":"","sticky":false,"template":"","format":"standard","meta":{"footnotes":""},"categories":[2819],"tags":[1111,11,1777,674,1011,27,12,2401,316,882,25,656],"class_list":{"0":"post-207558","1":"post","2":"type-post","3":"status-publish","4":"format-standard","5":"has-post-thumbnail","7":"category-nice","8":"tag-actu","9":"tag-actualites","10":"tag-eu","11":"tag-europe","12":"tag-fr","13":"tag-france","14":"tag-news","15":"tag-nice","16":"tag-politique","17":"tag-provence-alpes-cote-dazur","18":"tag-republique-francaise","19":"tag-securite"},"share_on_mastodon":{"url":"https:\/\/pubeurope.com\/@fr\/114753656831679990","error":""},"_links":{"self":[{"href":"https:\/\/www.europesays.com\/fr\/wp-json\/wp\/v2\/posts\/207558","targetHints":{"allow":["GET"]}}],"collection":[{"href":"https:\/\/www.europesays.com\/fr\/wp-json\/wp\/v2\/posts"}],"about":[{"href":"https:\/\/www.europesays.com\/fr\/wp-json\/wp\/v2\/types\/post"}],"author":[{"embeddable":true,"href":"https:\/\/www.europesays.com\/fr\/wp-json\/wp\/v2\/users\/2"}],"replies":[{"embeddable":true,"href":"https:\/\/www.europesays.com\/fr\/wp-json\/wp\/v2\/comments?post=207558"}],"version-history":[{"count":0,"href":"https:\/\/www.europesays.com\/fr\/wp-json\/wp\/v2\/posts\/207558\/revisions"}],"wp:featuredmedia":[{"embeddable":true,"href":"https:\/\/www.europesays.com\/fr\/wp-json\/wp\/v2\/media\/207559"}],"wp:attachment":[{"href":"https:\/\/www.europesays.com\/fr\/wp-json\/wp\/v2\/media?parent=207558"}],"wp:term":[{"taxonomy":"category","embeddable":true,"href":"https:\/\/www.europesays.com\/fr\/wp-json\/wp\/v2\/categories?post=207558"},{"taxonomy":"post_tag","embeddable":true,"href":"https:\/\/www.europesays.com\/fr\/wp-json\/wp\/v2\/tags?post=207558"}],"curies":[{"name":"wp","href":"https:\/\/api.w.org\/{rel}","templated":true}]}}