{"id":207562,"date":"2025-06-27T05:24:18","date_gmt":"2025-06-27T05:24:18","guid":{"rendered":"https:\/\/www.europesays.com\/fr\/207562\/"},"modified":"2025-06-27T05:24:18","modified_gmt":"2025-06-27T05:24:18","slug":"previsions-du-vendredi-27-juin-2025-4","status":"publish","type":"post","link":"https:\/\/www.europesays.com\/fr\/207562\/","title":{"rendered":"pr\u00e9visions du vendredi 27 juin 2025"},"content":{"rendered":"<p>\u00c0 Nantes, les valeurs tourneront autour des 23\u00b0C au cours de la journ\u00e9e. La ville aura quelques \u00e9claircies le matin. On anticipe des temp\u00e9ratures d&rsquo;environ 24\u00b0C. Un l\u00e9ger vent de sud-ouest sera ressenti par les habitants. Le soleil sera au rendez-vous : un bel apr\u00e8s-midi se pr\u00e9sente ! Les temp\u00e9ratures vont conna\u00eetre une augmentation de quelques degr\u00e9s. Les valeurs seront de 27\u00b0C au minimum et de 29\u00b0C au plus haut. Un vent d&rsquo;ouest, enregistrant 21 km\/h, soufflera. Le soir, le thermom\u00e8tre affichera 24\u00b0C en moyenne. Un ciel brumeux est \u00e0 pr\u00e9voir dans la nuit reliant vendredi et samedi.<\/p>\n<p>C&rsquo;est un soleil \u00e9clatant qui va briller demain sur Nantes. Le temps va se r\u00e9chauffer avec une hausse de quelques degr\u00e9s. La ville va p\u00e2tir d&rsquo;importantes chaleurs avec des temp\u00e9ratures qui pourraient grimper \u00e0 35\u00b0C. Les valeurs seront comprises entre 16 et 35\u00b0C. Un vent de nord-ouest rafra\u00eechira l\u00e9g\u00e8rement l&rsquo;atmosph\u00e8re. La p\u00e9riode de fortes chaleurs est bien l\u00e0, avec des temp\u00e9ratures qui risqueront d&rsquo;aller jusqu&rsquo;\u00e0 31\u00b0C le matin. Les valeurs vont conna\u00eetre une augmentation de plusieurs degr\u00e9s lors de l&rsquo;apr\u00e8s-midi. Prenez garde \u00e0 la vague de chaleur. Des valeurs de 33 \u00e0 35\u00b0C sont pr\u00e9vues. Les temp\u00e9ratures maximales attendues demain soir sont \u00e9lev\u00e9es, avec 32\u00b0C.<\/p>\n<p>Peu de changements pour la suite. Il va faire un temps assez ensoleill\u00e9 avec des temp\u00e9ratures autour de 38\u00b0C.<\/p>\n<p><\/p>\n","protected":false},"excerpt":{"rendered":"\u00c0 Nantes, les valeurs tourneront autour des 23\u00b0C au cours de la journ\u00e9e. La ville aura quelques \u00e9claircies&hellip;\n","protected":false},"author":2,"featured_media":207563,"comment_status":"","ping_status":"","sticky":false,"template":"","format":"standard","meta":{"footnotes":""},"categories":[2818],"tags":[1111,11,1777,674,1011,27,3047,766,12,2636,2119,25],"class_list":{"0":"post-207562","1":"post","2":"type-post","3":"status-publish","4":"format-standard","5":"has-post-thumbnail","7":"category-nantes","8":"tag-actu","9":"tag-actualites","10":"tag-eu","11":"tag-europe","12":"tag-fr","13":"tag-france","14":"tag-loire-atlantique","15":"tag-nantes","16":"tag-news","17":"tag-pays-de-la-loire","18":"tag-previsions-meteo","19":"tag-republique-francaise"},"share_on_mastodon":{"url":"https:\/\/pubeurope.com\/@fr\/114753664721575449","error":""},"_links":{"self":[{"href":"https:\/\/www.europesays.com\/fr\/wp-json\/wp\/v2\/posts\/207562","targetHints":{"allow":["GET"]}}],"collection":[{"href":"https:\/\/www.europesays.com\/fr\/wp-json\/wp\/v2\/posts"}],"about":[{"href":"https:\/\/www.europesays.com\/fr\/wp-json\/wp\/v2\/types\/post"}],"author":[{"embeddable":true,"href":"https:\/\/www.europesays.com\/fr\/wp-json\/wp\/v2\/users\/2"}],"replies":[{"embeddable":true,"href":"https:\/\/www.europesays.com\/fr\/wp-json\/wp\/v2\/comments?post=207562"}],"version-history":[{"count":0,"href":"https:\/\/www.europesays.com\/fr\/wp-json\/wp\/v2\/posts\/207562\/revisions"}],"wp:featuredmedia":[{"embeddable":true,"href":"https:\/\/www.europesays.com\/fr\/wp-json\/wp\/v2\/media\/207563"}],"wp:attachment":[{"href":"https:\/\/www.europesays.com\/fr\/wp-json\/wp\/v2\/media?parent=207562"}],"wp:term":[{"taxonomy":"category","embeddable":true,"href":"https:\/\/www.europesays.com\/fr\/wp-json\/wp\/v2\/categories?post=207562"},{"taxonomy":"post_tag","embeddable":true,"href":"https:\/\/www.europesays.com\/fr\/wp-json\/wp\/v2\/tags?post=207562"}],"curies":[{"name":"wp","href":"https:\/\/api.w.org\/{rel}","templated":true}]}}