{"id":207576,"date":"2025-06-27T05:31:10","date_gmt":"2025-06-27T05:31:10","guid":{"rendered":"https:\/\/www.europesays.com\/fr\/207576\/"},"modified":"2025-06-27T05:31:10","modified_gmt":"2025-06-27T05:31:10","slug":"une-marche-contre-la-repression","status":"publish","type":"post","link":"https:\/\/www.europesays.com\/fr\/207576\/","title":{"rendered":"une marche contre la r\u00e9pression"},"content":{"rendered":"<p>\u00ab\u00a0Salle de consommation \u00e0 Marseille\u00a0: \u00e0 jamais les derniers.\u00a0\u00bb C\u2019est le constat dress\u00e9 par les associations locales qui accompagnent les <a href=\"https:\/\/www.laprovence.com\/article\/region\/11370098451339\/le-secteur-de-la-porte-d-aix-toujours-prise-par-des-consommateurs-de-drogues-a-marseille\" target=\"_blank\" rel=\"nofollow noopener\">usagers de drogues<\/a> et militent pour l\u2019implantation d\u2019une Halte soins addictions (HSA) dans le centre-ville. Le projet de salle de consommation, au 110, boulevard de la Lib\u00e9ration (4e) a <a href=\"https:\/\/www.laprovence.com\/article\/region\/1471120402427216\/info-la-provence-marseille-la-salle-de-shoot-ne-se-fera-pas-au-110-boulevard-de-la-liberation\" target=\"_blank\" rel=\"nofollow noopener\">capot\u00e9 en janvier\u00a02024<\/a> apr\u00e8s un veto de l\u2019<a href=\"https:\/\/www.laprovence.com\/article\/region\/2423348897865815\/salle-de-shoot-medecins-du-monde-attaque-l-etat-pour-reclamer-l-ouverture-d-une-halte-soins-addictions-a-marseille\" target=\"_blank\" rel=\"nofollow noopener\">\u00c9tat<\/a>, et pourrait ne jamais voir le jour avec la fin de l\u2019exp\u00e9rimentation autoris\u00e9e jusqu\u2019en d\u00e9cembre. Inscrite en \u00e9norme sur une banderole, la formule est aussi celle qui a ouvert le cort\u00e8ge d\u2019une centaine de militants, du parc Longchamp (4e) \u00e0 l\u2019h\u00f4tel de ville (1er) pour la journ\u00e9e internationale d\u2019action \u00ab\u00a0Support don\u2019t punish\u00a0\u00bb.<\/p>\n<p>Dans le monde entier, et jusqu\u2019\u00e0 Marseille, les <a href=\"https:\/\/www.laprovence.com\/article\/region\/2728972851047515\/salle-de-shoot-a-marseille-les-militants-pour-son-ouverture-reclament-des-reponses-de-letat\" target=\"_blank\" rel=\"nofollow noopener\">collectifs de pr\u00e9ventions<\/a> r\u00e9clament la fin de la \u00ab\u00a0politique r\u00e9pressive\u00a0\u00bb contre les <a href=\"https:\/\/www.laprovence.com\/article\/region\/12525794639048\/consommation-de-drogues-a-belsunce-on-craint-un-ete-tres-complique\" target=\"_blank\" rel=\"nofollow noopener\">consommateurs<\/a>. \u00ab\u00a0La prison, la r\u00e9pression n\u2019arr\u00eate pas les addictions, mart\u00e8le Caroline, qui faisait partie du groupe de pilotage pour la HSA. Une approche bas\u00e9e sur la sant\u00e9 publique, pour garantir la dignit\u00e9 des usagers, et assurer la tranquillit\u00e9 des riverains des quartiers o\u00f9 la consommation est forte, est la seule alternative possible.\u00a0\u00bb<\/p>\n<p>Arriv\u00e9s au niveau du 110 sur le boulevard de la Lib\u00e9ration, qui h\u00e9berge un centre de formation de la Ville et la <a href=\"https:\/\/www.laprovence.com\/article\/elections\/1067761724362615\/marseille-confidentiels-la-ville-inaugure-la-cite-des-transitions-la-ou-le-projet-de-salle-de-shoot-a-capote\" target=\"_blank\" rel=\"nofollow noopener\">Cit\u00e9 des transitions<\/a>, les militants s\u2019installent pour une minute de silence et au sol sur le goudron pour un <a href=\"https:\/\/www.laprovence.com\/article\/region\/64826532019432\/marseille-les-soutiens-de-la-salle-de-shoot-sur-le-vieux-port-pour-interpeller-les-elus-pendant-le-conseil-municipal\" target=\"_blank\" rel=\"nofollow noopener\">Die-in<\/a> en m\u00e9moire des victimes d\u2019overdose. \u00ab\u00a0Ce lieu symbolise l\u2019\u00e9chec des politiques locales et nationales en mati\u00e8re de r\u00e9duction des risques\u00a0\u00bb, regrette Marie Dos Santos, chercheuse en sociologie de la sant\u00e9 au laboratoire Sesstim de l\u2019Inserm. Et ajoute\u00a0: \u00ab\u00a0combien faudra-t-il encore de drames pour avoir une r\u00e9action \u00e0 la hauteur des enjeux\u00a0?\u00a0\u00bb<\/p>\n","protected":false},"excerpt":{"rendered":"\u00ab\u00a0Salle de consommation \u00e0 Marseille\u00a0: \u00e0 jamais les derniers.\u00a0\u00bb C\u2019est le constat dress\u00e9 par les associations locales qui&hellip;\n","protected":false},"author":2,"featured_media":207577,"comment_status":"","ping_status":"","sticky":false,"template":"","format":"standard","meta":{"footnotes":""},"categories":[2814],"tags":[17,1111,11,130,1444,3992,1777,674,1011,27,2089,884,12,882,17047,25,104,96],"class_list":{"0":"post-207576","1":"post","2":"type-post","3":"status-publish","4":"format-standard","5":"has-post-thumbnail","7":"category-marseille","8":"tag-17","9":"tag-actu","10":"tag-actualites","11":"tag-consommation","12":"tag-contre","13":"tag-drogues","14":"tag-eu","15":"tag-europe","16":"tag-fr","17":"tag-france","18":"tag-marche","19":"tag-marseille","20":"tag-news","21":"tag-provence-alpes-cote-dazur","22":"tag-repression","23":"tag-republique-francaise","24":"tag-societe","25":"tag-une"},"share_on_mastodon":{"url":"https:\/\/pubeurope.com\/@fr\/114753692232134191","error":""},"_links":{"self":[{"href":"https:\/\/www.europesays.com\/fr\/wp-json\/wp\/v2\/posts\/207576","targetHints":{"allow":["GET"]}}],"collection":[{"href":"https:\/\/www.europesays.com\/fr\/wp-json\/wp\/v2\/posts"}],"about":[{"href":"https:\/\/www.europesays.com\/fr\/wp-json\/wp\/v2\/types\/post"}],"author":[{"embeddable":true,"href":"https:\/\/www.europesays.com\/fr\/wp-json\/wp\/v2\/users\/2"}],"replies":[{"embeddable":true,"href":"https:\/\/www.europesays.com\/fr\/wp-json\/wp\/v2\/comments?post=207576"}],"version-history":[{"count":0,"href":"https:\/\/www.europesays.com\/fr\/wp-json\/wp\/v2\/posts\/207576\/revisions"}],"wp:featuredmedia":[{"embeddable":true,"href":"https:\/\/www.europesays.com\/fr\/wp-json\/wp\/v2\/media\/207577"}],"wp:attachment":[{"href":"https:\/\/www.europesays.com\/fr\/wp-json\/wp\/v2\/media?parent=207576"}],"wp:term":[{"taxonomy":"category","embeddable":true,"href":"https:\/\/www.europesays.com\/fr\/wp-json\/wp\/v2\/categories?post=207576"},{"taxonomy":"post_tag","embeddable":true,"href":"https:\/\/www.europesays.com\/fr\/wp-json\/wp\/v2\/tags?post=207576"}],"curies":[{"name":"wp","href":"https:\/\/api.w.org\/{rel}","templated":true}]}}