{"id":207588,"date":"2025-06-27T05:48:11","date_gmt":"2025-06-27T05:48:11","guid":{"rendered":"https:\/\/www.europesays.com\/fr\/207588\/"},"modified":"2025-06-27T05:48:11","modified_gmt":"2025-06-27T05:48:11","slug":"interview-primaire-du-ps-a-paris-emmanuel-gregoire-deja-focalise-sur-la-seule-bataille-qui-compte-face-a-rachida-dati","status":"publish","type":"post","link":"https:\/\/www.europesays.com\/fr\/207588\/","title":{"rendered":"Interview. Primaire du PS \u00e0 Paris. Emmanuel Gr\u00e9goire d\u00e9j\u00e0 focalis\u00e9 sur la \u00ab\u00a0seule bataille qui compte\u00a0\u00bb face \u00e0 Rachida Dati"},"content":{"rendered":"<p>            Par<br \/>\n        <strong><br \/>\n            <a href=\"https:\/\/actu.fr\/auteur\/augustin-delaporte\" title=\"Consulter tous les articles de Augustin Delaporte\" target=\"_blank\" rel=\"noopener\">Augustin Delaporte<\/a><br \/>\n        <\/strong><\/p>\n<p>        Publi\u00e9 le<\/p>\n<p>            27 juin 2025 \u00e0 7h34        <\/p>\n<p>C\u2019\u00e9tait le successeur naturel, le grandissime et unique favori de la <strong>primaire du PS<\/strong> pour les <a href=\"https:\/\/actu.fr\/tag\/municipales-2026\" target=\"_blank\" rel=\"noopener\">Municipales 2026<\/a>. Premier adjoint de la maire de Paris entre 2018 et 2024, apr\u00e8s avoir \u00e9t\u00e9 successivement charg\u00e9, en tant qu\u2019adjoint, des ressources humaines, des services publics, de la modernisation de l\u2019administration, du budget et de la transformation des politiques publiques entre 2014 et 2018, <a href=\"https:\/\/actu.fr\/tag\/emmanuel-gregoire\" target=\"_blank\" rel=\"noopener\">Emmanuel Gr\u00e9goire<\/a> \u00e9tait, selon <a href=\"https:\/\/actu.fr\/tag\/anne-hidalgo\" target=\"_blank\" rel=\"noopener\">Anne Hidalgo<\/a>, en 2020, le \u00ab\u00a0candidat parfait\u00a0\u00bb pour lui succ\u00e9der. Mais depuis la <a href=\"https:\/\/actu.fr\/politique\/election-presidentielle\" target=\"_blank\" rel=\"noopener\">pr\u00e9sidentielle de 2022<\/a>, la tableau a radicalement chang\u00e9. <br \/>Au point que la maire sortante a r\u00e9v\u00e9l\u00e9, dans un entretien au Monde, datant du 26 novembre dernier, qu\u2019elle appuierait finalement <a href=\"https:\/\/actu.fr\/ile-de-france\/paris_75056\/municipales-2026-remi-feraud-candidat-a-la-primaire-du-ps-a-paris-je-suis-le-mieux-place-pour-rassembler_62801783.html\" target=\"_blank\" rel=\"noopener\">la candidature du s\u00e9nateur R\u00e9mi F\u00e9raud<\/a>. Pire, celle-ci a creus\u00e9 le foss\u00e9 qui les s\u00e9pare en d\u00e9clarant, le 13 mars, \u00e0 Public S\u00e9nat, qu\u2019elle ne soutiendrait pas l\u2019ancien chef de cabinet du Premier ministre Jean-Marc Ayrault, <a href=\"https:\/\/actu.fr\/ile-de-france\/paris_75056\/ca-nous-fera-perdre-anne-hidalgo-refuse-de-soutenir-emmanuel-gregoire-s-il-gagne-la-primaire-socialiste_62369034.html\" target=\"_blank\" rel=\"noopener\">m\u00eame s\u2019il venait \u00e0 remporter les \u00e9lections internes<\/a>. Celui-ci assure \u00e0 actu Paris ne pas y \u00ab\u00a0croire une seule minute\u00a0\u00bb et assume son statut, quitte \u00e0 parfois donner l\u2019impression que la primaire est remport\u00e9e d\u2019avance.\u00a0\u00a0<\/p>\n<p class=\" wall-content\"><strong>actu Paris : En septembre 2020, dans Paris Match, la maire dit : \u201cEmmanuel Gr\u00e9goire serait un candidat parfait pour me succ\u00e9der\u201d. Aujourd\u2019hui, elle affirme qu\u2019elle ne vous soutiendra pas si vous remportez la primaire, que s\u2019est-il pass\u00e9 ?<\/strong><\/p>\n<p class=\" wall-content\"><strong> Emmanuel Gr\u00e9goire :<\/strong> J\u2019ai travaill\u00e9 avec elle avec un immense plaisir. Elle m\u2019a accompagn\u00e9 dans cette aventure pendant des ann\u00e9es. Elle a chang\u00e9 d\u2019avis. Dont acte. Je suis un candidat libre, peut-\u00eatre n\u2019a-t-elle pas go\u00fbt\u00e9 ma libert\u00e9 ? C\u2019est comme \u00e7a.<\/p>\n<p class=\" wall-content\"><strong>actu Paris : Vous avez dit que vos diff\u00e9rences avec Anne Hidalgo avaient longtemps \u00e9t\u00e9 une force, pouvez-vous d\u00e9velopper ce point.<\/strong><\/p>\n<p class=\" wall-content\"><strong>E.G :<\/strong> C\u2019\u00e9tait la maire, elle impulsait la vision, les strat\u00e9gies, les grands enjeux. Moi, je m\u2019occupais de la mise en \u0153uvre. Notre duo a, je crois, tr\u00e8s bien fonctionn\u00e9 pendant de tr\u00e8s longues ann\u00e9es. On est diff\u00e9rent, nous n\u2019avons pas les m\u00eames caract\u00e8res et je pense que je lui \u00e9tait utile. Pendant longtemps, elle m\u2019a demand\u00e9 mon avis et j\u2019ai le sentiment qu\u2019il lui importait. Le jour o\u00f9 \u00e7a n\u2019est plus le cas, c\u2019est l\u00e0 que \u00e7a commence \u00e0 ne plus fonctionner.<\/p>\n<blockquote class=\"ac-article-quote wall-content\">\n<p>Elle m&rsquo;a pr\u00e9par\u00e9 \u00e0 la rudesse du combat qui m&rsquo;attend face \u00e0 Rachida Dati<\/p>\n<p>    <strong\/>\n            <\/p><\/blockquote>\n<p class=\" wall-content\"><strong>actu Paris : C\u2019est un revirement qui peut \u00eatre confusant pour l\u2019\u00e9lectorat.\u00a0<\/strong><\/p>\n<p class=\" wall-content\"><strong>E.G :<\/strong> \u00c7a n\u2019est pas la premi\u00e8re fois qu\u2019Anne se f\u00e2che avec des gens. Le cas typique c\u2019est avec <a href=\"https:\/\/actu.fr\/ile-de-france\/paris_75056\/municipales-a-paris-chez-les-socialistes-bertrand-delanoe-a-fait-son-choix-et-ca-ne-plaira-a-anne-hidalgo_62410547.html\" target=\"_blank\" rel=\"noopener\">Bertrand Delano\u00eb<\/a>. Mon histoire avec Anne ressemble \u00e0 celle d\u2019Anne et Bertrand. Ils s\u2019entendent bien et un jour \u00e7a s\u2019arr\u00eate. Le pourquoi du comment, c\u2019est difficile, en r\u00e9alit\u00e9, \u00e0 d\u00e9terminer. Disons que je ne suis pas une exception.<\/p>\n<p class=\" wall-content\"><strong>actu Paris : Celui-ci tombe mal.<\/strong><\/p>\n<p class=\" wall-content\"><strong>E.G :<\/strong> Je ne crois pas que \u00e7a soit un risque. D\u2019abord, parce que c\u2019est une nouvelle \u00e9lection, une page qui se tourne. Je pense que les Parisiennes et les Parisiens ne sont pas insensibles \u00e0 l\u2019id\u00e9e que, ce qui pr\u00e9tendent \u00e0 la fonction d\u00e9montrent leur capacit\u00e9 \u00e0 r\u00e9sister dans l\u2019adversit\u00e9, leur libert\u00e9 et, d\u2019une certaine mani\u00e8re, Anne m\u2019a beaucoup aid\u00e9 \u00e0 cela (sourire).<\/p>\n<p class=\" wall-content\"><strong>actu Paris : C\u2019est \u00e0 dire ?<\/strong><\/p>\n<p class=\" wall-content\"><strong>E.G :<\/strong> Elle m\u2019a propos\u00e9 l\u2019\u00e9preuve du feu. \u00c7a a \u00e9t\u00e9 rugueux la fa\u00e7on dont elle m\u2019a trait\u00e9 ces derniers mois, mais je consid\u00e8re que \u00e7a m\u2019a beaucoup form\u00e9. Elle m\u2019a notamment pr\u00e9par\u00e9 \u00e0 la rudesse du combat qui m\u2019attend face \u00e0 Rachida Dati. Elle m\u2019a rendu un grand service.\u00a0<\/p>\n<p class=\" wall-content\"><strong>actu Paris :<\/strong> <strong>Dans <a href=\"https:\/\/elabe.fr\/municipale-paris\/\" target=\"_blank\" rel=\"noopener\">un sondage r\u00e9alis\u00e9 par l\u2019institut Elabe<\/a> et publi\u00e9 le 21 juin, <a href=\"https:\/\/actu.fr\/ile-de-france\/paris_75056\/municipales-2026-a-paris-rachida-dati-en-pole-le-ps-menace-par-les-ecologistes-et-lfi-selon-un-sondage_62807523.html\" target=\"_blank\" rel=\"noopener\">Rachida Dati est largement en t\u00eate<\/a> au premier tour avec 28% \u00e0 34% des intentions de vote, tandis qu\u2019\u00e0 gauche David Belliard (EELV) vous d\u00e9passe et que LFI (Sophia Chikirou) vous talonne. Comment l\u2019analysez-vous ?<\/strong><\/p>\n<p class=\" wall-content\"><strong>E.G :<\/strong> Il est plut\u00f4t favorable \u00e0 la gauche ce sondage (avec un total d\u2019environ 50 %). Rachida Dati, on le sait, a une force dans sa capacit\u00e9 de rassemblement, mais avec l\u2019absence de r\u00e9serve pour un deuxi\u00e8me tour. Nous, la gauche, nous avons globalement des forces, mais nous avons une faiblesse : <strong>nous sommes encore tr\u00e8s fractur\u00e9<\/strong>.<\/p>\n<p class=\" wall-content\">L\u2019enjeu de la campagne sera de faire en sorte qu\u2019\u00e9merge un grand leadership, avec une \u00e9quation assez simple :\u00a0d\u00e9montrer que si on veut que Paris reste \u00e0 gauche, c\u2019est autour de ma candidature que \u00e7a se joue.<\/p>\n<blockquote class=\"ac-article-quote wall-content\">\n<p>Je suis le plus cr\u00e9dible<\/p>\n<p>    <strong\/>\n            <\/p><\/blockquote>\n<p class=\" wall-content\"><strong>actu Paris : Si vous ne remportez pas la primaire interne, vous rallierez le camp de R\u00e9mi F\u00e9raud ou de <a href=\"https:\/\/actu.fr\/ile-de-france\/paris_75056\/municipales-2026-marion-waller-benjamine-de-la-primaire-du-ps-a-paris-je-suis-la-plus-avant-gardiste_62767239.html\" target=\"_blank\" rel=\"noopener\">Marion Waller<\/a> ?<\/strong><\/p>\n<p class=\" wall-content\"><strong>E.G :<\/strong> \u00c9videmment que oui. Je suis fid\u00e8le \u00e0 ma famille, \u00e0 d\u2019o\u00f9 je viens, \u00e0 tous ceux \u00e0 qui je dois quelque chose. Si je gagne, je serais le garant du rassemblement et il n\u2019y aura personne exclu de ce rassemblement, ni liste noire, ni vindicte, ni vengeance. De la m\u00eame fa\u00e7on, si je perds, celui ou celle qui gagnera aura mon soutien absolu, sans ambigu\u00eft\u00e9 et imm\u00e9diatement.<\/p>\n<p class=\" wall-content\"><strong>actu Paris : Quel \u00e9tait, selon vous, l\u2019enjeu de cette primaire ?<\/strong><\/p>\n<p class=\" wall-content\"><strong>E.G :<\/strong> C\u2019\u00e9tait un enjeu de d\u00e9monstration, de cr\u00e9dibilit\u00e9, de pr\u00e9paration et de solidit\u00e9 m\u00e9diatique. On a \u00e9norm\u00e9ment travaill\u00e9 sur le projet mais, en r\u00e9alit\u00e9, on va tout mettre au pot commun le 30 juin. La question centrale est donc : quel est, parmi les trois candidats, celui qui est le mieux arm\u00e9 pour aller affronter la seule bataille qui compte, \u00e0 savoir celle contre Rachida Dati.<\/p>\n<p class=\" wall-content\">Je pense avoir des arguments tr\u00e8s solides \u00e0 faire valoir en terme d\u2019exp\u00e9rience, de cr\u00e9dibilit\u00e9, d\u2019habitude de confrontation avec Rachida Dati\u2026 Que ce soit dans mon pass\u00e9 de premier adjoint, ou depuis que je suis d\u00e9put\u00e9. <strong>Avec Rachida, on s\u2019entra\u00eene toutes les semaines<\/strong>. Le sondage de ce week-end a aussi montr\u00e9 \u00e7a, je suis identifi\u00e9 comme le mieux pr\u00e9par\u00e9 et le plus cr\u00e9dible pour mener cette bataille. Il faut que mes petits camarades en soient convaincus et votent en ce sens.<\/p>\n<p class=\" wall-content\"><strong>actu Paris : \u00c0 la question de savoir ce qui diff\u00e9rencie vos trois candidatures pour la primaire, Marion Waller nous a dit \u00eatre \u00ab\u00a0la plus progressiste\u00a0\u00bb, R\u00e9mi F\u00e9raud nous a r\u00e9pondu \u00eatre le \u00ab\u00a0plus \u00e0 m\u00eame de rassembler\u00a0\u00bb, notamment parce qu\u2019il est soutenu par la maire et les \u00e9lus d\u2019arrondissement. Et vous, quelle est votre singularit\u00e9, votre atout sur cette <\/strong><strong>primaire ?<\/strong><\/p>\n<p class=\" wall-content\"><strong>E.G :<\/strong> Je suis le plus cr\u00e9dible. \u00ab\u00a0Progressiste\u00a0\u00bb, je ne sais pas exactement ce que \u00e7a veut dire. J\u2019\u00e9viterais de rentrer dans une analyse du degr\u00e9 de progressisme des uns et des autres, je ne suis pas s\u00fbr que \u00e7a soit tr\u00e8s \u00e9clairant.<\/p>\n<p class=\" wall-content\">Quant \u00e0 la capacit\u00e9 de rassemblement, on peut faire du name dropping de soutiens, mais j\u2019ai des soutiens de toutes les sensibilit\u00e9s, \u00e0 la fois <strong>Jean-Marc Ayrault, Lionel Jospin,<\/strong> Bertrand Delano\u00eb\u2026 Du point de vue du grand public, celui qui a la plus grande capacit\u00e9 de rassemblement, c\u2019est moi. Pour une raison tr\u00e8s simple : R\u00e9mi, depuis l\u2019automne dernier, n\u2019a pas eu de soutien en plus.\u00a0<\/p>\n<p class=\" wall-content\">Ce qu\u2019il sous-entend, c\u2019est que l\u2019hostilit\u00e9 d\u2019Anne Hidalgo est un handicap pour moi. Que je le tra\u00eenerai apr\u00e8s le 30 juin. Je ne peux pas le croire une seule minute. D\u2019abord parce qu\u2019une page se tourne et ensuite parce qu\u2019<strong>Anne Hidalgo soutiendra le gagnant<\/strong>. On peut le faire avec plus ou moins de passion, mais elle soutiendra le ou la gagnante.<\/p>\n<p class=\" wall-content\"><a href=\"https:\/\/www.instagram.com\/p\/DLNhE6Kq4V6\/embed\" title=\"Ouvrir le lien sur Instagram\" target=\"_blank\" rel=\"noopener\">Visualiser le contenu sur Instagram<\/a><\/p>\n<p class=\" wall-content\"><strong>actu Paris : Pour l\u2019instant, elle dit le contraire.\u00a0<\/strong><\/p>\n<p class=\" wall-content\"><strong>E.G :<\/strong> Elle l\u2019a dit une fois, \u00e0 la radio. Elle sait tr\u00e8s bien que nous avons besoin de ce soutien comme elle a besoin du n\u00f4tre. La logique politique s\u2019imposera. En d\u00e9mocratie, on accepte le verdict, a fortiori quand c\u2019est celui indiqu\u00e9 par le c\u0153ur de notre appareil de militants et de soutiens. \u00c7a ne m\u2019inqui\u00e8te pas.<\/p>\n<p class=\" wall-content\"><strong>actu Paris : Si vous deviez en choisir qu\u2019un, quel chantier majeur ressortiriez-vous des deux mandats qui viennent de s\u2019\u00e9couler ?\u00a0<\/strong><\/p>\n<p class=\" wall-content\"><strong>E.G :<\/strong> Le plus symbolique de tous, c\u2019est sans doute les <a href=\"https:\/\/actu.fr\/tag\/jo-paris-2024\" target=\"_blank\" rel=\"noopener\">Jeux olympiques<\/a>. C\u2019est celui qui nous a tenu, qui a \u00e9t\u00e9 une ligne directrice extr\u00eamement forte pendant dix ans de mandat. Ces JO nous ont permis d\u2019<strong>acc\u00e9l\u00e9rer un certain nombre de dossiers<\/strong> de transformation qui auraient pris plus de temps s\u2019il n\u2019y avait pas eu ce levier spectaculaire.<\/p>\n<p class=\" wall-content\"><strong>actu Paris : D\u00e9sormais, quels sont les grands enjeux des prochaines ann\u00e9es ?<\/strong><\/p>\n<p class=\" wall-content\"><strong>E.G :<\/strong> Le premier, c\u2019est le <strong>d\u00e9fi du pouvoir d\u2019achat<\/strong> et la protection du mod\u00e8le social parisien, du contrat social parisien. Comment prot\u00e8ge-t-on Paris des errances du march\u00e9, de la sp\u00e9culation, du surtourisme ? C\u2019est vraiment un fil rouge, parce qu\u2019il p\u00e8se tous les jours, sur l\u2019acc\u00e8s au logement ou lorsque l\u2019on ach\u00e8te \u00e0 manger. Comment fait-on pour que cette ville reste un endroit dans lequel on permet \u00e0 chacun de s\u2019y \u00e9panouir.<\/p>\n<p class=\" wall-content\">Le deuxi\u00e8me enjeu fondamental, c\u2019est l\u2019enjeu climatique et environnemental, qui se place \u00e0 deux niveaux. Comment garde-t-on cette ville agr\u00e9able avec l\u2019urgence climatique ? Mais \u00e9galement, comment reste-t-on une capitale attractive et dynamique, avec une exigence environnementale la plus pouss\u00e9e possible ?<\/p>\n<p>    <img   decoding=\"async\" loading=\"lazy\" src=\"https:\/\/www.europesays.com\/fr\/wp-content\/uploads\/2025\/06\/img-1956-960x640.jpg\" alt=\"Emmanuel-Gr\u00e9goire-Municipales-Paris\" width=\"960\" height=\"640\"\/><br \/>\n    Le d\u00e9put\u00e9 Emmanuel Gr\u00e9goire, lundi 23 juin 2025, \u00e0 Paris (11e). (\u00a9AD \/ actu Paris)<\/p>\n<p class=\" wall-content\">Le troisi\u00e8me, enfin, c\u2019est la question du dynamisme \u00e9conomique de Paris. Pour que Paris reste \u00e0 la fois une grande capitale de l\u2019innovation, de la cr\u00e9ation de valeur, de la cr\u00e9ation d\u2019emplois, et qu\u2019elle ne soit pas confisqu\u00e9e par quelques-uns, qu\u2019il y ait un <strong>mod\u00e8le de d\u00e9veloppement \u00e9conomique partag\u00e9<\/strong>. C\u2019est une th\u00e9matique qui a trait \u00e0 toute la strat\u00e9gie d\u2019am\u00e9nagement urbain, \u00e0 la mobilit\u00e9, \u00e0 l\u2019am\u00e9nagement de l\u2019espace public, la v\u00e9g\u00e9talisation, la question de la d\u00e9fense des services publics, la question de la protection des plus fragiles, etc.<\/p>\n<blockquote class=\"ac-article-quote wall-content\">\n<p>Ma vision, c&rsquo;est celle d&rsquo;un Grand Paris polycentrique<\/p>\n<p>    <strong\/>\n            <\/p><\/blockquote>\n<p class=\" wall-content\"><strong>actu Paris : Quel regard portez-vous sur le d\u00e9ploiement du <a href=\"https:\/\/actu.fr\/tag\/grand-paris-express\" target=\"_blank\" rel=\"noopener\">Grand Paris Express<\/a>, qui va co\u00efncider avec le prochain mandat.<\/strong><\/p>\n<p class=\" wall-content\"><strong>E.G :<\/strong> Cela va \u00eatre une r\u00e9volution des mobilit\u00e9s au profit de la petite couronne et de la grande couronne, qui peut <strong>soulager Paris de ses d\u00e9placements pendulaires<\/strong>. Notamment pour les trajets de banlieue \u00e0 banlieue, aujourd\u2019hui sans autre vraie alternative \u00e0 la voiture et au p\u00e9riph\u00e9rique.<\/p>\n<p class=\" wall-content\"><strong>actu Paris : Cela conditionne votre projet pour Paris ?<\/strong><\/p>\n<p class=\" wall-content\"><strong>E.G :<\/strong> \u00c7a ne le conditionne pas, mais \u00e7a va \u00eatre un facteur \u00e9norme. Le Grand Paris Express, par d\u00e9finition, ne concerne pas Paris, car le seul tron\u00e7on qui concerne Paris c\u2019est la ligne 14 et elle est d\u00e9j\u00e0 prolong\u00e9e. C\u2019est <strong>un sujet de coh\u00e9rence m\u00e9tropolitaine<\/strong> qui va venir aider la petite et la grande couronne et, peut-\u00eatre, soulager un peu plus Paris des circulations automobiles contraintes.<\/p>\n<p class=\" wall-content\">C\u2019est un acte majeur de m\u00e9tropolisation du Grand Paris, qui doit aider \u00e0 sortir un peu de cette organisation m\u00e9tropolitaine en \u00e9toile, o\u00f9 tout part de Paris. Cela colle totalement \u00e0 ma vision du Grand Paris, qui est celle d\u2019<strong>un Grand Paris polycentrique<\/strong>, dans lequel Paris ne peut pas \u00eatre le seul point d\u2019attractivit\u00e9. On a besoin d\u2019en cr\u00e9er d\u2019autres. Cela soulagera la m\u00e9tropole de ses d\u00e9fauts structurels, \u00e0 savoir que tous les emplois sont concentr\u00e9s \u00e0 un endroit alors que l\u2019habitat provoque de l\u2019\u00e9talement urbain.<\/p>\n<p class=\" wall-content\"><strong>actu Paris : Marion Waller dit vouloir repenser la politique \u00e0 une autre \u00e9chelle, vous partagez sa vision ?<\/strong><\/p>\n<p class=\" wall-content\"><strong>E.G :<\/strong> Je dis exactement la m\u00eame chose, mais depuis beaucoup plus longtemps. C\u2019est pour \u00e7a que le mouvement s\u2019appelle Paris en Grand et je l\u2019ai cr\u00e9\u00e9 il y a trois ans. Je suis pr\u00e9sident de groupe \u00e0 la M\u00e9tropole du Grand Paris depuis tr\u00e8s longtemps, je porte la m\u00e9tropole, avec des propositions pr\u00e9cises sur comment faire, etc. Je consid\u00e8re que l\u2019acte 2 du Grand Paris doit \u00eatre engag\u00e9 lors du prochain mandat. C\u2019est un point commun chez Marion et moi, quasiment absent de chez R\u00e9mi, pour le coup.<\/p>\n<p class=\" wall-content\">En mati\u00e8re d\u2019urbanisme, de mobilit\u00e9s, d\u2019enseignement sup\u00e9rieur, de sant\u00e9\u2026 La bonne \u00e9chelle, \u00e7a n\u2019est pas Paris intra-muros, c\u2019est \u00e9videmment un spectre plus large. Pour le prochain mandat, il y a le sujet de la r\u00e9partition des comp\u00e9tences, d\u2019une simplification du millefeuille administratif et, peut \u00eatre, plus tard, du mode de scrutin. Comme je le dis dans mon programme,<strong> je plaide pour que nous travaillons \u00e0 la mise en place d\u2019un vrai maire du Grand Paris<\/strong> pour porter tout \u00e7a. Mais \u00e7a sera l\u2019aboutissement d\u2019un travail de co-construction avec les maires, les EPT (\u00e9tablissement public territorial), les d\u00e9partements, la r\u00e9gion, la m\u00e9tropole, la pr\u00e9fecture, etc.<\/p>\n<p class=\" wall-content\"><strong>actu Paris : Dans votre programme, vous \u00e9voquez \u00e9galement un acte 2 du v\u00e9lo. Pouvez-vous nous en dire davantage ?<\/strong><\/p>\n<p class=\" wall-content\"><strong>E.G :<\/strong> Le v\u00e9lo, c\u2019est une r\u00e9volution positive, qui a des \u00e9cueils comme toutes les r\u00e9volutions. C\u2019est vraiment une mobilit\u00e9 d\u2019avenir. Elle est \u00e9conome, sobre, propre et agile. C\u2019est \u00e0 dire qu\u2019elle peut \u00eatre partag\u00e9e, on peut avoir son propre v\u00e9lo\u2026<\/p>\n<p class=\" wall-content\">Nous devons continuer \u00e0 faire la promotion de ce mode de transport. En m\u00eame temps, avec cette r\u00e9volution, il y a des d\u00e9fauts qui vont avec : l\u2019acculturation aux r\u00e8gles \u00e9l\u00e9mentaires du respect. On doit travailler \u00e9norm\u00e9ment sur le volet humain de la pratique du v\u00e9lo. en rappelant les r\u00e8gles, en formant et en sanctionnant. J\u2019accompagnerais spectaculairement le d\u00e9veloppement du v\u00e9lo \u00e0 Paris, mais je serais aussi <strong>beaucoup plus s\u00e9v\u00e8re pour r\u00e9guler les m\u00e9susages<\/strong>.<\/p>\n<p class=\" wall-content\">Je rappelle enfin que l\u2019accidentologie en v\u00e9lo est nettement plus faible que celle de la voiture. Je ne crois pas qu\u2019on est recens\u00e9 une seule personne tu\u00e9e par un v\u00e9lo \u00e0 Paris ces cinq derni\u00e8res ann\u00e9es. Des accidents entre pi\u00e9tons et v\u00e9los, il peut y en avoir, c\u2019est tr\u00e8s d\u00e9sagr\u00e9able, mais \u00e7a ne tue pas. La voiture \u00e7a tue.<\/p>\n<blockquote class=\"ac-article-quote wall-content\">\n<p>Les Parisiens se sont enrichis en s&rsquo;endettant<\/p>\n<p>    <strong\/>\n            <\/p><\/blockquote>\n<p class=\" wall-content\"><strong>actu Paris : La dette de la Ville de Paris, c\u2019est un sujet ?<\/strong><\/p>\n<p class=\" wall-content\"><strong>E.G :<\/strong> Une collectivit\u00e9 territoriale ne peut pas s\u2019endetter \u2013 c\u2019est ill\u00e9gal \u2013 pour du fonctionnement, elle ne peut le faire que pour des investissements. Contrairement \u00e0 l\u2019\u00c9tat. Il faut donc que les Parisiens comprennent que les 9 milliards de dette, ils ont \u00e9t\u00e9 int\u00e9gralement consacr\u00e9 \u00e0 l\u2019am\u00e9nagement de l\u2019espace public et <strong>surtout \u00e0 l\u2019achat de la pierre<\/strong>. La dette ce sont tous les logements sociaux qu\u2019on a fait, les \u00e9quipements qu\u2019on a construit.<\/p>\n<p class=\" wall-content\">Donc, comme nous avons achet\u00e9 des choses avec, ou construit des choses, \u00e7a a une valeur et celle-ci est infiniment plus grande que 9 milliards. Les gens tr\u00e8s riches savent tr\u00e8s bien qu\u2019on peut s\u2019endetter et s\u2019enrichir en m\u00eame temps. Aujourd\u2019hui, la Cour des comptes estime le patrimoine de la ville \u00e0 plus de 20 milliards d\u2019euros. <strong>Les Parisiens se sont enrichis en s\u2019endettant<\/strong>. Le sujet c\u2019est plut\u00f4t : quelle strat\u00e9gie financi\u00e8re pour la suite ? La dette, quand on l\u2019augmente, il faut juste s\u2019assurer qu\u2019on est capable de la rembourser et de l\u2019honorer sur la dur\u00e9e. Sur le stock, il n\u2019y a aucun doute.<\/p>\n<p class=\" wall-content\">Apr\u00e8s, il y a encore un travail \u00e0 mener sur la strat\u00e9gie budg\u00e9taire. \u00c7a, il est encore un peu t\u00f4t pour le dire, parce que \u00e7a d\u00e9pend de plein de choses : du programme politique, de n\u00e9gociations, notamment avec l\u2019\u00c9tat, sur le projet loi de finances, etc. Donc moi je dis aux Parisiens : soyez tr\u00e8s rassur\u00e9s sur la sant\u00e9 financi\u00e8re de la ville, quant au plan d\u00e9mocratique, il faudra chiffrer le projet et pr\u00e9senter un financement. Cela interviendra sans doute \u00e0 la fin de l\u2019ann\u00e9e 2025, au moment de la campagne \u00e9lectorale.\u00a0 \u00a0<\/p>\n<blockquote class=\"ac-article-quote wall-content\">\n<p>Les tentes par centaines&#8230; Paris n&rsquo;acceptera pas \u00e7a<\/p>\n<p>    <strong\/>\n            <\/p><\/blockquote>\n<p class=\" wall-content\"><strong>actu Paris : Votre premi\u00e8re mesure, si vous \u00eates \u00e9lu maire, est celle d\u2019un plan d\u2019urgence pour les sans-abri. C\u2019est effectivement n\u00e9cessaire.\u00a0<\/strong><\/p>\n<p class=\" wall-content\"><strong>E.G :<\/strong> C\u2019est un sujet extr\u00eamement lourd. Ce sont souvent des histoires tr\u00e8s tristes, qui rappellent que personne n\u2019est \u00e0 l\u2019abri de basculer dans ces situations. Parce qu\u2019on n\u2019aurait pas eu la chance d\u2019\u00eatre \u00e9duqu\u00e9 dans des familles qui allaient bien, ou que l\u2019on tombe dans une addiction, ou encore \u00e0 cause d\u2019une s\u00e9paration qui nous plonge dans une pr\u00e9carit\u00e9 extr\u00eame.<\/p>\n<p class=\" wall-content\">Le caract\u00e8re insoutenable de \u00e7a, c\u2019est qu\u2019une fois que vous dormez dans la rue, la d\u00e9gradation est tr\u00e8s rapide et l\u2019effort n\u00e9cessaire pour en sortir, chaque jour, plus difficile. On ne peut pas se satisfaire d\u2019avoir des centaines de tentes dans les interstices du p\u00e9riph\u00e9rique, dans les sous-sols de la ville, etc. Je me refuse \u00e0 accepter une installation end\u00e9mique de la tr\u00e8s grande pr\u00e9carit\u00e9, ce que j\u2019appelle la diog\u00e9nisation de l\u2019espace public. \u00a0<\/p>\n<p class=\" wall-content\"><strong>actu Paris : Est-ce qu\u2019il y a, aujourd\u2019hui, vraiment des solutions pour la Ville de Paris ?<\/strong><\/p>\n<p class=\" wall-content\"><strong>E.G :<\/strong> Je le pense et j\u2019en proposerais. La mobilisation du foncier, des m\u00e8tres carr\u00e9s vides, y compris via un partenariat massif avec le secteur priv\u00e9, en est une. On ne peut pas se satisfaire de la situation. D\u2019un c\u00f4t\u00e9 la diog\u00e9nisation, parfois des tentes par centaines\u2026 Paris n\u2019acceptera pas \u00e7a.\u00a0<\/p>\n<p class=\" wall-content\"><strong>actu Paris : Comment ? J\u2019imagine que c\u2019\u00e9tait aussi une priorit\u00e9 lors des mandats pr\u00e9c\u00e9dents, non ?<\/strong><\/p>\n<p class=\" wall-content\"><strong>E.G :<\/strong> Oui, mais je vais vous dire : au sens l\u00e9gal, \u00e7a n\u2019est pas la comp\u00e9tence de la ville. C\u2019est celle de l\u2019\u00c9tat. L\u2019\u00c9tat ne fait rien et bien nous allons le faire \u00e0 la place de l\u2019\u00c9tat. C\u2019est \u00e7a la cl\u00e9. L\u2019\u00c9tat ne le fais pas, <strong>je le ferais \u00e0 la place de l\u2019\u00c9tat<\/strong>.<\/p>\n<p class=\" wall-content\">Suivez toute l\u2019actualit\u00e9 de vos villes et m\u00e9dias favoris en vous inscrivant \u00e0 <a href=\"https:\/\/moncompte.actu.fr\" title=\"D\u00e9couvez Mon Actu\" rel=\"nofollow noopener\" data-trk=\"{&quot;cta&quot;:{&quot;action&quot;:&quot;https:\\\/\\\/moncompte.actu.fr&quot;,&quot;category&quot;:&quot;mon compte&quot;,&quot;from&quot;:&quot;article footer&quot;,&quot;name&quot;:&quot;Mon actu&quot;,&quot;type&quot;:&quot;cta&quot;}}\" target=\"_blank\">Mon Actu<\/a>.<\/p>\n<p>                    <script async src=\"\/\/www.instagram.com\/embed.js\"><\/script><\/p>\n","protected":false},"excerpt":{"rendered":"Par Augustin Delaporte Publi\u00e9 le 27 juin 2025 \u00e0 7h34 C\u2019\u00e9tait le successeur naturel, le grandissime et unique&hellip;\n","protected":false},"author":2,"featured_media":207589,"comment_status":"","ping_status":"","sticky":false,"template":"","format":"standard","meta":{"footnotes":""},"categories":[1888],"tags":[11,4188,8186,1777,674,1011,27,2381,3434,12,626,316,25],"class_list":{"0":"post-207588","1":"post","2":"type-post","3":"status-publish","4":"format-standard","5":"has-post-thumbnail","7":"category-paris","8":"tag-actualites","9":"tag-elections-municipales","10":"tag-emmanuel-gregoire","11":"tag-eu","12":"tag-europe","13":"tag-fr","14":"tag-france","15":"tag-mairie-de-paris","16":"tag-municipales-2026","17":"tag-news","18":"tag-paris","19":"tag-politique","20":"tag-republique-francaise"},"share_on_mastodon":{"url":"https:\/\/pubeurope.com\/@fr\/114753759343080468","error":""},"_links":{"self":[{"href":"https:\/\/www.europesays.com\/fr\/wp-json\/wp\/v2\/posts\/207588","targetHints":{"allow":["GET"]}}],"collection":[{"href":"https:\/\/www.europesays.com\/fr\/wp-json\/wp\/v2\/posts"}],"about":[{"href":"https:\/\/www.europesays.com\/fr\/wp-json\/wp\/v2\/types\/post"}],"author":[{"embeddable":true,"href":"https:\/\/www.europesays.com\/fr\/wp-json\/wp\/v2\/users\/2"}],"replies":[{"embeddable":true,"href":"https:\/\/www.europesays.com\/fr\/wp-json\/wp\/v2\/comments?post=207588"}],"version-history":[{"count":0,"href":"https:\/\/www.europesays.com\/fr\/wp-json\/wp\/v2\/posts\/207588\/revisions"}],"wp:featuredmedia":[{"embeddable":true,"href":"https:\/\/www.europesays.com\/fr\/wp-json\/wp\/v2\/media\/207589"}],"wp:attachment":[{"href":"https:\/\/www.europesays.com\/fr\/wp-json\/wp\/v2\/media?parent=207588"}],"wp:term":[{"taxonomy":"category","embeddable":true,"href":"https:\/\/www.europesays.com\/fr\/wp-json\/wp\/v2\/categories?post=207588"},{"taxonomy":"post_tag","embeddable":true,"href":"https:\/\/www.europesays.com\/fr\/wp-json\/wp\/v2\/tags?post=207588"}],"curies":[{"name":"wp","href":"https:\/\/api.w.org\/{rel}","templated":true}]}}