{"id":207592,"date":"2025-06-27T05:50:11","date_gmt":"2025-06-27T05:50:11","guid":{"rendered":"https:\/\/www.europesays.com\/fr\/207592\/"},"modified":"2025-06-27T05:50:11","modified_gmt":"2025-06-27T05:50:11","slug":"fusillade-dans-le-luberon-lue-prolonge-ses-sanctions-contre-la-russie-nouvelle-vague-de-chaleur-lactu-de-ce-vendredi-27-juin-au-matin-liberation","status":"publish","type":"post","link":"https:\/\/www.europesays.com\/fr\/207592\/","title":{"rendered":"Fusillade dans le Luberon, l\u2019UE prolonge ses sanctions contre la Russie, nouvelle vague de chaleur\u2026 L\u2019actu de ce vendredi 27\u00a0juin au matin \u2013 Lib\u00e9ration"},"content":{"rendered":"<p class=\"sc-ksZaOG ehjQrN text-element\">Chaque matin, la r\u00e9daction de Lib\u00e9 s\u00e9lectionne les actualit\u00e9s incontournables en France, dans le reste du monde et celles \u00e0 suivre au cours de la journ\u00e9e.<\/p>\n<p class=\"sc-ksZaOG ehjQrN text-element\"><a href=\"https:\/\/www.liberation.fr\/societe\/police-justice\/fusillade-a-un-mariage-dans-le-luberon-deux-personnes-en-garde-a-vue-20250623_6ZC33EAYUVGJ3JKYN5DQ3NBB5U\/\" target=\"_blank\" rel=\"noreferrer nofollow noopener\" title=\"https:\/\/www.liberation.fr\/societe\/police-justice\/fusillade-a-un-mariage-dans-le-luberon-deux-personnes-en-garde-a-vue-20250623_6ZC33EAYUVGJ3JKYN5DQ3NBB5U\/\">Quatre jours apr\u00e8s la fusillade<\/a> qui a fait deux morts, dont la mari\u00e9e, \u00e0 la fin d\u2019un mariage dans un village du Luberon, dans le Vaucluse, deux hommes ont \u00e9t\u00e9 mis en examen jeudi soir pour assassinat en bande organis\u00e9e et \u00e9crou\u00e9s, a annonc\u00e9 le procureur de Marseille. Les deux hommes faisaient partie d\u2019un groupe de quatre assaillants, dont l\u2019un a \u00e9t\u00e9 tu\u00e9 et l\u2019autre est \u00abtoujours en fuite\u00bb, selon le procureur Nicolas Bessone.<\/p>\n<p class=\"sc-ksZaOG ehjQrN text-element\"><a href=\"https:\/\/www.liberation.fr\/environnement\/climat\/la-canicule-fait-son-retour-quatre-departements-du-sud-est-en-vigilance-orange-treize-ce-week-end-20250627_JUNKWQWRPBHWPNU2SDXOFRFOWM\/\" target=\"_blank\" rel=\"nofollow noopener\" title=\"https:\/\/www.liberation.fr\/environnement\/climat\/la-canicule-fait-son-retour-quatre-departements-du-sud-est-en-vigilance-orange-treize-ce-week-end-20250627_JUNKWQWRPBHWPNU2SDXOFRFOWM\/\">Deuxi\u00e8me vague de chaleur en quelques jours.<\/a> Apr\u00e8s les fortes temp\u00e9ratures observ\u00e9es en d\u00e9but de semaine, le mercure retrouve des normes inhabituelles ce week-end. C\u2019est le bassin m\u00e9diterran\u00e9en qui, cette fois, est dans le viseur de M\u00e9t\u00e9o France, qui place quatre d\u00e9partements en vigilance orange ce vendredi, \u00e0 partir de la mi-journ\u00e9e. Ils seront rejoints par neuf autres d\u00e8s samedi, avec un thermostat qui poussera jusqu\u2019\u00e0 39 degr\u00e9s localement. <\/p>\n<p class=\"sc-ksZaOG ehjQrN text-element\">Les dirigeants des Ving-Sept, r\u00e9unis en sommet \u00e0 Bruxelles, ont donn\u00e9 leur aval pour prolonger de six mois <a href=\"https:\/\/www.liberation.fr\/societe\/police-justice\/sanctions-europeennes-contre-les-avoirs-russes-devant-la-justice-dopiniatres-oligarques-20250223_UJBGZBHOAVGONOQ2SAWMQLRBTI\/\" target=\"_blank\" rel=\"noreferrer nofollow noopener\" title=\"https:\/\/www.liberation.fr\/societe\/police-justice\/sanctions-europeennes-contre-les-avoirs-russes-devant-la-justice-dopiniatres-oligarques-20250223_UJBGZBHOAVGONOQ2SAWMQLRBTI\/\">leurs sanctions contre Moscou<\/a>. L\u2019UE a d\u00e9j\u00e0 adopt\u00e9 17 \u00abpaquets\u00bb de sanctions depuis l\u2019invasion russe de l\u2019Ukraine le 24 f\u00e9vrier 2022. Ces sanctions doivent \u00eatre renouvel\u00e9es \u00e0 l\u2019unanimit\u00e9 tous les six mois, et la Hongrie, pays le plus proche de la Russie dans l\u2019UE, menace r\u00e9guli\u00e8rement de s\u2019y opposer.<\/p>\n<p class=\"sc-ksZaOG ehjQrN text-element\">T\u00e9h\u00e9ran a affirm\u00e9 jeudi qu\u2019aucun projet n\u2019existait encore pour une reprise des n\u00e9gociations sur le nucl\u00e9aire avec les Etats-Unis, contrairement \u00e0 ce qu\u2019avait annonc\u00e9 <a href=\"https:\/\/www.liberation.fr\/international\/amerique\/bilan-incertain-des-frappes-en-iran-donald-trump-plus-que-jamais-en-guerre-contre-les-faits-20250627_JBYQGSQZUNBW5PUCUXXQDIVL7M\/\" target=\"_blank\" rel=\"noreferrer nofollow noopener\" title=\"https:\/\/www.liberation.fr\/international\/amerique\/bilan-incertain-des-frappes-en-iran-donald-trump-plus-que-jamais-en-guerre-contre-les-faits-20250627_JBYQGSQZUNBW5PUCUXXQDIVL7M\/\">Donald Trump<\/a> apr\u00e8s le cessez-le-feu qui a mis fin aux 12 jours de guerre entre Iran et Isra\u00ebl. Un sixi\u00e8me cycle de n\u00e9gociations sur le programme nucl\u00e9aire de l\u2019Iran, pr\u00e9vu le 15 juin via la m\u00e9diation du sultanat d\u2019Oman, a \u00e9t\u00e9 annul\u00e9 en raison de la guerre d\u00e9clench\u00e9e deux jours plus t\u00f4t par l\u2019attaque isra\u00e9lienne contre l\u2019Iran.<\/p>\n<p class=\"sc-ksZaOG ehjQrN text-element\"><b>JO d\u2019hiver 2030<\/b> <b>: r\u00e9union \u00e0 Brian\u00e7on autour de Bayrou, l\u2019accent mis sur les transports<\/b><\/p>\n<p class=\"sc-ksZaOG ehjQrN text-element\">Le Premier ministre r\u00e9unit vendredi \u00e0 Brian\u00e7on (Hautes-Alpes) un comit\u00e9 interminist\u00e9riel consacr\u00e9 aux <a href=\"https:\/\/www.liberation.fr\/sports\/jeux-olympiques\/lancement-du-comite-dorganisation-des-jo-dhiver-2030-du-vert-pas-mur-20250219_S3VQCWSDFRFM5NZYKVAUWZSGXA\/\" target=\"_blank\" rel=\"noreferrer nofollow noopener\" title=\"https:\/\/www.liberation.fr\/sports\/jeux-olympiques\/lancement-du-comite-dorganisation-des-jo-dhiver-2030-du-vert-pas-mur-20250219_S3VQCWSDFRFM5NZYKVAUWZSGXA\/\">JO d\u2019hiver de 2030<\/a> dans les Alpes fran\u00e7aises en pr\u00e9sence des deux r\u00e9gions concern\u00e9es et avec des investissements suppl\u00e9mentaires pour les transports ferroviaires et routiers dans ce territoire de montagne enclav\u00e9. Un protocole de \u00abfinancement des mobilit\u00e9s\u00bb y sera sign\u00e9. Des investissements sont aussi pr\u00e9vus pour les axes routiers.<\/p>\n<p class=\"sc-ksZaOG ehjQrN text-element\"><b>Intoxications \u00e0 E. coli dans l\u2019Aisne<\/b> <b>: les r\u00e9sultats des \u00e9chantillons attendus<\/b><\/p>\n<p class=\"sc-ksZaOG ehjQrN text-element\">Les analyses des pr\u00e9l\u00e8vements effectu\u00e9s dans quatre boucheries halal et deux rayons boucherie de supermarch\u00e9s de l\u2019agglom\u00e9ration de Saint-Quentin doivent tomber ce vendredi. Soup\u00e7onnant une infection alimentaire li\u00e9e \u00e0 de la viande, les autorit\u00e9s ont ferm\u00e9 pr\u00e9ventivement ces lieux de vente depuis la semaine derni\u00e8re, apr\u00e8s l\u2019apparition des <a href=\"https:\/\/www.liberation.fr\/societe\/sante\/enquete-sur-les-intoxications-e-coli-a-saint-quentin-nous-essayons-detre-encore-plus-rapides-que-dhabitude-20250626_27QYSTOVZVGBNNR4B3L5HHSGAM\/\" target=\"_blank\" rel=\"noreferrer nofollow noopener\" title=\"https:\/\/www.liberation.fr\/societe\/sante\/enquete-sur-les-intoxications-e-coli-a-saint-quentin-nous-essayons-detre-encore-plus-rapides-que-dhabitude-20250626_27QYSTOVZVGBNNR4B3L5HHSGAM\/\">premiers cas d\u2019intoxications E. coli<\/a>. Au total, 24 enfants et une personne \u00e2g\u00e9e ont \u00e9t\u00e9 affect\u00e9s. Une adolescente est morte, et dix personnes restent hospitalis\u00e9es. <a href=\"https:\/\/www.liberation.fr\/societe\/sante\/on-a-hate-de-voir-la-fin-de-lhistoire-a-saint-quentin-les-habitants-tentent-de-resister-a-la-psychose-ecoli-20250626_3JMUYKRE3VHR3BI4EYISDN6BIU\/\" target=\"_blank\" rel=\"noreferrer nofollow noopener\" title=\"https:\/\/www.liberation.fr\/societe\/sante\/on-a-hate-de-voir-la-fin-de-lhistoire-a-saint-quentin-les-habitants-tentent-de-resister-a-la-psychose-ecoli-20250626_3JMUYKRE3VHR3BI4EYISDN6BIU\/\">Notre reportage \u00e0 Saint-Quentin.<\/a><\/p>\n<p class=\"sc-ksZaOG ehjQrN text-element\"><b>Appel \u00e0 la gr\u00e8ve \u00e0 la Soci\u00e9t\u00e9 G\u00e9n\u00e9rale pour am\u00e9liorer le t\u00e9l\u00e9travail<\/b><\/p>\n<p class=\"sc-ksZaOG ehjQrN text-element\">Trois syndicats du groupe bancaire <a href=\"https:\/\/www.liberation.fr\/economie\/a-la-societe-generale-un-preavis-de-greve-vendredi-pour-le-maintien-du-teletravail-20250624_I7WLBQVDB5GM5PQQMQ342KL2PY\/\" target=\"_blank\" rel=\"noreferrer nofollow noopener\" title=\"https:\/\/www.liberation.fr\/economie\/a-la-societe-generale-un-preavis-de-greve-vendredi-pour-le-maintien-du-teletravail-20250624_I7WLBQVDB5GM5PQQMQ342KL2PY\/\">appellent les salari\u00e9s \u00e0 faire gr\u00e8ve<\/a> ce vendredi pour le maintien de leur quota de jours de t\u00e9l\u00e9travail, que la direction souhaite, dans la plupart des cas, passer de deux \u00e0 un par semaine. La Soci\u00e9t\u00e9 G\u00e9n\u00e9rale justifie dans son mail interne ces changements par une volont\u00e9 d\u2019harmoniser les pratiques de t\u00e9l\u00e9travail au sein de ses diff\u00e9rents bureaux dans le monde et d\u2019am\u00e9liorer la performance des salari\u00e9s.<\/p>\n","protected":false},"excerpt":{"rendered":"Chaque matin, la r\u00e9daction de Lib\u00e9 s\u00e9lectionne les actualit\u00e9s incontournables en France, dans le reste du monde et&hellip;\n","protected":false},"author":2,"featured_media":207593,"comment_status":"","ping_status":"","sticky":false,"template":"","format":"standard","meta":{"footnotes":""},"categories":[1591],"tags":[11,1887,12,4702,1885,1886,132],"class_list":{"0":"post-207592","1":"post","2":"type-post","3":"status-publish","4":"format-standard","5":"has-post-thumbnail","7":"category-russie","8":"tag-actualites","9":"tag-federation-de-russie","10":"tag-news","11":"tag-recap-actu","12":"tag-russia","13":"tag-russian-federation","14":"tag-russie"},"share_on_mastodon":{"url":"https:\/\/pubeurope.com\/@fr\/114753766994527999","error":""},"_links":{"self":[{"href":"https:\/\/www.europesays.com\/fr\/wp-json\/wp\/v2\/posts\/207592","targetHints":{"allow":["GET"]}}],"collection":[{"href":"https:\/\/www.europesays.com\/fr\/wp-json\/wp\/v2\/posts"}],"about":[{"href":"https:\/\/www.europesays.com\/fr\/wp-json\/wp\/v2\/types\/post"}],"author":[{"embeddable":true,"href":"https:\/\/www.europesays.com\/fr\/wp-json\/wp\/v2\/users\/2"}],"replies":[{"embeddable":true,"href":"https:\/\/www.europesays.com\/fr\/wp-json\/wp\/v2\/comments?post=207592"}],"version-history":[{"count":0,"href":"https:\/\/www.europesays.com\/fr\/wp-json\/wp\/v2\/posts\/207592\/revisions"}],"wp:featuredmedia":[{"embeddable":true,"href":"https:\/\/www.europesays.com\/fr\/wp-json\/wp\/v2\/media\/207593"}],"wp:attachment":[{"href":"https:\/\/www.europesays.com\/fr\/wp-json\/wp\/v2\/media?parent=207592"}],"wp:term":[{"taxonomy":"category","embeddable":true,"href":"https:\/\/www.europesays.com\/fr\/wp-json\/wp\/v2\/categories?post=207592"},{"taxonomy":"post_tag","embeddable":true,"href":"https:\/\/www.europesays.com\/fr\/wp-json\/wp\/v2\/tags?post=207592"}],"curies":[{"name":"wp","href":"https:\/\/api.w.org\/{rel}","templated":true}]}}