{"id":207598,"date":"2025-06-27T05:53:17","date_gmt":"2025-06-27T05:53:17","guid":{"rendered":"https:\/\/www.europesays.com\/fr\/207598\/"},"modified":"2025-06-27T05:53:17","modified_gmt":"2025-06-27T05:53:17","slug":"laccord-de-style-britannique-est-le-meilleur-que-lue-obtiendra-de-trump-avertit-le-president-lituanien","status":"publish","type":"post","link":"https:\/\/www.europesays.com\/fr\/207598\/","title":{"rendered":"L&rsquo;accord de style britannique est le meilleur que l&rsquo;UE obtiendra de Trump, avertit le pr\u00e9sident lituanien"},"content":{"rendered":"<p>Bruxelles \u2013 L\u2019Union europ\u00e9enne peut tout au plus \u00abesp\u00e9rer \u00eatre trait\u00e9e comme le Royaume-Uni\u00bb en ce qui concerne un accord commercial avec les \u00c9tats-Unis, a d\u00e9clar\u00e9 le pr\u00e9sident de la Lituanie, Gitanas Naus\u0117da, \u00e0 L\u2019Observatoire de l\u2019Europe.<\/p>\n<p>\u00ab\u00a0Ce serait probablement le meilleur sc\u00e9nario\u00a0\u00bb, a d\u00e9clar\u00e9 Naus\u0117da en marge d\u2019un sommet avec des dirigeants europ\u00e9ens jeudi, o\u00f9 la guerre tarifaire imminente s\u2019est fray\u00e9 un chemin \u00e0 l\u2019ordre du jour.<\/p>\n<p>\u00ab\u00a0Mais le Royaume-Uni, aux yeux des \u00c9tats-Unis, c\u2019est un peu diff\u00e9rent en tant que partenaire. Et j\u2019esp\u00e8re que nous serons trait\u00e9s comme le Royaume-Uni \u2013 mais nous verrons\u00a0\u00bb, a-t-il ajout\u00e9. <\/p>\n<p>Les remarques montrent comment l\u2019humeur a chang\u00e9 \u00e0 travers le bloc sur le pacte potentiel qu\u2019il esp\u00e8re \u00eatre d\u2019accord avec l\u2019administration Donald Trump. Bruxelles a d\u2019abord saccag\u00e9 l\u2019accord que Londres a conclu avec Washington, mais maintenant l\u2019UE se r\u00e9concilie avec la perspective que garder un tarif de r\u00e9f\u00e9rence de 10% est le meilleur qu\u2019il puisse esp\u00e9rer.<\/p>\n<p>Les dirigeants s\u2019attendent \u00e0 une mise \u00e0 jour de la Commission europ\u00e9enne lors du d\u00eener sur ses pourparlers avec l\u2019administration Trump \u2013 tout comme les pr\u00e9occupations montent \u00e0 travers le bloc, que toutes les marchandises pourraient \u00eatre frapp\u00e9es par un tarif \u00abr\u00e9ciproque\u00bb de 50% d\u00e8s le 9 juillet si Bruxelles et Washington ne parviennent pas \u00e0 conclure un accord. <\/p>\n<p>Le leader lituanien a \u00e9galement d\u00e9clar\u00e9 que l\u2019UE devrait profiter de l\u2019\u00e9lan positif entre Bruxelles et Washington apr\u00e8s que les alli\u00e9s de l\u2019OTAN se soient content\u00e9s un jour plus t\u00f4t pour augmenter les d\u00e9penses de d\u00e9fense \u00e0 5% du produit int\u00e9rieur brut \u2013 un chiffre que Trump avait exig\u00e9 pendant des mois. L\u2019Espagne a exprim\u00e9 ses pr\u00e9occupations quant \u00e0 la recherche des fonds, mais n\u2019a pas bloqu\u00e9 le langage soutenant la pouss\u00e9e.<\/p>\n<p>Apr\u00e8s le sommet de l\u2019OTAN \u00e0 La Haye, \u00ab\u00a0il y a plus de compr\u00e9hension de nos d\u00e9fis et nous comprenons mieux l\u2019approche am\u00e9ricaine\u00a0\u00bb, a-t-il ajout\u00e9. \u00abEn ce moment, nous avons une \u00e9lan tr\u00e8s positive et nous devons l\u2019utiliser pour renforcer cette relation transatlantique.\u00bb <\/p>\n<p><img loading=\"lazy\" decoding=\"async\" width=\"1024\" height=\"683\" src=\"data:image\/svg+xml,%3Csvg%20xmlns=\" http:=\"\" alt=\"\" class=\"wp-image-6822474\" data-lazy-src=\"https:\/\/www.europesays.com\/fr\/wp-content\/uploads\/2025\/06\/Laccord-de-style-britannique-est-le-meilleur-que-lUE-obtiendra.jpg\"\/>Les remarques montrent comment l\u2019humeur a chang\u00e9 \u00e0 travers le bloc sur le pacte potentiel qu\u2019il esp\u00e8re \u00eatre d\u2019accord avec l\u2019administration Donald Trump. | Jonas Roosens \/ EPA<\/p>\n<p>Cependant, avec la date limite qui se profile, certains craignent qu\u2019un accord de derni\u00e8re minute puisse \u00eatre mauvais, l\u2019Allemagne poussant pour une solution rapide tandis que d\u2019autres, comme la France, se m\u00e9fient de s\u2019inscrire \u00e0 un arrangement sous-optimal.<\/p>\n<p>\u00abUn accord complet sur les tarifs en si peu de temps est compliqu\u00e9. La seule chose qui est possible avant le 9 juillet est un accord de principe \u2013 comme celui atteint avec le Royaume-Uni et la Chine \u2013 sur la base de certains principes. La question est: quels sont ces principes?\u00bb dit un diplomate de l\u2019UE.<\/p>\n<p>  (Tagstotranslate) D\u00e9fense <\/p>\n","protected":false},"excerpt":{"rendered":"Bruxelles \u2013 L\u2019Union europ\u00e9enne peut tout au plus \u00abesp\u00e9rer \u00eatre trait\u00e9e comme le Royaume-Uni\u00bb en ce qui concerne&hellip;\n","protected":false},"author":2,"featured_media":207599,"comment_status":"","ping_status":"","sticky":false,"template":"","format":"standard","meta":{"footnotes":""},"categories":[1588],"tags":[34668,11,672,309,2483,123,1777,674,27,34669,1146,2050,12,473,1853,34130,8727,1851,1850,34670,1852,34671],"class_list":{"0":"post-207598","1":"post","2":"type-post","3":"status-publish","4":"format-standard","5":"has-post-thumbnail","7":"category-royaume-uni","8":"tag-actionnements-commerciaux","9":"tag-actualites","10":"tag-allemagne","11":"tag-chine","12":"tag-droits","13":"tag-espagne","14":"tag-eu","15":"tag-europe","16":"tag-france","17":"tag-gitanas-nauseda-t-europe","18":"tag-guerre","19":"tag-lituanie","20":"tag-news","21":"tag-royaume-uni","22":"tag-royaume-uni-de-grande-bretagne-et-dirlande-du-nord","23":"tag-sommet-de-lotan","24":"tag-tarifs","25":"tag-uk","26":"tag-united-kingdom","27":"tag-united-kingdom-t-etats-unis-t-donald-trump","28":"tag-united-kingdom-of-great-britain-and-northern-ireland","29":"tag-war-commerciale"},"share_on_mastodon":{"url":"https:\/\/pubeurope.com\/@fr\/114753778995843107","error":""},"_links":{"self":[{"href":"https:\/\/www.europesays.com\/fr\/wp-json\/wp\/v2\/posts\/207598","targetHints":{"allow":["GET"]}}],"collection":[{"href":"https:\/\/www.europesays.com\/fr\/wp-json\/wp\/v2\/posts"}],"about":[{"href":"https:\/\/www.europesays.com\/fr\/wp-json\/wp\/v2\/types\/post"}],"author":[{"embeddable":true,"href":"https:\/\/www.europesays.com\/fr\/wp-json\/wp\/v2\/users\/2"}],"replies":[{"embeddable":true,"href":"https:\/\/www.europesays.com\/fr\/wp-json\/wp\/v2\/comments?post=207598"}],"version-history":[{"count":0,"href":"https:\/\/www.europesays.com\/fr\/wp-json\/wp\/v2\/posts\/207598\/revisions"}],"wp:featuredmedia":[{"embeddable":true,"href":"https:\/\/www.europesays.com\/fr\/wp-json\/wp\/v2\/media\/207599"}],"wp:attachment":[{"href":"https:\/\/www.europesays.com\/fr\/wp-json\/wp\/v2\/media?parent=207598"}],"wp:term":[{"taxonomy":"category","embeddable":true,"href":"https:\/\/www.europesays.com\/fr\/wp-json\/wp\/v2\/categories?post=207598"},{"taxonomy":"post_tag","embeddable":true,"href":"https:\/\/www.europesays.com\/fr\/wp-json\/wp\/v2\/tags?post=207598"}],"curies":[{"name":"wp","href":"https:\/\/api.w.org\/{rel}","templated":true}]}}