{"id":207610,"date":"2025-06-27T05:59:21","date_gmt":"2025-06-27T05:59:21","guid":{"rendered":"https:\/\/www.europesays.com\/fr\/207610\/"},"modified":"2025-06-27T05:59:21","modified_gmt":"2025-06-27T05:59:21","slug":"espagne-a-quelle-heure-et-sur-quelle-chaine-voir-la-demi-finale-de-leurobasket-feminin","status":"publish","type":"post","link":"https:\/\/www.europesays.com\/fr\/207610\/","title":{"rendered":"Espagne : \u00e0 quelle heure et sur quelle cha\u00eene voir la demi-finale de l&rsquo;EuroBasket f\u00e9minin ?"},"content":{"rendered":"<p>L&rsquo;\u00e9quipe de France de Basket f\u00e9minine affronte l\u2019Espagne ce vendredi 27 juin pour une demi-finale de l&rsquo;EuroBasket qui s\u2019annonce explosive. C&rsquo;est un duel charg\u00e9 d\u2019histoire et de revanche qui attendent les bleues. D\u00e9couvrez ici \u00e0 quelle heure et sur quelle cha\u00eene suivre la demi-finale en direct.<\/p>\n<p>Toujours invaincues depuis le d\u00e9but de l\u2019EuroBasket 2025, les Bleues vont devoir sortir un match XXL ce vendredi 27 juin face \u00e0 l\u2019Espagne, dans un choc au sommet qui se jouera au Stade du Pir\u00e9e, en Gr\u00e8ce. Mardi, les Fran\u00e7aises ont d\u00e9roul\u00e9 leur basket face \u00e0 la Lituanie (83-61), affichant ma\u00eetrise, coh\u00e9sion et une belle alternance offensive. L\u2019Espagne, elle, a connu un sc\u00e9nario bien diff\u00e9rent : malmen\u00e9e par la R\u00e9publique tch\u00e8que et men\u00e9e de 11 points \u00e0 la mi-temps, elle a renvers\u00e9 la rencontre gr\u00e2ce \u00e0 son exp\u00e9rience et une grosse intensit\u00e9 dans le money time (88-81). Cette demi-finale a des allures de revanche : depuis 2009, les Espagnoles ont souvent bris\u00e9 les r\u00eaves tricolores en finale, avec trois victoires sur cinq confrontations. Mais cette fois, les r\u00f4les pourraient s\u2019inverser. Les joueuses de Jean-Aim\u00e9 Toupane ont deux jours de repos dans les jambes, de la confiance dans les yeux et un objectif bien en t\u00eate : retourner en finale europ\u00e9enne.<\/p>\n<p>                        France-Espagne : \u00e0 quelle heure et sur quelle cha\u00eene regarder le match ?<\/p>\n<p><b>La demi-finale tant attendue entre la France et l\u2019Espagne sera diffus\u00e9e en direct ce vendredi 27 juin \u00e0 16h30 sur TMC et en streaming sur TF1+.<\/b> Un rendez-vous immanquable pour tous les passionn\u00e9s de basket et de grands \u00e9v\u00e9nements sportifs. L\u2019intensit\u00e9 promet d\u2019\u00eatre totale. Que vous soyez devant votre t\u00e9l\u00e9 ou connect\u00e9 en ligne, pr\u00e9parez-vous \u00e0 vibrer avec les Bleues pour plus de 40 minutes de pur spectacle.<\/p>\n<p>Chaque jour, nous \u00e9pluchons en toute ind\u00e9pendance les meilleures offres et r\u00e9ductions disponibles sur le web pour vous proposer les bons plans les plus int\u00e9ressants. Pour \u00e9valuer la pertinence d\u2019un bon plan, nous v\u00e9rifions notamment l\u2019historique des prix et veillons \u00e0 vous recommander les boutiques en ligne proposant les meilleures garanties.<\/p>\n<p>Certains liens peuvent g\u00e9n\u00e9rer une commission pour T\u00e9l\u00e9-Loisirs. Les prix sont mentionn\u00e9s \u00e0 titre indicatif et sont susceptibles d&rsquo;\u00e9voluer.<\/p>\n","protected":false},"excerpt":{"rendered":"L&rsquo;\u00e9quipe de France de Basket f\u00e9minine affronte l\u2019Espagne ce vendredi 27 juin pour une demi-finale de l&rsquo;EuroBasket qui&hellip;\n","protected":false},"author":2,"featured_media":207611,"comment_status":"","ping_status":"","sticky":false,"template":"","format":"standard","meta":{"footnotes":""},"categories":[4],"tags":[11,1465,244,1011,27,12,25,517,34674],"class_list":{"0":"post-207610","1":"post","2":"type-post","3":"status-publish","4":"format-standard","5":"has-post-thumbnail","7":"category-france","8":"tag-actualites","9":"tag-basket","10":"tag-commentaire","11":"tag-fr","12":"tag-france","13":"tag-news","14":"tag-republique-francaise","15":"tag-sport","16":"tag-u00e9quipe-de-france"},"share_on_mastodon":{"url":"https:\/\/pubeurope.com\/@fr\/114753802544345804","error":""},"_links":{"self":[{"href":"https:\/\/www.europesays.com\/fr\/wp-json\/wp\/v2\/posts\/207610","targetHints":{"allow":["GET"]}}],"collection":[{"href":"https:\/\/www.europesays.com\/fr\/wp-json\/wp\/v2\/posts"}],"about":[{"href":"https:\/\/www.europesays.com\/fr\/wp-json\/wp\/v2\/types\/post"}],"author":[{"embeddable":true,"href":"https:\/\/www.europesays.com\/fr\/wp-json\/wp\/v2\/users\/2"}],"replies":[{"embeddable":true,"href":"https:\/\/www.europesays.com\/fr\/wp-json\/wp\/v2\/comments?post=207610"}],"version-history":[{"count":0,"href":"https:\/\/www.europesays.com\/fr\/wp-json\/wp\/v2\/posts\/207610\/revisions"}],"wp:featuredmedia":[{"embeddable":true,"href":"https:\/\/www.europesays.com\/fr\/wp-json\/wp\/v2\/media\/207611"}],"wp:attachment":[{"href":"https:\/\/www.europesays.com\/fr\/wp-json\/wp\/v2\/media?parent=207610"}],"wp:term":[{"taxonomy":"category","embeddable":true,"href":"https:\/\/www.europesays.com\/fr\/wp-json\/wp\/v2\/categories?post=207610"},{"taxonomy":"post_tag","embeddable":true,"href":"https:\/\/www.europesays.com\/fr\/wp-json\/wp\/v2\/tags?post=207610"}],"curies":[{"name":"wp","href":"https:\/\/api.w.org\/{rel}","templated":true}]}}