{"id":207614,"date":"2025-06-27T06:02:10","date_gmt":"2025-06-27T06:02:10","guid":{"rendered":"https:\/\/www.europesays.com\/fr\/207614\/"},"modified":"2025-06-27T06:02:10","modified_gmt":"2025-06-27T06:02:10","slug":"benjamin-millepied-aux-commandes-de-la-ceremonie-douverture-de-la-finale-du-top-14-lequipe","status":"publish","type":"post","link":"https:\/\/www.europesays.com\/fr\/207614\/","title":{"rendered":"Benjamin Millepied aux commandes de la c\u00e9r\u00e9monie d&#039;ouverture de la finale du Top 14 &#8211; L&#039;\u00c9quipe"},"content":{"rendered":"<ol>\n<li><a href=\"https:\/\/news.google.com\/rss\/articles\/CBMiywFBVV95cUxQUGdFaGVoYlpjNEZYX3IzN0JDdXlrUzl5RGU3bnNkUkZQMWs3ZWw0UFZWZlRDcTcwRnFKX1lXMTdOOGhISzZuUmVGZkZvcVh6VnMzWlNkMkxLaTJKMFBTdnpHNkRua284ODdyRzFKZmtGbnhqNFpNSUY0NFZXX203RWtsRXlCTU1NVDlTSlNkRWN6dFVHNkRhSkQ5bXdBN2djY1ZIOUJzd2Q5bVdjQThZeXFIS19COHdzOUpTeWFaWndBaWRPRGc0V0s3WQ?oc=5\" target=\"_blank\" rel=\"nofollow noopener\">Benjamin Millepied aux commandes de la c\u00e9r\u00e9monie d&rsquo;ouverture de la finale du Top 14<\/a>&nbsp;&nbsp;L&rsquo;\u00c9quipe<\/li>\n<li><a href=\"https:\/\/news.google.com\/rss\/articles\/CBMipgFBVV95cUxNNEU0c0NoM2xZRFMxLXBmblk0RUtnMlNSWHdNQS1MWEZzYzlKbGVOWHliNS0xOEdaYWRoN25uaGhUNXoxcnpCZEJhVWpYVzhpZDRWbFJWRlJDamhFWHVVcHhJZG5YVTN4ZktrakpoRDVOeVp6bUp2QVM4T0NpeVA0b25uaC13dy0zdGRpUzRuSmJYdTlXM20zQUJIV0lzVlh1N2NIWWlB?oc=5\" target=\"_blank\" rel=\"nofollow noopener\">Le corps arbitral pour la finale face au Stade Toulousain<\/a>&nbsp;&nbsp;Union Bordeaux B\u00e8gles Rugby<\/li>\n<li><a href=\"https:\/\/news.google.com\/rss\/articles\/CBMi3AFBVV95cUxPRmZoaUVCQjVaTENLMjFYOFNoT3VCNHBjNWVXdjF1QTFOTW44b2hIUVFKaUZTZ2RuaU5MNENQNTJxYUx0UHJHWGFlVFU2NTFsWDJEMXowa3dEX2ZKLXlPdzJHcFVZVlhMaTZVVzMtXzJaQ1U0MHBwWFhfNTZJYXJpaGRJUXkzZWttYlA1NDhkYlhyTXBvMW44MjBtYWxzN3RKeUV3YlBaRmEzZ0ZHdUJHTmxid3hiOGc4bFhHWVh5eENCWXFMUGhXbTNKcDF0MzhwNHkyYWUwSG1Kc0lO?oc=5\" target=\"_blank\" rel=\"nofollow noopener\">Ancien n\u00b010, Haute-Garonne&#8230; 5 choses \u00e0 savoir sur Pierre Brousset, arbitre de la finale de Top 14<\/a>&nbsp;&nbsp;Actu.fr<\/li>\n<li><a href=\"https:\/\/news.google.com\/rss\/articles\/CBMilgJBVV95cUxNOFc5V2laM2J0cHQ0WmV6ZXF1eWxicTJEa2lSUzFabWI5VHBrT3BnTE5pcmJRR1duU3FoeW9GZS0zZGVKZGdqbTFiUnJxLWgxaDdYbnhwamVIXzctMVFxeHh6cVY4Rk1rdkh4dGd6S1NtYWd3aERHUTUzbWJfbnpuclNfbDVLY2JwRktEdWVxR3dPc3pybXA0UzRfaVBTLWVWdVEtNUhCTlRhQndjZ2UtZ2w5eVN3VXRrekpHQ1FGb2JJemI5MUVicU14Zy03QkR0eHNtdlUybVVZajUtbnBYb1ItSTBvblJ5UFI2WlBBN291ekJLamxuYjBjd09XT2FnRWtOZVBvTV9BQjZKV3JtZ0tHMUFHZw?oc=5\" target=\"_blank\" rel=\"nofollow noopener\">VIDEO. Finale Stade Toulousain-UBB : \u00ab\u00a0Le num\u00e9ro 1 fran\u00e7ais !\u00a0\u00bb Pourquoi l\u2019arbitre Pierre Brousset a (\u00e9videmment) \u00e9t\u00e9 choisi pour diriger la rencontre<\/a>&nbsp;&nbsp;ladepeche.fr<\/li>\n<li><a href=\"https:\/\/news.google.com\/rss\/articles\/CBMi4AFBVV95cUxPeGpRUm5UTDhKLUxuLWF1MjgyZExzSWtMeWhKeEt5cHJHU0hHQmMzcTZoV3FvZE53TVZsM1Q3VDdDcHVrMnRoSU93R1ZmZjNwSGhITEdSaUxzdThIMUNvQ0NfUDRaMkxZaDJWTHRpVmxwT1hSa21UWHlHd3l1N3VQb0xzbkllRklaS2FlUFFPTDR0VGZnUmx6LUtBZ0haSHZJUjktY3dCQlgyVVRnZWRTZzlkLVE3Tmp2RUJCUlRTZFVZWmwyRklUMnA4SGc1X3BCclhWSFVSaGFKUzlDLVB4ZA?oc=5\" target=\"_blank\" rel=\"nofollow noopener\">Pierre Brousset arbitrera la finale du Top 14<\/a>&nbsp;&nbsp;Rugbyrama<\/li>\n<\/ol>\n","protected":false},"excerpt":{"rendered":"Benjamin Millepied aux commandes de la c\u00e9r\u00e9monie d&rsquo;ouverture de la finale du Top 14&nbsp;&nbsp;L&rsquo;\u00c9quipe Le corps arbitral pour&hellip;\n","protected":false},"author":2,"featured_media":207615,"comment_status":"","ping_status":"","sticky":false,"template":"","format":"standard","meta":{"footnotes":""},"categories":[1416],"tags":[1011,27,479,1468,60],"class_list":{"0":"post-207614","1":"post","2":"type-post","3":"status-publish","4":"format-standard","5":"has-post-thumbnail","7":"category-rugby","8":"tag-fr","9":"tag-france","10":"tag-rugby","11":"tag-rugby-football","12":"tag-sports"},"share_on_mastodon":{"url":"https:\/\/pubeurope.com\/@fr\/114753814121692645","error":""},"_links":{"self":[{"href":"https:\/\/www.europesays.com\/fr\/wp-json\/wp\/v2\/posts\/207614","targetHints":{"allow":["GET"]}}],"collection":[{"href":"https:\/\/www.europesays.com\/fr\/wp-json\/wp\/v2\/posts"}],"about":[{"href":"https:\/\/www.europesays.com\/fr\/wp-json\/wp\/v2\/types\/post"}],"author":[{"embeddable":true,"href":"https:\/\/www.europesays.com\/fr\/wp-json\/wp\/v2\/users\/2"}],"replies":[{"embeddable":true,"href":"https:\/\/www.europesays.com\/fr\/wp-json\/wp\/v2\/comments?post=207614"}],"version-history":[{"count":0,"href":"https:\/\/www.europesays.com\/fr\/wp-json\/wp\/v2\/posts\/207614\/revisions"}],"wp:featuredmedia":[{"embeddable":true,"href":"https:\/\/www.europesays.com\/fr\/wp-json\/wp\/v2\/media\/207615"}],"wp:attachment":[{"href":"https:\/\/www.europesays.com\/fr\/wp-json\/wp\/v2\/media?parent=207614"}],"wp:term":[{"taxonomy":"category","embeddable":true,"href":"https:\/\/www.europesays.com\/fr\/wp-json\/wp\/v2\/categories?post=207614"},{"taxonomy":"post_tag","embeddable":true,"href":"https:\/\/www.europesays.com\/fr\/wp-json\/wp\/v2\/tags?post=207614"}],"curies":[{"name":"wp","href":"https:\/\/api.w.org\/{rel}","templated":true}]}}