{"id":207618,"date":"2025-06-27T06:04:23","date_gmt":"2025-06-27T06:04:23","guid":{"rendered":"https:\/\/www.europesays.com\/fr\/207618\/"},"modified":"2025-06-27T06:04:23","modified_gmt":"2025-06-27T06:04:23","slug":"eurobasket-2025-une-part-dinconnu","status":"publish","type":"post","link":"https:\/\/www.europesays.com\/fr\/207618\/","title":{"rendered":"EuroBasket 2025 : une part d&rsquo;inconnu"},"content":{"rendered":"<p>\u00ab\u00a0J\u2019ai regard\u00e9 \u00e7a avec beaucoup d\u2019excitation et de curiosit\u00e9 pour ma premi\u00e8re.\u00a0\u00bb Fr\u00e9d\u00e9ric Fauthoux a suivi depuis Bourg-en-Bresse le tirage au sort de l\u2019EuroBasket et si l\u2019entra\u00eeneur de l\u2019\u00c9quipe de France conna\u00eet d\u00e9sormais l\u2019identit\u00e9 de ses adversaires du premier tour (Slov\u00e9nie, Pologne, Isra\u00ebl, Belgique, Islande), il sait \u00e9galement qu\u2019il est difficile d\u2019en tirer des conclusions d\u00e9finitives sur le futur parcours de ses troupes. \u00ab\u00a0On estime que le groupe D est s\u00fbrement plus facile que le C (avec lequel la France croisera). Plein de choses peuvent arriver d\u2019ici fin ao\u00fbt. Je ne me projette pas forc\u00e9ment trop l\u00e0-dessus et surtout quand on voit la qualit\u00e9 des 24 \u00e9quipes, le niveau augmente d\u2019ann\u00e9e en ann\u00e9e. Toutes les \u00e9quipes sont comp\u00e9titives. Et peu importe qui l\u2019on jouera, on aura des ambitions.\u00a0\u00bb<\/p>\n<p>Au premier tour, les Bleus retrouveront la Slov\u00e9nie, qui les avait battus au m\u00eame stade \u00e0 l\u2019EuroBasket 2022 et la Pologne qu\u2019elle avait domin\u00e9e en demi-finale de la m\u00eame comp\u00e9tition. A domicile, cette derni\u00e8re voudra de nouveau marquer les esprits, dans le sillage de sa nouvelle star, le joueur des Spurs Jeremy Sochan. De sa pr\u00e9sence, et plus encore de celle de Luka Doncic (Lakers) d\u00e9pendra la puissance de feu de ces deux \u00e9quipes. Une remarque qui peut \u00e9galement valoir pour Isra\u00ebl (Deni Avdija) ou la Belgique (Toumani Camara, Ajay Mitchell). Les forfaits de certains joueurs NBA changeront la donne et du c\u00f4t\u00e9 tricolore, en attendant d\u2019y voir plus clair sur les disponibilit\u00e9s des bless\u00e9s, Boris Diaw, le General Manager, est en contact permanent avec des expatri\u00e9s qui ont fait part de leur motivation pour le rendez-vous continental. \u00ab\u00a0Mais la v\u00e9rit\u00e9 du mois de mars n\u2019est pas celle de l\u2019\u00e9t\u00e9\u00a0\u00bb, note Fr\u00e9d\u00e9ric Fauthoux, qui a annonc\u00e9 vouloir s\u2019appuyer sur un groupe de 16 joueurs accompagn\u00e9s de 3 partenaires d\u2019entra\u00eenement pour lancer la pr\u00e9paration fin juillet.<\/p>\n<p>L\u2019\u00c9quipe de France d\u00e9voilera son programme complet dans deux semaines puis patientera quatre mois avant de se retrouver pour un nouvel EuroBasket. Il s\u2019agira de la 40e participation des Bleus (un record europ\u00e9en) \u00e0 une comp\u00e9tition de longue haleine. Cinq matches de poule puis des huiti\u00e8mes de finale pour les quatre premiers du groupe et un croisement avec la poule C. En cas de qualification pour les quarts de finale, la France serait oppos\u00e9 \u00e0 des \u00e9quipes du groupe A et B o\u00f9 figurent la Serbie et l\u2019Allemagne.<\/p>\n<p>Le programme des Bleus \u00e0 Katowice (horaires \u00e0 d\u00e9terminer)<br \/>Jeudi 28 ao\u00fbt : France &#8211; Belgique<br \/>Samedi 30 ao\u00fbt : France &#8211; Slov\u00e9nie<br \/>Dimanche 31 ao\u00fbt : France &#8211; Isra\u00ebl<br \/>Mardi 2 septembre : France &#8211; Pologne<br \/>Jeudi 4 septembre : France &#8211; Islande<\/p>\n<p><img decoding=\"async\" title=\"\u00a9\" src=\"https:\/\/www.europesays.com\/fr\/wp-content\/uploads\/2025\/06\/60029901-6c71-4f58-a015-34f360bda99f.jpg\" alt=\"\u00a9\" data-asset-id=\"60029901-6c71-4f58-a015-34f360bda99f\"\/><\/p>\n<p>\u00a9<\/p>\n<p>\u00a0<\/p>\n","protected":false},"excerpt":{"rendered":"\u00ab\u00a0J\u2019ai regard\u00e9 \u00e7a avec beaucoup d\u2019excitation et de curiosit\u00e9 pour ma premi\u00e8re.\u00a0\u00bb Fr\u00e9d\u00e9ric Fauthoux a suivi depuis Bourg-en-Bresse&hellip;\n","protected":false},"author":2,"featured_media":207619,"comment_status":"","ping_status":"","sticky":false,"template":"","format":"standard","meta":{"footnotes":""},"categories":[1414],"tags":[1465,1464,1011,27,60],"class_list":{"0":"post-207618","1":"post","2":"type-post","3":"status-publish","4":"format-standard","5":"has-post-thumbnail","7":"category-basket","8":"tag-basket","9":"tag-basketball","10":"tag-fr","11":"tag-france","12":"tag-sports"},"share_on_mastodon":{"url":"https:\/\/pubeurope.com\/@fr\/114753822116713702","error":""},"_links":{"self":[{"href":"https:\/\/www.europesays.com\/fr\/wp-json\/wp\/v2\/posts\/207618","targetHints":{"allow":["GET"]}}],"collection":[{"href":"https:\/\/www.europesays.com\/fr\/wp-json\/wp\/v2\/posts"}],"about":[{"href":"https:\/\/www.europesays.com\/fr\/wp-json\/wp\/v2\/types\/post"}],"author":[{"embeddable":true,"href":"https:\/\/www.europesays.com\/fr\/wp-json\/wp\/v2\/users\/2"}],"replies":[{"embeddable":true,"href":"https:\/\/www.europesays.com\/fr\/wp-json\/wp\/v2\/comments?post=207618"}],"version-history":[{"count":0,"href":"https:\/\/www.europesays.com\/fr\/wp-json\/wp\/v2\/posts\/207618\/revisions"}],"wp:featuredmedia":[{"embeddable":true,"href":"https:\/\/www.europesays.com\/fr\/wp-json\/wp\/v2\/media\/207619"}],"wp:attachment":[{"href":"https:\/\/www.europesays.com\/fr\/wp-json\/wp\/v2\/media?parent=207618"}],"wp:term":[{"taxonomy":"category","embeddable":true,"href":"https:\/\/www.europesays.com\/fr\/wp-json\/wp\/v2\/categories?post=207618"},{"taxonomy":"post_tag","embeddable":true,"href":"https:\/\/www.europesays.com\/fr\/wp-json\/wp\/v2\/tags?post=207618"}],"curies":[{"name":"wp","href":"https:\/\/api.w.org\/{rel}","templated":true}]}}