{"id":207628,"date":"2025-06-27T06:09:11","date_gmt":"2025-06-27T06:09:11","guid":{"rendered":"https:\/\/www.europesays.com\/fr\/207628\/"},"modified":"2025-06-27T06:09:11","modified_gmt":"2025-06-27T06:09:11","slug":"a-venise-jeff-bezos-et-lauren-sanchez-sechangent-les-alliances-actualites","status":"publish","type":"post","link":"https:\/\/www.europesays.com\/fr\/207628\/","title":{"rendered":"A Venise, Jeff Bezos et Lauren Sanchez s&rsquo;\u00e9changent les alliances : Actualit\u00e9s"},"content":{"rendered":"<p class=\"lead \">Le fondateur d&rsquo;Amazon Jeff Bezos et l&rsquo;ex-pr\u00e9sentatrice Lauren Sanchez doivent se dire \u00ab\u00a0oui\u00a0\u00bb vendredi \u00e0 Venise, alors que la Cit\u00e9 des Doges est toujours divis\u00e9e quant \u00e0 l&rsquo;impact qu&rsquo;aura ce mariage XXL sur l&rsquo;image de la ville d\u00e9j\u00e0 bond\u00e9e de touristes.<\/p>\n<p class=\"lead \">\u00ab\u00a0Ce mariage est acceptable dans une certaine mesure car il apporte de l&rsquo;argent, mais il va \u00e0 l&rsquo;encontre de la culture et de la nature de la ville\u00a0\u00bb, juge ainsi Chiara Trabuio, 26 ans, \u00e9tudiante et r\u00e9sidente de Mestre, la partie de Venise c\u00f4t\u00e9 terre ferme.<\/p>\n<p class=\"lead \">Car ind\u00e9niablement, de l&rsquo;argent, le milliardaire am\u00e9ricain et ses invit\u00e9s en ont d\u00e9j\u00e0 d\u00e9pens\u00e9: sur la lagune, les yachts sont de sortie, et le luxueux h\u00f4tel Aman o\u00f9 logent les futurs mari\u00e9s, situ\u00e9 dans un palais de la Renaissance et o\u00f9 les nuit\u00e9es d\u00e9butent \u00e0 2.000 euros, affiche complet.<\/p>\n<p class=\"lead \">Selon la presse italienne, Jeff Bezos, 61 ans, et Lauren Sanchez, 55 ans, \u00e9changeront alliances et voeux sur l&rsquo;\u00eele San Giorgio Maggiore qui fait face \u00e0 l&rsquo;Arsenal, l&rsquo;ancien chantier naval de la S\u00e9r\u00e9nissime, avant un grand bal samedi.<\/p>\n<p class=\"lead \">La fille du pr\u00e9sident am\u00e9ricain Ivanka Trump, Kim Kardashian et sa soeur Khloe, la superstar du football am\u00e9ricain Tom Brady, la reine Rania de Jordanie ou encore la pr\u00e9sentatrice Oprah Winfrey faisaient partie des invit\u00e9s aper\u00e7us sur les canaux de la ville par des photographes de l&rsquo;AFP.<\/p>\n<p class=\"lead \">&#8211; Surtourisme &#8211;<\/p>\n<p class=\"lead \"> Jeff Bezos, qui d\u00e9tient pour environ 215 milliards de dollars d&rsquo;actions d&rsquo;Amazon, fera un don de 3 millions d&rsquo;euros destin\u00e9 \u00e0 une association de protection de la lagune, \u00e0 la Venice International University et \u00e0 l&rsquo;Unesco, selon le pr\u00e9sident de la r\u00e9gion Luca Zaia.<\/p>\n<p class=\"lead \">\u00ab\u00a0J&rsquo;esp\u00e8re que l&rsquo;\u00e9tincelle qui s&rsquo;est produite entre Bezos et Venise pourra se transformer en (&#8230;) un engagement constant en faveur de la ville\u00a0\u00bb, avait-il par ailleurs appel\u00e9 de ses voeux.<\/p>\n<p class=\"lead \">Les pouvoirs locaux n&rsquo;ont cess\u00e9 de soutenir le choix de Jeff Bezos de se marier \u00e0 Venise, balayant tout lien avec le surtourisme contre lequel des mesures ont \u00e9t\u00e9 prises comme l&rsquo;instauration d&rsquo;un ticket d&rsquo;entr\u00e9e payant.<\/p>\n<p class=\"lead \">Quelque 100.000 touristes dorment dans la ville durant la haute saison, auxquels s&rsquo;ajoutent des dizaines de milliers de visiteurs \u00e0 la journ\u00e9e, alors que le nombre de r\u00e9sidents permanents est en chute libre.<\/p>\n<p class=\"lead \">Pour Samuel Silvestri, commer\u00e7ant v\u00e9nitien de 55 ans, \u00ab\u00a0le surtourisme est principalement caus\u00e9 par ces gens qui ne viennent qu&rsquo;une journ\u00e9e avec leur sac \u00e0 dos et leur nourriture, et qui contribuent tr\u00e8s peu \u00e0 la ville\u00a0\u00bb.<\/p>\n<p class=\"lead \">\u00ab\u00a0Pas ceux qui transforment Venise en un petit Monte-Carlo\u00a0\u00bb, le c\u00e9l\u00e8bre quartier de Monaco, poursuit-il. \u00ab\u00a0Ce mariage aussi fa\u00e7onne l&rsquo;image de la ville\u00a0\u00bb.<\/p>\n<p class=\"lead \">&#8211; Pas de renfort policier &#8211;<\/p>\n<p class=\"lead \">Mais un collectif d&rsquo;habitants baptis\u00e9 \u00ab\u00a0No Space for Bezos\u00a0\u00bb (Pas de place pour Bezos, en fran\u00e7ais) multiplie les manifestations symboliques pour s&rsquo;opposer aux r\u00e9jouissances. \u00ab\u00a0Venise n&rsquo;est pas \u00e0 vendre\u00a0\u00bb, scandaient des militants mardi devant un squat, craignant que le mariage complique encore plus le d\u00e9placement des habitants.<\/p>\n<p class=\"lead \">\u00ab\u00a0Ce mariage cause des probl\u00e8mes dans la ville: en plus des fermetures de canaux et des contr\u00f4les de plus en plus stricts, il y a \u00e9galement eu une r\u00e9pression de membres d&rsquo;Extinction Rebellion\u00a0\u00bb, a d\u00e9nonc\u00e9 aupr\u00e8s de l&rsquo;AFP Alice Bazzoli, 24 ans, militante de \u00ab\u00a0No Space for Bezos\u00a0\u00bb.<\/p>\n<p class=\"lead \">\u00ab\u00a0Il n&rsquo;y a eu aucune intention de verrouiller la ville\u00a0\u00bb, a assur\u00e9 le pr\u00e9fet de Venise Darco Pellos \u00e0 l&rsquo;AFP, affirmant par ailleurs que l&rsquo;\u00e9v\u00e9nement n&rsquo;a exig\u00e9 aucun \u00ab\u00a0renfort\u00a0\u00bb policier par rapport \u00e0 une saison estivale habituelle.<\/p>\n<p class=\"lead \">Il y a 11 ans, le mariage de l&rsquo;acteur George Clooney n&rsquo;avait pas cr\u00e9\u00e9 autant de remous. Mais l&rsquo;acteur am\u00e9ricain n&rsquo;est pas l&rsquo;un des hommes les plus riches de la plan\u00e8te et n&rsquo;a pas fond\u00e9 le plus grand site mondial d&rsquo;e-commerce, r\u00e9guli\u00e8rement dans le viseur d&rsquo;associations de d\u00e9fense de l&rsquo;environnement.<\/p>\n<p class=\"lead \">Greenpeace justement n&rsquo;a de cesse de d\u00e9noncer l&rsquo;impact \u00e9cologique du mariage, auquel de nombreux invit\u00e9s se sont rendus en jet priv\u00e9, alors que l&rsquo;\u00e9quilibre fragile de Venise \u00ab\u00a0coule sous le poids de la crise climatique\u00a0\u00bb, d\u00e9non\u00e7ait l&rsquo;ONG.<\/p>\n<p class=\"lead \">L&rsquo;aviation d&rsquo;affaires \u00e9met de plus en plus de CO2, et a atteint 1,7 \u00e0 1,8% des \u00e9missions totales de l&rsquo;aviation commerciale, selon une \u00e9tude de 2024 publi\u00e9e dans une publication affili\u00e9e \u00e0 la revue Nature.<\/p>\n<p class=\"small font-weight-bold text-gray3 \"> publi\u00e9 le 27 juin \u00e0 03h55, AFP<\/p>\n<p>                             Partager<\/p>\n","protected":false},"excerpt":{"rendered":"Le fondateur d&rsquo;Amazon Jeff Bezos et l&rsquo;ex-pr\u00e9sentatrice Lauren Sanchez doivent se dire \u00ab\u00a0oui\u00a0\u00bb vendredi \u00e0 Venise, alors que&hellip;\n","protected":false},"author":2,"featured_media":207629,"comment_status":"","ping_status":"","sticky":false,"template":"","format":"standard","meta":{"footnotes":""},"categories":[1359],"tags":[1971,13789,2105,58,59,313,436,1011,27,310,452,1930,973,308],"class_list":{"0":"post-207628","1":"post","2":"type-post","3":"status-publish","4":"format-standard","5":"has-post-thumbnail","7":"category-people","8":"tag-clbrits","9":"tag-dirigeants","10":"tag-distribution","11":"tag-divertissement","12":"tag-entertainment","13":"tag-entreprises","14":"tag-environnement","15":"tag-fr","16":"tag-france","17":"tag-internet","18":"tag-italie","19":"tag-mariage","20":"tag-people","21":"tag-usa"},"share_on_mastodon":{"url":"https:\/\/pubeurope.com\/@fr\/114753841622794968","error":""},"_links":{"self":[{"href":"https:\/\/www.europesays.com\/fr\/wp-json\/wp\/v2\/posts\/207628","targetHints":{"allow":["GET"]}}],"collection":[{"href":"https:\/\/www.europesays.com\/fr\/wp-json\/wp\/v2\/posts"}],"about":[{"href":"https:\/\/www.europesays.com\/fr\/wp-json\/wp\/v2\/types\/post"}],"author":[{"embeddable":true,"href":"https:\/\/www.europesays.com\/fr\/wp-json\/wp\/v2\/users\/2"}],"replies":[{"embeddable":true,"href":"https:\/\/www.europesays.com\/fr\/wp-json\/wp\/v2\/comments?post=207628"}],"version-history":[{"count":0,"href":"https:\/\/www.europesays.com\/fr\/wp-json\/wp\/v2\/posts\/207628\/revisions"}],"wp:featuredmedia":[{"embeddable":true,"href":"https:\/\/www.europesays.com\/fr\/wp-json\/wp\/v2\/media\/207629"}],"wp:attachment":[{"href":"https:\/\/www.europesays.com\/fr\/wp-json\/wp\/v2\/media?parent=207628"}],"wp:term":[{"taxonomy":"category","embeddable":true,"href":"https:\/\/www.europesays.com\/fr\/wp-json\/wp\/v2\/categories?post=207628"},{"taxonomy":"post_tag","embeddable":true,"href":"https:\/\/www.europesays.com\/fr\/wp-json\/wp\/v2\/tags?post=207628"}],"curies":[{"name":"wp","href":"https:\/\/api.w.org\/{rel}","templated":true}]}}