{"id":20763,"date":"2025-04-12T22:44:14","date_gmt":"2025-04-12T22:44:14","guid":{"rendered":"https:\/\/www.europesays.com\/fr\/20763\/"},"modified":"2025-04-12T22:44:14","modified_gmt":"2025-04-12T22:44:14","slug":"un-ange-passe-par-philippe-trias","status":"publish","type":"post","link":"https:\/\/www.europesays.com\/fr\/20763\/","title":{"rendered":"\u00ab\u00a0Un ange passe\u00a0\u00bb, par Philippe Trias"},"content":{"rendered":"<p>Ce jeudi en d\u00e9but d\u2019apr\u00e8s-midi, j\u2019ai cru avoir une hallucination en croisant de dr\u00f4les de personnages sortis tout droit de la fashion week , version Jura\u00a0! Un peu incr\u00e9dule face \u00e0 cette vue, je n\u2019ai pas pu m\u2019emp\u00eacher d\u2019immortaliser la sc\u00e8ne qui d\u00e9notait en ce jour de march\u00e9.<\/p>\n<p>Apr\u00e8s r\u00e9flexion, j\u2019ai fait le rapprochement avec les lyc\u00e9ens de Jean-Michel qui se d\u00e9guisent pour f\u00eater les <a href=\"https:\/\/www.leprogres.fr\/culture-loisirs\/2024\/04\/13\/le-pere-cent-par-philippe-trias\" target=\"_blank\" rel=\"noopener\">100 jours avant le bac<\/a>. Cette vision humoristique a fait retourner les badauds, illustrant parfaitement l\u2019expression \u201cun ange passe\u201d. Je souhaite bonne chance \u00e0 tous les bacheliers de France et de Navarre pour leurs examens\u00a0! Et si tout va mal, il reste toujours la mode\u00a0!<\/p>\n<p class=\"note\">Photo r\u00e9alis\u00e9e avec un Leica M et une optique de 35\u00a0mm, a une vitesse d\u2019obturation de 1\/900 s \u00e0 f\/11 et une sensibilit\u00e9 de 800 ISO<\/p>\n","protected":false},"excerpt":{"rendered":"Ce jeudi en d\u00e9but d\u2019apr\u00e8s-midi, j\u2019ai cru avoir une hallucination en croisant de dr\u00f4les de personnages sortis tout&hellip;\n","protected":false},"author":2,"featured_media":20764,"comment_status":"","ping_status":"","sticky":false,"template":"","format":"standard","meta":{"footnotes":""},"categories":[1358],"tags":[1348,1384,1385,1687,1386,58,2274,59,1011,27,1826,3352,7874],"class_list":{"0":"post-20763","1":"post","2":"type-post","3":"status-publish","4":"format-standard","5":"has-post-thumbnail","7":"category-arts-et-design","8":"tag-arts","9":"tag-arts-and-design","10":"tag-arts-et-design","11":"tag-culture-loisirs","12":"tag-design","13":"tag-divertissement","14":"tag-edition-jura-sud","15":"tag-entertainment","16":"tag-fr","17":"tag-france","18":"tag-jura","19":"tag-lons-le-saunier","20":"tag-lons-le-saunier-ville"},"share_on_mastodon":{"url":"https:\/\/pubeurope.com\/@fr\/114327418526681635","error":""},"_links":{"self":[{"href":"https:\/\/www.europesays.com\/fr\/wp-json\/wp\/v2\/posts\/20763","targetHints":{"allow":["GET"]}}],"collection":[{"href":"https:\/\/www.europesays.com\/fr\/wp-json\/wp\/v2\/posts"}],"about":[{"href":"https:\/\/www.europesays.com\/fr\/wp-json\/wp\/v2\/types\/post"}],"author":[{"embeddable":true,"href":"https:\/\/www.europesays.com\/fr\/wp-json\/wp\/v2\/users\/2"}],"replies":[{"embeddable":true,"href":"https:\/\/www.europesays.com\/fr\/wp-json\/wp\/v2\/comments?post=20763"}],"version-history":[{"count":0,"href":"https:\/\/www.europesays.com\/fr\/wp-json\/wp\/v2\/posts\/20763\/revisions"}],"wp:featuredmedia":[{"embeddable":true,"href":"https:\/\/www.europesays.com\/fr\/wp-json\/wp\/v2\/media\/20764"}],"wp:attachment":[{"href":"https:\/\/www.europesays.com\/fr\/wp-json\/wp\/v2\/media?parent=20763"}],"wp:term":[{"taxonomy":"category","embeddable":true,"href":"https:\/\/www.europesays.com\/fr\/wp-json\/wp\/v2\/categories?post=20763"},{"taxonomy":"post_tag","embeddable":true,"href":"https:\/\/www.europesays.com\/fr\/wp-json\/wp\/v2\/tags?post=20763"}],"curies":[{"name":"wp","href":"https:\/\/api.w.org\/{rel}","templated":true}]}}