{"id":207630,"date":"2025-06-27T06:10:14","date_gmt":"2025-06-27T06:10:14","guid":{"rendered":"https:\/\/www.europesays.com\/fr\/207630\/"},"modified":"2025-06-27T06:10:14","modified_gmt":"2025-06-27T06:10:14","slug":"niki-de-saint-phalle-au-grand-palais-lunivers-bouillonnant-dune-artiste-visionnaire-telerama","status":"publish","type":"post","link":"https:\/\/www.europesays.com\/fr\/207630\/","title":{"rendered":"Niki de Saint Phalle au Grand Palais : l\u2019univers bouillonnant d\u2019une artiste visionnaire &#8211; T\u00e9l\u00e9rama"},"content":{"rendered":"<ol>\n<li><a href=\"https:\/\/news.google.com\/rss\/articles\/CBMi2wFBVV95cUxQOUxMSUJfMXRfZXpWd3ktTXhGM3JjeDFfWGJVcEx0TjRZZURqRjQ4WVZJYk5zSVkxTXdwbG9iNUxxTWFwZThLZWJ2NE92RURXMUlWamotclg5SlZjTkFSUFhkT3luQjgwRTZTQ0NxWnNXNDNDd3lkUnhhbWpmdEJfc1JJelRMeUxWZGlZbTBHXzZpV0Ntak5IaUphMU9RUk9sZWdvUThBSE4xZFR5cWtWT1hxM1ZGbGRsRFJ2a0t2WjZMZ0RLbXBKaFVMbXdhQmVkbEU0b29wMFp1cDg?oc=5\" target=\"_blank\" rel=\"nofollow noopener\">Niki de Saint Phalle au Grand Palais : l\u2019univers bouillonnant d\u2019une artiste visionnaire<\/a>&nbsp;&nbsp;T\u00e9l\u00e9rama<\/li>\n<li><a href=\"https:\/\/news.google.com\/rss\/articles\/CBMimwJBVV95cUxOd0NzZGEyMFRmZkhFNjVTOHdwXzN3Z2tHVnVRVFJjT29HaW5WQVh2NmMxYVVDSFhqTzRDVGZTNDl6ZkhDTzVmWGFfQlVURkRySmVwMUx2djZxd0xfMkdka3pwbHhESzZVN0JIZkQzVzk4WlFLLW1WQm1KMENjUWs4LWdEZTJJNkpNb1F4RnZSS3N6YjlCUGUxdHJBbzBaa2o2WjRlVjF5ODhLanJ2dWlhTDZ1eTNxaHVZR2l0NEtzekpwbW5fVVp2YS1UQWNzUHRPSHJMQWRWNTRhM0Izal9LVWZLYzdxLUQyYXpoV0pNcUZ2eHZqaVdEa0JveENub0RkVHNFOGRJTUtCYzZnRm5zQ3JJZmxDNGZKdEI4?oc=5\" target=\"_blank\" rel=\"nofollow noopener\">Au Grand Palais, le Centre Pompidou c\u00e9l\u00e8bre le trio artistique form\u00e9 par Niki de Saint Phalle, Jean Tinguely et Pontus Hulten<\/a>&nbsp;&nbsp;Le Monde.fr<\/li>\n<li><a href=\"https:\/\/news.google.com\/rss\/articles\/CBMitAFBVV95cUxPakU1VkR3YTFKVXNNTERWaVBjbUpHdEJqMW5uVXJUYmJyWDY0cnI0ZEozUmlfQnpudnBlSkNSbk9PYzZ6NmZrT1EzQkt3YTVKeDV3WWk1YXYxTlppRmpNSG1iZk1CVC04ajVhNE9pMlNYT3dIbURQaXhfVEE1anBhWExqOThpUlRiRl9ZeWFwYU9ra3o4aVc3OUhYclRIa3lkZTlVanF4UkxJN3Rjd1ljUkItcko?oc=5\" target=\"_blank\" rel=\"nofollow noopener\">Exposition : quand Niki de Saint Phalle et Jean Tinguely dynamitaient l\u2019art<\/a>&nbsp;&nbsp;La Croix<\/li>\n<li><a href=\"https:\/\/news.google.com\/rss\/articles\/CBMisAFBVV95cUxQVWNaSnpZek5hZFZhbERLZUZYRFVJTk9DeXMxam1CN2dlNzQ1MUZsR2xvb2ZmRmpzaW1nVUlWWmVOUXY1eUtYOXBMOU9XMlJjeW5wYnlyZUx5WUJ2N0QyUzltdXlpQ2tubFZlMnc5cm5CSjBjMHIxamJUV3Nlamd2bm1JWVp0RG9HSENRVXhwcVZySVVQdDZSZ3psZ05CaUNqcFpfVzQ5Q0F4TXBxcG5xcw?oc=5\" target=\"_blank\" rel=\"nofollow noopener\">130 000 visiteurs par an : le jardin des Tarots, le chef-d\u2019\u0153uvre de Niki de Saint Phalle au c\u0153ur de la Toscane<\/a>&nbsp;&nbsp;Le Figaro<\/li>\n<li><a href=\"https:\/\/news.google.com\/rss\/articles\/CBMi3gFBVV95cUxNdmhRbEp5R050ZnJPbzJMYXR4OUdqU1dUVC1qcFlhZlloVkdEVTZ1N2VnM1o1Z0pjak0xNTJsNGNYN2lWUUF3Y0g2UWphd0JRLU12LURuNHUtdFdYX0VDX19kVDRqWVlIbUpMWHA0b2RDWkJTUDM1b1NDczZvdGVnclExMU5DcVk1RGpjVFd2VlNqOXVlYmFhZ05mUHVlR085SjRwLVZGTTdTaWZhbGtENEJHNFNac3UwMFJYeDlocUp0anRnUVd2Q0VhRzNhQ0IybTh0QlQxSmdkcWo0Rmc?oc=5\" target=\"_blank\" rel=\"nofollow noopener\">Niki de Saint Phalle : cinq choses que vous ne savez sans doute pas sur la m\u00e8re des \u201cNanas\u201d<\/a>&nbsp;&nbsp;Le Nouvel Obs<\/li>\n<\/ol>\n","protected":false},"excerpt":{"rendered":"Niki de Saint Phalle au Grand Palais : l\u2019univers bouillonnant d\u2019une artiste visionnaire&nbsp;&nbsp;T\u00e9l\u00e9rama Au Grand Palais, le Centre&hellip;\n","protected":false},"author":2,"featured_media":165332,"comment_status":"","ping_status":"","sticky":false,"template":"","format":"standard","meta":{"footnotes":""},"categories":[1358],"tags":[1348,1384,1385,1386,58,59,1011,27],"class_list":{"0":"post-207630","1":"post","2":"type-post","3":"status-publish","4":"format-standard","5":"has-post-thumbnail","7":"category-arts-et-design","8":"tag-arts","9":"tag-arts-and-design","10":"tag-arts-et-design","11":"tag-design","12":"tag-divertissement","13":"tag-entertainment","14":"tag-fr","15":"tag-france"},"share_on_mastodon":{"url":"https:\/\/pubeurope.com\/@fr\/114753845524448304","error":""},"_links":{"self":[{"href":"https:\/\/www.europesays.com\/fr\/wp-json\/wp\/v2\/posts\/207630","targetHints":{"allow":["GET"]}}],"collection":[{"href":"https:\/\/www.europesays.com\/fr\/wp-json\/wp\/v2\/posts"}],"about":[{"href":"https:\/\/www.europesays.com\/fr\/wp-json\/wp\/v2\/types\/post"}],"author":[{"embeddable":true,"href":"https:\/\/www.europesays.com\/fr\/wp-json\/wp\/v2\/users\/2"}],"replies":[{"embeddable":true,"href":"https:\/\/www.europesays.com\/fr\/wp-json\/wp\/v2\/comments?post=207630"}],"version-history":[{"count":0,"href":"https:\/\/www.europesays.com\/fr\/wp-json\/wp\/v2\/posts\/207630\/revisions"}],"wp:featuredmedia":[{"embeddable":true,"href":"https:\/\/www.europesays.com\/fr\/wp-json\/wp\/v2\/media\/165332"}],"wp:attachment":[{"href":"https:\/\/www.europesays.com\/fr\/wp-json\/wp\/v2\/media?parent=207630"}],"wp:term":[{"taxonomy":"category","embeddable":true,"href":"https:\/\/www.europesays.com\/fr\/wp-json\/wp\/v2\/categories?post=207630"},{"taxonomy":"post_tag","embeddable":true,"href":"https:\/\/www.europesays.com\/fr\/wp-json\/wp\/v2\/tags?post=207630"}],"curies":[{"name":"wp","href":"https:\/\/api.w.org\/{rel}","templated":true}]}}