{"id":207631,"date":"2025-06-27T06:11:09","date_gmt":"2025-06-27T06:11:09","guid":{"rendered":"https:\/\/www.europesays.com\/fr\/207631\/"},"modified":"2025-06-27T06:11:09","modified_gmt":"2025-06-27T06:11:09","slug":"un-ouvrage-unique-sur-pascal-paoli-expose-a-lassemblee-de-corse","status":"publish","type":"post","link":"https:\/\/www.europesays.com\/fr\/207631\/","title":{"rendered":"Un ouvrage unique sur Pascal Paoli expos\u00e9 \u00e0 l&rsquo;Assembl\u00e9e de Corse"},"content":{"rendered":"<p>\u00c0 travers la vitrine qui l&rsquo;abrite, l&rsquo;ouvrage ouvert se r\u00e9v\u00e8le dans toute sa raret\u00e9 et son originalit\u00e9. Fa\u00e7onn\u00e9 \u00e0 la perfection par l&rsquo;\u00e9b\u00e9niste d&rsquo;art, Sylvain Mattei, et son fils, S\u00e9bastien, puis grav\u00e9 par Sylvain Giannechini, le livre en bois de ch\u00e2taignier, consacr\u00e9 \u00e0 Pascal Paoli, semble rescap\u00e9 d&rsquo;un si\u00e8cle pass\u00e9.<\/p>\n<p>Il a pourtant \u00e9t\u00e9 r\u00e9alis\u00e9 r\u00e9cemment, durant l&rsquo;ann\u00e9e scolaire 2022-2023, par ces artisans et les \u00e9l\u00e8ves de la classe unique de Morosaglia, village natal du P\u00e8re de la patrie corse.<\/p>\n<p>\u00ab\u00a0Cette \u0153uvre a \u00e9t\u00e9 con\u00e7ue dans le cadre de l&rsquo;appel \u00e0 projets Persunaghji di Corsica &#8211; E so vite facenu a nostra storia, de la Collectivit\u00e9 de Corse. Les enfants ont \u00e9t\u00e9 encadr\u00e9s par leur enseignante, Julia Moracchini, \u00e0 laquelle j&rsquo;ai succ\u00e9d\u00e9 depuis\u00a0\u00bb, explique\u00a0Myl\u00e8ne Terrachon, l&rsquo;actuelle directrice de l&rsquo;\u00e9cole.<\/p>\n<p>Dans le cadre du tricentenaire de la naissance du P\u00e8re de la patrie<\/p>\n<p>Ce jeudi 26\u00a0juin, en marge de la session de l&rsquo;Assembl\u00e9e de Corse, cette derni\u00e8re a accompagn\u00e9 quelques-uns de ses \u00e9l\u00e8ves \u00e0 la Collectivit\u00e9 de Corse (CdC), \u00e0 Ajaccio, o\u00f9 le livre a d\u00e9sormais pris place.<\/p>\n","protected":false},"excerpt":{"rendered":"\u00c0 travers la vitrine qui l&rsquo;abrite, l&rsquo;ouvrage ouvert se r\u00e9v\u00e8le dans toute sa raret\u00e9 et son originalit\u00e9. Fa\u00e7onn\u00e9&hellip;\n","protected":false},"author":2,"featured_media":207632,"comment_status":"","ping_status":"","sticky":false,"template":"","format":"standard","meta":{"footnotes":""},"categories":[1357],"tags":[17,1379,1687,58,59,8110,1011,27,5532,1380,27910,34675,12815,3356,10336],"class_list":{"0":"post-207631","1":"post","2":"type-post","3":"status-publish","4":"format-standard","5":"has-post-thumbnail","7":"category-livres","8":"tag-17","9":"tag-books","10":"tag-culture-loisirs","11":"tag-divertissement","12":"tag-entertainment","13":"tag-expose","14":"tag-fr","15":"tag-france","16":"tag-lassemblee","17":"tag-livres","18":"tag-ouvrage","19":"tag-paoli","20":"tag-pascal","21":"tag-sur","22":"tag-unique"},"share_on_mastodon":{"url":"https:\/\/pubeurope.com\/@fr\/114753849459578320","error":""},"_links":{"self":[{"href":"https:\/\/www.europesays.com\/fr\/wp-json\/wp\/v2\/posts\/207631","targetHints":{"allow":["GET"]}}],"collection":[{"href":"https:\/\/www.europesays.com\/fr\/wp-json\/wp\/v2\/posts"}],"about":[{"href":"https:\/\/www.europesays.com\/fr\/wp-json\/wp\/v2\/types\/post"}],"author":[{"embeddable":true,"href":"https:\/\/www.europesays.com\/fr\/wp-json\/wp\/v2\/users\/2"}],"replies":[{"embeddable":true,"href":"https:\/\/www.europesays.com\/fr\/wp-json\/wp\/v2\/comments?post=207631"}],"version-history":[{"count":0,"href":"https:\/\/www.europesays.com\/fr\/wp-json\/wp\/v2\/posts\/207631\/revisions"}],"wp:featuredmedia":[{"embeddable":true,"href":"https:\/\/www.europesays.com\/fr\/wp-json\/wp\/v2\/media\/207632"}],"wp:attachment":[{"href":"https:\/\/www.europesays.com\/fr\/wp-json\/wp\/v2\/media?parent=207631"}],"wp:term":[{"taxonomy":"category","embeddable":true,"href":"https:\/\/www.europesays.com\/fr\/wp-json\/wp\/v2\/categories?post=207631"},{"taxonomy":"post_tag","embeddable":true,"href":"https:\/\/www.europesays.com\/fr\/wp-json\/wp\/v2\/tags?post=207631"}],"curies":[{"name":"wp","href":"https:\/\/api.w.org\/{rel}","templated":true}]}}