{"id":207633,"date":"2025-06-27T06:12:34","date_gmt":"2025-06-27T06:12:34","guid":{"rendered":"https:\/\/www.europesays.com\/fr\/207633\/"},"modified":"2025-06-27T06:12:34","modified_gmt":"2025-06-27T06:12:34","slug":"le-jt-de-20-heures-de-tf1-du-jeudi-26-juin-2025-journal-de-20-heures","status":"publish","type":"post","link":"https:\/\/www.europesays.com\/fr\/207633\/","title":{"rendered":"Le JT de 20 heures de TF1 du jeudi 26 juin 2025 &#8211; Journal de 20 heures"},"content":{"rendered":"<p id=\"descriptionPanel\" aria-labelledby=\"descriptionArrow\" aria-expanded=\"false\" class=\"mr-2 line-clamp-2 pr-2.5 text-secondary overflow-visible\">\u00ab JT 20h Semaine \u00bb du jeudi 26 juin 2025. Du lundi au jeudi, \u00ab\u00a0LE 20H\u00a0\u00bb est le grand rendez-vous d\u2019information en d\u00e9but de soir\u00e9e pr\u00e9sent\u00e9 par Gilles Bouleau ou Jean-Baptiste Boursier, son joker. La r\u00e9daction de TF1 d\u00e9crypte l&rsquo;actualit\u00e9 fran\u00e7aise et internationale au travers de nombreux reportages, documentaires et duplex informant les Fran\u00e7ais sur les sujets soci\u00e9taux, environnementaux et \u00e9conomiques.<\/p>\n<p><a class=\"shrink-0\" href=\"https:\/\/www.tf1.fr\/tf1\/jt-20h\" target=\"_blank\" rel=\"noopener\"><img decoding=\"async\" src=\"https:\/\/www.europesays.com\/fr\/wp-content\/uploads\/2025\/04\/program-card-portrait-1-jt20h-btcb-f6f521-4e55c9-0@1x.jpg\" width=\"138\" height=\"184\" alt=\"\" loading=\"eager\" fetchpriority=\"auto\" class=\"aspect-[3\/4] h-24 w-auto rounded-3px\" aria-hidden=\"true\"\/><\/a><\/p>\n","protected":false},"excerpt":{"rendered":"\u00ab JT 20h Semaine \u00bb du jeudi 26 juin 2025. Du lundi au jeudi, \u00ab\u00a0LE 20H\u00a0\u00bb est le&hellip;\n","protected":false},"author":2,"featured_media":207634,"comment_status":"","ping_status":"","sticky":false,"template":"","format":"standard","meta":{"footnotes":""},"categories":[1356],"tags":[58,2889,34676,59,1011,27,3699,34677,3701,252,1364,3702,3700],"class_list":{"0":"post-207633","1":"post","2":"type-post","3":"status-publish","4":"format-standard","5":"has-post-thumbnail","7":"category-television","8":"tag-divertissement","9":"tag-emission","10":"tag-emission-journal-de-20-heures","11":"tag-entertainment","12":"tag-fr","13":"tag-france","14":"tag-journal-de-20-heures","15":"tag-journal-de-20-heures-emission","16":"tag-streaming-journal-de-20-heures","17":"tag-television","18":"tag-tv","19":"tag-video-en-streaming-journal-de-20-heures","20":"tag-video-journal-de-20-heures"},"share_on_mastodon":{"url":"https:\/\/pubeurope.com\/@fr\/114753853580226148","error":""},"_links":{"self":[{"href":"https:\/\/www.europesays.com\/fr\/wp-json\/wp\/v2\/posts\/207633","targetHints":{"allow":["GET"]}}],"collection":[{"href":"https:\/\/www.europesays.com\/fr\/wp-json\/wp\/v2\/posts"}],"about":[{"href":"https:\/\/www.europesays.com\/fr\/wp-json\/wp\/v2\/types\/post"}],"author":[{"embeddable":true,"href":"https:\/\/www.europesays.com\/fr\/wp-json\/wp\/v2\/users\/2"}],"replies":[{"embeddable":true,"href":"https:\/\/www.europesays.com\/fr\/wp-json\/wp\/v2\/comments?post=207633"}],"version-history":[{"count":0,"href":"https:\/\/www.europesays.com\/fr\/wp-json\/wp\/v2\/posts\/207633\/revisions"}],"wp:featuredmedia":[{"embeddable":true,"href":"https:\/\/www.europesays.com\/fr\/wp-json\/wp\/v2\/media\/207634"}],"wp:attachment":[{"href":"https:\/\/www.europesays.com\/fr\/wp-json\/wp\/v2\/media?parent=207633"}],"wp:term":[{"taxonomy":"category","embeddable":true,"href":"https:\/\/www.europesays.com\/fr\/wp-json\/wp\/v2\/categories?post=207633"},{"taxonomy":"post_tag","embeddable":true,"href":"https:\/\/www.europesays.com\/fr\/wp-json\/wp\/v2\/tags?post=207633"}],"curies":[{"name":"wp","href":"https:\/\/api.w.org\/{rel}","templated":true}]}}