{"id":207651,"date":"2025-06-27T06:21:10","date_gmt":"2025-06-27T06:21:10","guid":{"rendered":"https:\/\/www.europesays.com\/fr\/207651\/"},"modified":"2025-06-27T06:21:10","modified_gmt":"2025-06-27T06:21:10","slug":"les-alpes-maritimes-et-le-var-rejoignent-la-liste-des-departements-en-vigilance-orange-canicule-les-deux-prochaines-nuits-sannoncent-etouffantes-on-fait-le-point","status":"publish","type":"post","link":"https:\/\/www.europesays.com\/fr\/207651\/","title":{"rendered":"Les Alpes-Maritimes et le Var rejoignent la liste des d\u00e9partements en vigilance orange canicule, les deux prochaines nuits s\u2019annoncent \u00e9touffantes&#8230; on fait le point"},"content":{"rendered":"<p>La France affronte ce vendredi 27 juin <strong>un nouvel \u00e9pisode caniculaire pr\u00e9coce<\/strong>, marqu\u00e9 par une intensit\u00e9 et une extension g\u00e9ographique inhabituelles pour la saison.<\/p>\n<p>Quatre d\u00e9partements du sud du pays \u2013 <strong>les Pyr\u00e9n\u00e9es-Orientales, l\u2019H\u00e9rault, le Gard et les Bouches-du-Rh\u00f4ne<\/strong> \u2013 demeurent en vigilance orange, selon le dernier bulletin de M\u00e9t\u00e9o-France.<\/p>\n<p>Mais d\u00e8s samedi midi, la vigilance s\u2019\u00e9tendra \u00e0 neuf nouveaux d\u00e9partements, portant le total \u00e0 treize: <strong>le Var, le Vaucluse, les Alpes-de-Haute-Provence, les Alpes-Maritimes, la Haute-Corse, l\u2019Ard\u00e8che, la Dr\u00f4me, le Rh\u00f4ne et l\u2019Is\u00e8re<\/strong> seront \u00e9galement concern\u00e9s.<\/p>\n<p>Les temp\u00e9ratures ont d\u00e9j\u00e0 atteint des niveaux exceptionnels, <strong>avec des maximales comprises entre 35\u00b0C et 38\u00b0C<\/strong>, et jusqu\u2019\u00e0 39\u00b0C localement, \u00ab\u00a0voire plus en pointe \u00e0 l\u2019int\u00e9rieur des terres\u00a0\u00bb.<\/p>\n<p><strong>La nuit de vendredi \u00e0 samedi s\u2019annonce particuli\u00e8rement \u00e9touffante<\/strong>, les temp\u00e9ratures minimales restant \u00e9lev\u00e9es, influenc\u00e9es par la chaleur accumul\u00e9e en M\u00e9diterran\u00e9e.<\/p>\n<p>                                Un enfant de deux ans retrouv\u00e9 mort dans la voiture de son p\u00e8re jeudi<\/p>\n<p>\u00c0 Istres, dans les Bouches-du-Rh\u00f4ne, <strong><a href=\"https:\/\/www.nicematin.com\/faits-divers\/deces-d-un-enfant-de-2-ans-oublie-dans-une-voiture-sur-la-base-aerienne-d-istres-991869\" rel=\"nofollow noopener\" target=\"_blank\">un enfant de deux ans a \u00e9t\u00e9 retrouv\u00e9 mort jeudi apr\u00e8s-midi<\/a><\/strong>, oubli\u00e9 dans une voiture expos\u00e9e au soleil et \u00e0 la chaleur, selon le parquet d\u2019Aix-en-Provence.<\/p>\n<p>Le p\u00e8re a \u00e9t\u00e9 plac\u00e9 en garde \u00e0 vue et <strong>une enqu\u00eate pour homicide involontaire<\/strong> est ouverte.<\/p>\n<p>Les autorit\u00e9s rappellent l\u2019importance <strong>des gestes de pr\u00e9vention face \u00e0 ces fortes chaleurs<\/strong>, qui pr\u00e9sentent des risques pour la sant\u00e9, notamment chez les personnes vuln\u00e9rables.<\/p>\n<p>Les nuits chaudes et la mont\u00e9e continue des temp\u00e9ratures compliquent la r\u00e9cup\u00e9ration nocturne, <strong>augmentant le risque de coups de chaleur et d\u2019\u00e9puisement.<\/strong><\/p>\n","protected":false},"excerpt":{"rendered":"La France affronte ce vendredi 27 juin un nouvel \u00e9pisode caniculaire pr\u00e9coce, marqu\u00e9 par une intensit\u00e9 et une&hellip;\n","protected":false},"author":2,"featured_media":207652,"comment_status":"","ping_status":"","sticky":false,"template":"","format":"standard","meta":{"footnotes":""},"categories":[4],"tags":[11,1011,27,2487,12,25],"class_list":{"0":"post-207651","1":"post","2":"type-post","3":"status-publish","4":"format-standard","5":"has-post-thumbnail","7":"category-france","8":"tag-actualites","9":"tag-fr","10":"tag-france","11":"tag-meteo","12":"tag-news","13":"tag-republique-francaise"},"share_on_mastodon":{"url":"https:\/\/pubeurope.com\/@fr\/114753888918116769","error":""},"_links":{"self":[{"href":"https:\/\/www.europesays.com\/fr\/wp-json\/wp\/v2\/posts\/207651","targetHints":{"allow":["GET"]}}],"collection":[{"href":"https:\/\/www.europesays.com\/fr\/wp-json\/wp\/v2\/posts"}],"about":[{"href":"https:\/\/www.europesays.com\/fr\/wp-json\/wp\/v2\/types\/post"}],"author":[{"embeddable":true,"href":"https:\/\/www.europesays.com\/fr\/wp-json\/wp\/v2\/users\/2"}],"replies":[{"embeddable":true,"href":"https:\/\/www.europesays.com\/fr\/wp-json\/wp\/v2\/comments?post=207651"}],"version-history":[{"count":0,"href":"https:\/\/www.europesays.com\/fr\/wp-json\/wp\/v2\/posts\/207651\/revisions"}],"wp:featuredmedia":[{"embeddable":true,"href":"https:\/\/www.europesays.com\/fr\/wp-json\/wp\/v2\/media\/207652"}],"wp:attachment":[{"href":"https:\/\/www.europesays.com\/fr\/wp-json\/wp\/v2\/media?parent=207651"}],"wp:term":[{"taxonomy":"category","embeddable":true,"href":"https:\/\/www.europesays.com\/fr\/wp-json\/wp\/v2\/categories?post=207651"},{"taxonomy":"post_tag","embeddable":true,"href":"https:\/\/www.europesays.com\/fr\/wp-json\/wp\/v2\/tags?post=207651"}],"curies":[{"name":"wp","href":"https:\/\/api.w.org\/{rel}","templated":true}]}}