{"id":207655,"date":"2025-06-27T06:23:10","date_gmt":"2025-06-27T06:23:10","guid":{"rendered":"https:\/\/www.europesays.com\/fr\/207655\/"},"modified":"2025-06-27T06:23:10","modified_gmt":"2025-06-27T06:23:10","slug":"londaine-face-a-une-hausse-significative-des-demandeurs-demploi","status":"publish","type":"post","link":"https:\/\/www.europesays.com\/fr\/207655\/","title":{"rendered":"L&rsquo;ONDAINE FACE A UNE HAUSSE SIGNIFICATIVE DES DEMANDEURS D&rsquo;EMPLOI"},"content":{"rendered":"<p>Au 31 mars dernier, 5 506 demandeurs d\u2019emploi \u00e9taient comptabilis\u00e9s dans les cat\u00e9gories A, B et C, repr\u00e9sentant une croissance de 8,8% par rapport \u00e0 la m\u00eame p\u00e9riode de l\u2019ann\u00e9e pr\u00e9c\u00e9dente. Cette \u00e9volution d\u00e9passe celle observ\u00e9e sur l\u2019ensemble du bassin st\u00e9phanois, qui affiche une progression de 7,6%.<\/p>\n<p>Cette hausse statistique s\u2019explique en grande partie par l\u2019entr\u00e9e en vigueur de la loi Plein emploi en janvier 2025. D\u00e9sormais, les agences France Travail int\u00e8grent dans leurs statistiques les b\u00e9n\u00e9ficiaires du RSA ainsi que les jeunes pr\u00e9c\u00e9demment suivis exclusivement par les Missions locales.<\/p>\n<p>Jean-Christophe Gessen, directeur de l\u2019agence France Travail de Firminy, pr\u00e9cise que cette r\u00e9forme conduit \u00e0 \u00ab\u00a0inscrire tout le monde\u00a0\u00bb dans un r\u00e9seau unifi\u00e9 pour l\u2019emploi, incluant diverses structures partenaires telles que les Missions locales, Cap emploi et le D\u00e9partement. Il souligne que les comparaisons seront plus significatives dans un an, une fois cette transition pleinement int\u00e9gr\u00e9e.<\/p>\n<p>Le territoire de l\u2019Ondaine pr\u00e9sente des caract\u00e9ristiques socio-\u00e9conomiques particuli\u00e8res qui influencent ces statistiques. La vall\u00e9e compte une proportion plus \u00e9lev\u00e9e de b\u00e9n\u00e9ficiaires du RSA qu\u2019\u00e0 Saint-\u00c9tienne, ainsi que des quartiers prioritaires de la politique de la ville \u00e0 Firminy. Le niveau de pr\u00e9carit\u00e9 y est sup\u00e9rieur \u00e0 la moyenne d\u00e9partementale, et la population locale pr\u00e9sente des niveaux de qualification et de formation inf\u00e9rieurs.<\/p>\n<p>R\u00e9partition d\u00e9mographique des demandeurs d\u2019emploi<\/p>\n<p>Sur l\u2019ensemble des 5 506 demandeurs d\u2019emploi recens\u00e9s, la r\u00e9partition par genre est quasiment \u00e9quilibr\u00e9e : 2 776 hommes pour 2 730 femmes.<\/p>\n<p>L\u2019analyse par tranches d\u2019\u00e2ge r\u00e9v\u00e8le des disparit\u00e9s importantes :<\/p>\n<ul class=\"wp-block-list\">\n<li>Les moins de 26 ans repr\u00e9sentent 1 173 personnes (21% du total) et affichent la plus forte progression avec +15,7% sur un an<\/li>\n<li>La tranche 26-49 ans regroupe 2 932 individus (53% du total) avec une augmentation de 6,1%<\/li>\n<li>Les plus de 50 ans constituent 26% des inscrits (1 401 personnes) avec une hausse de 9,2%<\/li>\n<\/ul>\n<p>Cette derni\u00e8re cat\u00e9gorie subit particuli\u00e8rement les effets de la r\u00e9forme des retraites, les personnes restant inscrites plus longtemps qu\u2019auparavant.<\/p>\n<p>Des signaux encourageants malgr\u00e9 la hausse<\/p>\n<p>Malgr\u00e9 cette augmentation globale, Jean-Christophe Gessen souligne des \u00e9l\u00e9ments encourageants : sur les 5 506 demandeurs d\u2019emploi, 3 200 sont inscrits depuis moins d\u2019un an, tandis que 2 367 le sont depuis plus de douze mois. L\u2019agence comptabilise entre 2 000 et 2 500 retours \u00e0 l\u2019emploi annuels, d\u00e9montrant l\u2019existence de solutions concr\u00e8tes.<\/p>\n<p>L\u2019\u00e9volution touche \u00e9galement les publics prioritaires :<\/p>\n<ul class=\"wp-block-list\">\n<li>Les b\u00e9n\u00e9ficiaires du RSA ont augment\u00e9 de 22,1% en un an, atteignant 894 personnes<\/li>\n<li>Environ 500 personnes en situation de handicap sont accompagn\u00e9es (pr\u00e8s de 10% du total)<\/li>\n<\/ul>\n<p>L\u2019agence propose un accompagnement sp\u00e9cialis\u00e9 avec une \u00e9quipe d\u00e9di\u00e9e et des permanences Cap emploi deux jours par semaine.<\/p>\n<p>Un march\u00e9 de l\u2019emploi contrast\u00e9<\/p>\n<p>Malgr\u00e9 ces chiffres pr\u00e9occupants, plusieurs secteurs continuent de recruter activement dans l\u2019Ondaine : industrie, restauration, services (int\u00e9rim, bureautique, aide \u00e0 la personne), b\u00e2timent, nettoyage, commerce et distribution.<\/p>\n<p>Les m\u00e9tiers les plus recherch\u00e9s par les demandeurs d\u2019emploi sont le nettoyage de locaux et l\u2019assistance aupr\u00e8s des enfants (assistantes maternelles, personnel de cr\u00e8che).<\/p>\n<p>Les d\u00e9fis persistants<\/p>\n<p>Le bassin st\u00e9phanois affiche un taux de ch\u00f4mage de 8,1%, sup\u00e9rieur aux moyennes r\u00e9gionale (6,4%) et d\u00e9partementale (7,6%), refl\u00e9tant les difficult\u00e9s structurelles du territoire.<\/p>\n<p>Bien que la r\u00e9gion dispose d\u2019un r\u00e9seau de transports en commun d\u00e9velopp\u00e9, la mobilit\u00e9 demeure un obstacle significatif pour l\u2019acc\u00e8s \u00e0 l\u2019emploi. Si environ 90 offres sont disponibles directement sur les neuf communes de l\u2019Ondaine, ce nombre augmente consid\u00e9rablement en \u00e9largissant le p\u00e9rim\u00e8tre de recherche.<\/p>\n<p>Le secteur de l\u2019Ondaine comprend les communes de Firminy, Le Chambon-Feugerolles, La Ricamarie, Unieux, Fraisses, Saint-Paul-en-Cornillon, \u00c7aloire, Saint-Maurice-en-Gourgois et Rozier-C\u00f4tes-d\u2019Aurec.<\/p>\n","protected":false},"excerpt":{"rendered":"Au 31 mars dernier, 5 506 demandeurs d\u2019emploi \u00e9taient comptabilis\u00e9s dans les cat\u00e9gories A, B et C, repr\u00e9sentant&hellip;\n","protected":false},"author":2,"featured_media":207656,"comment_status":"","ping_status":"","sticky":false,"template":"","format":"standard","meta":{"footnotes":""},"categories":[9653],"tags":[1111,11,2430,341,1777,674,1011,27,530,3367,12,25,4001],"class_list":{"0":"post-207655","1":"post","2":"type-post","3":"status-publish","4":"format-standard","5":"has-post-thumbnail","7":"category-saint-etienne","8":"tag-actu","9":"tag-actualites","10":"tag-auvergne-rhone-alpes","11":"tag-emploi","12":"tag-eu","13":"tag-europe","14":"tag-fr","15":"tag-france","16":"tag-france-travail","17":"tag-loire","18":"tag-news","19":"tag-republique-francaise","20":"tag-saint-etienne"},"share_on_mastodon":{"url":"https:\/\/pubeurope.com\/@fr\/114753896697032730","error":""},"_links":{"self":[{"href":"https:\/\/www.europesays.com\/fr\/wp-json\/wp\/v2\/posts\/207655","targetHints":{"allow":["GET"]}}],"collection":[{"href":"https:\/\/www.europesays.com\/fr\/wp-json\/wp\/v2\/posts"}],"about":[{"href":"https:\/\/www.europesays.com\/fr\/wp-json\/wp\/v2\/types\/post"}],"author":[{"embeddable":true,"href":"https:\/\/www.europesays.com\/fr\/wp-json\/wp\/v2\/users\/2"}],"replies":[{"embeddable":true,"href":"https:\/\/www.europesays.com\/fr\/wp-json\/wp\/v2\/comments?post=207655"}],"version-history":[{"count":0,"href":"https:\/\/www.europesays.com\/fr\/wp-json\/wp\/v2\/posts\/207655\/revisions"}],"wp:featuredmedia":[{"embeddable":true,"href":"https:\/\/www.europesays.com\/fr\/wp-json\/wp\/v2\/media\/207656"}],"wp:attachment":[{"href":"https:\/\/www.europesays.com\/fr\/wp-json\/wp\/v2\/media?parent=207655"}],"wp:term":[{"taxonomy":"category","embeddable":true,"href":"https:\/\/www.europesays.com\/fr\/wp-json\/wp\/v2\/categories?post=207655"},{"taxonomy":"post_tag","embeddable":true,"href":"https:\/\/www.europesays.com\/fr\/wp-json\/wp\/v2\/tags?post=207655"}],"curies":[{"name":"wp","href":"https:\/\/api.w.org\/{rel}","templated":true}]}}