{"id":207674,"date":"2025-06-27T06:34:09","date_gmt":"2025-06-27T06:34:09","guid":{"rendered":"https:\/\/www.europesays.com\/fr\/207674\/"},"modified":"2025-06-27T06:34:09","modified_gmt":"2025-06-27T06:34:09","slug":"un-projet-de-mega-usine-valide-par-la-prefecture-de-lisere","status":"publish","type":"post","link":"https:\/\/www.europesays.com\/fr\/207674\/","title":{"rendered":"un projet de m\u00e9ga-usine valid\u00e9 par la pr\u00e9fecture de l\u2019Is\u00e8re"},"content":{"rendered":"<p itemprop=\"description\"><strong>Dans son rapport annuel, la pr\u00e9fecture de R\u00e9gion a valid\u00e9 le projet de m\u00e9ga-usine \u00e0 Crolles.<\/strong><\/p>\n<p class=\"x_MsoNormal\" style=\"color: #242424; font-style: normal; font-variant-ligatures: normal; font-variant-caps: normal; font-weight: 400; letter-spacing: normal; orphans: 2; text-align: start; text-indent: 0px; text-transform: none; widows: 2; word-spacing: 0px; -webkit-text-stroke-width: 0px; white-space: normal; background-color: #ffffff; text-decoration-thickness: initial; text-decoration-style: initial; text-decoration-color: initial; margin: 0cm 0cm 8pt; line-height: 18.4px; font-size: 12pt; font-family: Calibri, sans-serif;\">Ce mercredi 25 juin, la Direction r\u00e9gionale de l\u2019Environnement, de l\u2019Am\u00e9nagement et du Logement (DREAL) Auvergne-Rh\u00f4ne-Alpes a publi\u00e9 son rapport annuel 2024 sur les contr\u00f4les des industries potentiellement dangereuses pour la sant\u00e9 de la population et pour l\u2019environnement en cas d\u2019accident.<\/p>\n<p class=\"x_MsoNormal\" style=\"color: #242424; font-style: normal; font-variant-ligatures: normal; font-variant-caps: normal; font-weight: 400; letter-spacing: normal; orphans: 2; text-align: start; text-indent: 0px; text-transform: none; widows: 2; word-spacing: 0px; -webkit-text-stroke-width: 0px; white-space: normal; background-color: #ffffff; text-decoration-thickness: initial; text-decoration-style: initial; text-decoration-color: initial; margin: 0cm 0cm 8pt; line-height: 18.4px; font-size: 12pt; font-family: Calibri, sans-serif;\">D\u2019apr\u00e8s les chiffres de l\u2019an pass\u00e9, le d\u00e9partement de l\u2019Is\u00e8re pr\u00e8s de 50 sites industriels \u00eatre mis en demeure. Au total, quatre amendes administratives et 16 astreintes financi\u00e8res ont \u00e9t\u00e9 prononc\u00e9es.<\/p>\n<p class=\"x_MsoNormal\" style=\"color: #242424; font-style: normal; font-variant-ligatures: normal; font-variant-caps: normal; font-weight: 400; letter-spacing: normal; orphans: 2; text-align: start; text-indent: 0px; text-transform: none; widows: 2; word-spacing: 0px; -webkit-text-stroke-width: 0px; white-space: normal; background-color: #ffffff; text-decoration-thickness: initial; text-decoration-style: initial; text-decoration-color: initial; margin: 0cm 0cm 8pt; line-height: 18.4px; font-size: 12pt; font-family: Calibri, sans-serif;\">Mais une d\u00e9cision prise dans ce rapport en a surpris plus d\u2019un. Le projet de m\u00e9ga-usine de semi-conducteurs ST Microelectronics de Grolles, au nord-est de Grenoble, a \u00e9t\u00e9 autoris\u00e9 par la pr\u00e9f\u00e8te de l\u2019Is\u00e8re, le 20 mars 2025, suite \u00e0 la fin de l\u2019enqu\u00eate publique lanc\u00e9e en 2024. Et ce, alors que de nombreux opposants au projet d\u00e9noncent une aberration \u00e9cologique.<\/p>\n<p class=\"x_MsoNormal\" style=\"color: #242424; font-style: normal; font-variant-ligatures: normal; font-variant-caps: normal; font-weight: 400; letter-spacing: normal; orphans: 2; text-align: start; text-indent: 0px; text-transform: none; widows: 2; word-spacing: 0px; -webkit-text-stroke-width: 0px; white-space: normal; background-color: #ffffff; text-decoration-thickness: initial; text-decoration-style: initial; text-decoration-color: initial; margin: 0cm 0cm 8pt; line-height: 18.4px; font-size: 12pt; font-family: Calibri, sans-serif;\">La r\u00e9alisation de la m\u00e9ga-usine est estim\u00e9e \u00e0 sept milliards d\u2019euros.<\/p>\n","protected":false},"excerpt":{"rendered":"Dans son rapport annuel, la pr\u00e9fecture de R\u00e9gion a valid\u00e9 le projet de m\u00e9ga-usine \u00e0 Crolles. Ce mercredi&hellip;\n","protected":false},"author":2,"featured_media":207675,"comment_status":"","ping_status":"","sticky":false,"template":"","format":"standard","meta":{"footnotes":""},"categories":[9566],"tags":[1111,11,7733,8279,2430,7736,650,7734,2889,2263,1777,674,1011,27,2731,8280,6417,1114,108,4662,12,3725,1825,25,7737],"class_list":{"0":"post-207674","1":"post","2":"type-post","3":"status-publish","4":"format-standard","5":"has-post-thumbnail","7":"category-grenoble","8":"tag-actu","9":"tag-actualites","10":"tag-alpes","11":"tag-alpes1","12":"tag-auvergne-rhone-alpes","13":"tag-cds","14":"tag-cinema","15":"tag-ecoute","16":"tag-emission","17":"tag-equipe","18":"tag-eu","19":"tag-europe","20":"tag-fr","21":"tag-france","22":"tag-grenoble","23":"tag-haute","24":"tag-information","25":"tag-infos","26":"tag-isere","27":"tag-journal","28":"tag-news","29":"tag-podcast","30":"tag-radio","31":"tag-republique-francaise","32":"tag-winamp"},"share_on_mastodon":{"url":"https:\/\/pubeurope.com\/@fr\/114753940040283471","error":""},"_links":{"self":[{"href":"https:\/\/www.europesays.com\/fr\/wp-json\/wp\/v2\/posts\/207674","targetHints":{"allow":["GET"]}}],"collection":[{"href":"https:\/\/www.europesays.com\/fr\/wp-json\/wp\/v2\/posts"}],"about":[{"href":"https:\/\/www.europesays.com\/fr\/wp-json\/wp\/v2\/types\/post"}],"author":[{"embeddable":true,"href":"https:\/\/www.europesays.com\/fr\/wp-json\/wp\/v2\/users\/2"}],"replies":[{"embeddable":true,"href":"https:\/\/www.europesays.com\/fr\/wp-json\/wp\/v2\/comments?post=207674"}],"version-history":[{"count":0,"href":"https:\/\/www.europesays.com\/fr\/wp-json\/wp\/v2\/posts\/207674\/revisions"}],"wp:featuredmedia":[{"embeddable":true,"href":"https:\/\/www.europesays.com\/fr\/wp-json\/wp\/v2\/media\/207675"}],"wp:attachment":[{"href":"https:\/\/www.europesays.com\/fr\/wp-json\/wp\/v2\/media?parent=207674"}],"wp:term":[{"taxonomy":"category","embeddable":true,"href":"https:\/\/www.europesays.com\/fr\/wp-json\/wp\/v2\/categories?post=207674"},{"taxonomy":"post_tag","embeddable":true,"href":"https:\/\/www.europesays.com\/fr\/wp-json\/wp\/v2\/tags?post=207674"}],"curies":[{"name":"wp","href":"https:\/\/api.w.org\/{rel}","templated":true}]}}