{"id":207676,"date":"2025-06-27T06:35:13","date_gmt":"2025-06-27T06:35:13","guid":{"rendered":"https:\/\/www.europesays.com\/fr\/207676\/"},"modified":"2025-06-27T06:35:13","modified_gmt":"2025-06-27T06:35:13","slug":"vern-sur-seiche-les-eleves-du-bagad-se-mettent-a-lheure-dete","status":"publish","type":"post","link":"https:\/\/www.europesays.com\/fr\/207676\/","title":{"rendered":"Vern-sur-Seiche. Les \u00e9l\u00e8ves du bagad se mettent \u00e0 l\u2019heure d\u2019\u00e9t\u00e9"},"content":{"rendered":"<p>D\u00e9j\u00e0 la fin d\u2019ann\u00e9e scolaire pour les musiciens du bagad Kadoudal et les danseurs du Cercle celtique associ\u00e9. Les \u00e9l\u00e8ves pr\u00e9senteront leurs apprentissages au march\u00e9, samedi matin.<\/p>\n<p>Cette matin\u00e9e sera aussi l\u2019occasion pour les danseurs enfants et adolescents, ainsi que les \u00e9l\u00e8ves des classes bilingues de venir danser sur les morceaux qui y seront jou\u00e9s.<\/p>\n<p>\u00a0Les apprentis ont bien progress\u00e9 \u00e0 nouveau cette ann\u00e9e, et peuvent pour certains d\u00e9j\u00e0 participer aux animations et prestations de l\u2019association\u00a0, annonce Bob Hasl\u00e9, pr\u00e9sident.<\/p>\n<p>Certains ont d\u00e9j\u00e0 particip\u00e9 au concours de 5e cat\u00e9gorie de Dol-de-Bretagne le 1er\u00a0mai, et le bagadig de Vern s\u2019est plac\u00e9 en t\u00eate. Le penn-soner, Ywen Gauvain, \u00e2g\u00e9 de 16\u00a0ans, est ravi de cette prestation et de la motivation du groupe. \u00a0Il y a eu une belle coh\u00e9sion, tout le monde a suivi, et cela s\u2019est ressenti avec une bonne ambiance le jour du concours.\u00a0 Cette belle place va d\u2019autant plus encourager les jeunes \u00e0 continuer leurs apprentissages.<\/p>\n<p>L\u2019\u00e9t\u00e9 sera occup\u00e9 pour les musiciens qui sont amen\u00e9s \u00e0 jouer lors de diff\u00e9rentes prestations, en Bretagne et plus loin, avec notamment la f\u00eate des vieux m\u00e9tiers sur l\u2019\u00eele d\u2019Olonne en Vend\u00e9e, le 20\u00a0juillet.<\/p>\n<p>Le 1er\u00a0juillet, les cercles enfants, puis adultes (avec le cercle de Bruz), participeront au premier mercredi du Thabor organis\u00e9 par Kenleur. Le concert du bagad et bagadig suivront le 9\u00a0juillet.<\/p>\n<p>L\u2019association Div yezh gwern et le bagad travaillent ensemble pour renouveler le fest-noz et donnent d\u00e9j\u00e0 rendez-vous \u00e0 l\u2019automne pour le prochain. Les inscriptions pour septembre sont d\u00e9j\u00e0 ouvertes, les membres de l\u2019association seront pr\u00e9sents au forum des associations \u00e0 Vern le 5\u00a0septembre.<\/p>\n<p><strong>Contact\u00a0:<\/strong> bagad.kadoudal@orange.fr ou t\u00e9l. 02\u00a099\u00a062\u00a011\u00a027. Permanence informations au local 3, chemin Roblot, le lundi, mercredi, vendredi, \u00e0 partir de 19\u00a0h.<\/p>\n<p>\u00a0<\/p>\n","protected":false},"excerpt":{"rendered":"D\u00e9j\u00e0 la fin d\u2019ann\u00e9e scolaire pour les musiciens du bagad Kadoudal et les danseurs du Cercle celtique associ\u00e9.&hellip;\n","protected":false},"author":2,"featured_media":207677,"comment_status":"","ping_status":"","sticky":false,"template":"","format":"standard","meta":{"footnotes":""},"categories":[2821],"tags":[1111,11,34680,829,1121,2883,1777,674,1011,27,3838,6341,12,3086,584,25,9310],"class_list":{"0":"post-207676","1":"post","2":"type-post","3":"status-publish","4":"format-standard","5":"has-post-thumbnail","7":"category-rennes","8":"tag-actu","9":"tag-actualites","10":"tag-bagad","11":"tag-bretagne","12":"tag-eleves","13":"tag-ete","14":"tag-eu","15":"tag-europe","16":"tag-fr","17":"tag-france","18":"tag-heure","19":"tag-mettent","20":"tag-news","21":"tag-redon","22":"tag-rennes","23":"tag-republique-francaise","24":"tag-vern-sur-seiche"},"share_on_mastodon":{"url":"https:\/\/pubeurope.com\/@fr\/114753943894186304","error":""},"_links":{"self":[{"href":"https:\/\/www.europesays.com\/fr\/wp-json\/wp\/v2\/posts\/207676","targetHints":{"allow":["GET"]}}],"collection":[{"href":"https:\/\/www.europesays.com\/fr\/wp-json\/wp\/v2\/posts"}],"about":[{"href":"https:\/\/www.europesays.com\/fr\/wp-json\/wp\/v2\/types\/post"}],"author":[{"embeddable":true,"href":"https:\/\/www.europesays.com\/fr\/wp-json\/wp\/v2\/users\/2"}],"replies":[{"embeddable":true,"href":"https:\/\/www.europesays.com\/fr\/wp-json\/wp\/v2\/comments?post=207676"}],"version-history":[{"count":0,"href":"https:\/\/www.europesays.com\/fr\/wp-json\/wp\/v2\/posts\/207676\/revisions"}],"wp:featuredmedia":[{"embeddable":true,"href":"https:\/\/www.europesays.com\/fr\/wp-json\/wp\/v2\/media\/207677"}],"wp:attachment":[{"href":"https:\/\/www.europesays.com\/fr\/wp-json\/wp\/v2\/media?parent=207676"}],"wp:term":[{"taxonomy":"category","embeddable":true,"href":"https:\/\/www.europesays.com\/fr\/wp-json\/wp\/v2\/categories?post=207676"},{"taxonomy":"post_tag","embeddable":true,"href":"https:\/\/www.europesays.com\/fr\/wp-json\/wp\/v2\/tags?post=207676"}],"curies":[{"name":"wp","href":"https:\/\/api.w.org\/{rel}","templated":true}]}}