{"id":207678,"date":"2025-06-27T06:36:12","date_gmt":"2025-06-27T06:36:12","guid":{"rendered":"https:\/\/www.europesays.com\/fr\/207678\/"},"modified":"2025-06-27T06:36:12","modified_gmt":"2025-06-27T06:36:12","slug":"damien-tison-va-estimer-gratuitement-vos-objets-dans-ce-centre-commercial-pres-de-rennes","status":"publish","type":"post","link":"https:\/\/www.europesays.com\/fr\/207678\/","title":{"rendered":"Damien Tison va estimer gratuitement vos objets dans ce centre commercial pr\u00e8s de Rennes"},"content":{"rendered":"<p>            Par<br \/>\n        <strong><br \/>\n            <a href=\"https:\/\/actu.fr\/auteur\/brian-legoff\" title=\"Consulter tous les articles de Brian Le Goff\" target=\"_blank\" rel=\"noopener\">Brian Le Goff<\/a><br \/>\n        <\/strong><\/p>\n<p>        Publi\u00e9 le<\/p>\n<p>            27 juin 2025 \u00e0 8h15        <\/p>\n<p><strong>Discerner la valeur insoup\u00e7onn\u00e9e d\u2019un objet,<\/strong> c\u2019est le principe de l\u2019\u00e9mission \u00ab\u2009Affaire conclue\u2009\u00bb, regard\u00e9e par environ un million de t\u00e9l\u00e9spectateurs chaque jour sur France 2.<\/p>\n<p class=\" wall-content\">Mais aujourd\u2019hui, estimer des objets ne se fait plus seulement en studio et <strong>les experts se d\u00e9placent dans toute la France<\/strong> pour que chacun puisse b\u00e9n\u00e9ficier de leur regard. Ce sera le cas, <strong>samedi 28\u00a0juin, au centre commercial Carrefour Rennes Cesson<\/strong>.<\/p>\n<p>Sans rendez-vous<\/p>\n<p class=\" wall-content\">En effet, <strong>Damien Tison, expert-acheteur de l\u2019\u00e9mission,<\/strong> sera pr\u00e9sent dans l\u2019all\u00e9e centrale du centre,<strong> de 10h \u00e0 13h et de 14h \u00e0 18h,<\/strong> sans rendez-vous pour rencontrer le public et estimer les objets apport\u00e9s par les visiteurs du centre.<\/p>\n<p class=\" wall-content\">\u00ab\u2009Qu\u2019il s\u2019agisse d\u2019un<strong> objet ancien, insolite ou simplement charg\u00e9 d\u2019histoire,<\/strong> chacun aura la chance de d\u00e9couvrir s\u2019il d\u00e9tient un tr\u00e9sor cach\u00e9\u2009\u00bb, ajoute dans un communiqu\u00e9 la direction du centre commercial.<\/p>\n<p>    <a href=\"https:\/\/www.facebook.com\/plugins\/post.php?href=https%3A%2F%2Fwww.facebook.com%2Fccrennescesson%2Fposts%2Fpfbid0mhgsPnZTkmp8F2EoFSKsQK4NdzxLPfJdg4xcF3StAFUhZMY3VhfFNS76RR9iSX1Fl&amp;show_text=true&amp;width=350\" title=\"Ouvrie le lien\" target=\"_blank\" rel=\"noopener\">Cliquez ici pour visualiser le contenu<\/a><\/p>\n<p>Vid\u00e9os : en ce moment sur Actu<\/p>\n<p class=\" wall-content\">Damien Tison se <strong>r\u00e9serve la possibilit\u00e9 de faire des offres d\u2019achat imm\u00e9diates,<\/strong> selon le centre commercial. Cette op\u00e9ration aura lieu dans plusieurs centres commerciaux du groupe Carmila, gestionnaire de celui de Cesson-S\u00e9vign\u00e9.<\/p>\n<p>Centre commercial Carrefour Rennes-Cesson, Zone d\u2019Activit\u00e9, La Rigourdi\u00e8re, 35510 Cesson-S\u00e9vign\u00e9. Horaires\u2009: de 9h30 \u00e0 20h.<\/p>\n<p class=\" wall-content\">Suivez toute l\u2019actualit\u00e9 de vos villes et m\u00e9dias favoris en vous inscrivant \u00e0 <a href=\"https:\/\/moncompte.actu.fr\" title=\"D\u00e9couvez Mon Actu\" rel=\"nofollow noopener\" data-trk=\"{&quot;cta&quot;:{&quot;action&quot;:&quot;https:\\\/\\\/moncompte.actu.fr&quot;,&quot;category&quot;:&quot;mon compte&quot;,&quot;from&quot;:&quot;article footer&quot;,&quot;name&quot;:&quot;Mon actu&quot;,&quot;type&quot;:&quot;cta&quot;}}\" target=\"_blank\">Mon Actu<\/a>.<\/p>\n","protected":false},"excerpt":{"rendered":"Par Brian Le Goff Publi\u00e9 le 27 juin 2025 \u00e0 8h15 Discerner la valeur insoup\u00e7onn\u00e9e d\u2019un objet, c\u2019est&hellip;\n","protected":false},"author":2,"featured_media":166872,"comment_status":"","ping_status":"","sticky":false,"template":"","format":"standard","meta":{"footnotes":""},"categories":[2821],"tags":[1111,11,1063,829,215,33,1777,674,1011,27,12,584,25],"class_list":{"0":"post-207678","1":"post","2":"type-post","3":"status-publish","4":"format-standard","5":"has-post-thumbnail","7":"category-rennes","8":"tag-actu","9":"tag-actualites","10":"tag-animations","11":"tag-bretagne","12":"tag-commerce","13":"tag-economie","14":"tag-eu","15":"tag-europe","16":"tag-fr","17":"tag-france","18":"tag-news","19":"tag-rennes","20":"tag-republique-francaise"},"share_on_mastodon":{"url":"https:\/\/pubeurope.com\/@fr\/114753948010587416","error":""},"_links":{"self":[{"href":"https:\/\/www.europesays.com\/fr\/wp-json\/wp\/v2\/posts\/207678","targetHints":{"allow":["GET"]}}],"collection":[{"href":"https:\/\/www.europesays.com\/fr\/wp-json\/wp\/v2\/posts"}],"about":[{"href":"https:\/\/www.europesays.com\/fr\/wp-json\/wp\/v2\/types\/post"}],"author":[{"embeddable":true,"href":"https:\/\/www.europesays.com\/fr\/wp-json\/wp\/v2\/users\/2"}],"replies":[{"embeddable":true,"href":"https:\/\/www.europesays.com\/fr\/wp-json\/wp\/v2\/comments?post=207678"}],"version-history":[{"count":0,"href":"https:\/\/www.europesays.com\/fr\/wp-json\/wp\/v2\/posts\/207678\/revisions"}],"wp:featuredmedia":[{"embeddable":true,"href":"https:\/\/www.europesays.com\/fr\/wp-json\/wp\/v2\/media\/166872"}],"wp:attachment":[{"href":"https:\/\/www.europesays.com\/fr\/wp-json\/wp\/v2\/media?parent=207678"}],"wp:term":[{"taxonomy":"category","embeddable":true,"href":"https:\/\/www.europesays.com\/fr\/wp-json\/wp\/v2\/categories?post=207678"},{"taxonomy":"post_tag","embeddable":true,"href":"https:\/\/www.europesays.com\/fr\/wp-json\/wp\/v2\/tags?post=207678"}],"curies":[{"name":"wp","href":"https:\/\/api.w.org\/{rel}","templated":true}]}}