{"id":207679,"date":"2025-06-27T06:37:11","date_gmt":"2025-06-27T06:37:11","guid":{"rendered":"https:\/\/www.europesays.com\/fr\/207679\/"},"modified":"2025-06-27T06:37:11","modified_gmt":"2025-06-27T06:37:11","slug":"une-exposition-en-hommage-aux-victimes-de-violences-sexuelles-en-temps-de-guerre","status":"publish","type":"post","link":"https:\/\/www.europesays.com\/fr\/207679\/","title":{"rendered":"une exposition en hommage aux victimes de violences sexuelles en temps de guerre"},"content":{"rendered":"<p>\u00ab\u00a0La dissonance entre la couleur vive de ces robes et les atrocit\u00e9s qu\u2019elles ont enferm\u00e9es est frappante\u00a0\u00bb, remarque la directrice adjointe de la Fondation Ren\u00e9-Cassin, Val\u00e9rie Baud-Candau. Les habits, surplombant la rue des Hallebardes, proviennent de plus de 20 pays et ont \u00e9t\u00e9 donn\u00e9s par les victimes ou leurs proches.<\/p>\n<p>Ce contenu est bloqu\u00e9 car vous n&rsquo;avez pas accept\u00e9 les cookies et autres traceurs.<\/p>\n<p>En cliquant sur \u00ab J\u2019accepte \u00bb, les cookies et autres traceurs seront d\u00e9pos\u00e9s et vous pourrez visualiser les contenus  (<a href=\"\" class=\"consentModule_policy\" target=\"_blank\" title=\"Consulter la politique de protection des donn\u00e9es du fournisseur\">plus d&rsquo;informations<\/a>).<\/p>\n<p>En cliquant sur \u00ab J\u2019accepte tous les cookies \u00bb, vous autorisez des d\u00e9p\u00f4ts de cookies et autres traceurs pour le stockage de vos donn\u00e9es sur nos sites et applications \u00e0 des fins de personnalisation et de ciblage publicitaire.<\/p>\n<p class=\"consentModule_secondaryText\">Vous gardez la possibilit\u00e9 de retirer votre consentement \u00e0 tout moment en consultant notre <a href=\"https:\/\/www.dna.fr\/protection-des-donnees\" target=\"_blank\" title=\"Consulter notre politique de protection des donn\u00e9es\" rel=\"nofollow noopener\">politique de protection des donn\u00e9es<\/a>. <br \/>&#13;<br \/>\n            <a href=\"https:\/\/www.dna.fr\/culture-loisirs\/2025\/06\/27\/javascript:Didomi.notice.show()\" class=\"consentModule_cmp\" rel=\"nofollow noopener\" target=\"_blank\">G\u00e9rer mes choix<\/a>&#13;\n        <\/p>\n<p>&#13;<br \/>\n                        J&rsquo;accepte&#13;<br \/>\n            J&rsquo;accepte tous les cookies&#13;\n        <\/p>\n<p>  8000 robes de victimes de violences sexuelles<\/p>\n<p>L\u2019exposition se veut publique et d\u00e9clinable dans plusieurs endroits pour \u00ab\u00a0faire comprendre au plus grand nombre les cons\u00e9quences des <a href=\"https:\/\/www.dna.fr\/faits-divers-justice\/2025\/06\/23\/six-adolescentes-sexuellement-agressees-au-plan-d-eau-un-trentenaire-condamne\" target=\"_blank\" rel=\"nofollow noopener\">violences sexuelles<\/a> \u00a0\u00bb, explique Alketa Xhafa Mripa, cr\u00e9atrice de \u00ab\u00a0Thinking of You\u00a0\u00bb.<\/p>\n<p>Le symbole est d\u2019autant plus important \u00e0 Strasbourg \u00ab\u00a0le c\u0153ur des institutions europ\u00e9ennes et de d\u00e9fense des droits de l\u2019Homme\u00a0\u00bb, selon elle. L\u2019exposition a d\u2019ailleurs \u00e9t\u00e9 d\u00e9plac\u00e9e du <a href=\"https:\/\/www.dna.fr\/defense-guerre-conflit\/2025\/06\/26\/a-strasbourg-zelensky-a-defendu-des-liens-forts-avec-trump\" target=\"_blank\" rel=\"nofollow noopener\">Conseil de l\u2019Europe<\/a> \u00e0 la rue des Hallebardes, passant d\u2019une cible politique au grand public.<\/p>\n<p>L\u2019artiste a r\u00e9uni 8000 robes pour l\u2019instant, une collecte qui n\u2019est malheureusement pas termin\u00e9e. Du Kosovo au Mali, en passant par <a href=\"https:\/\/www.dna.fr\/france-monde\/ukraine\" target=\"_blank\" rel=\"nofollow noopener\">l\u2019Ukraine<\/a> , aucune guerre n\u2019est \u00e9pargn\u00e9e. \u00ab\u00a0N\u2019importe qui peut \u00eatre victime dans ce genre de situation\u00a0\u00bb, indique Alketa Xhafa Mripa. Symbole fort une fois de plus, l\u2019avocate de <a href=\"https:\/\/www.dna.fr\/p\/gisele-pelicot\" target=\"_blank\" rel=\"nofollow noopener\">Gis\u00e8le P\u00e9licot<\/a> a donn\u00e9 une de ses robes \u00e0 l\u2019artiste kosovare.<\/p>\n<p>  Un travail avec la Fondation Ren\u00e9-Cassin<\/p>\n<p>L\u2019installation rue des Hallebardes est le fruit d\u2019une \u00e9troite collaboration avec la Fondation Ren\u00e9-Cassin. Engag\u00e9 dans la d\u00e9fense des droits humains, l\u2019organisme a tout de suite collabor\u00e9 \u00e0 la pr\u00e9sentation du projet il y a quatre mois. \u00ab\u00a0C\u2019est une mani\u00e8re de rendre un peu de dignit\u00e9 aux victimes\u00a0\u00bb, estime Val\u00e9rie Baud-Candau.<\/p>\n","protected":false},"excerpt":{"rendered":"\u00ab\u00a0La dissonance entre la couleur vive de ces robes et les atrocit\u00e9s qu\u2019elles ont enferm\u00e9es est frappante\u00a0\u00bb, remarque&hellip;\n","protected":false},"author":2,"featured_media":207680,"comment_status":"","ping_status":"","sticky":false,"template":"","format":"standard","meta":{"footnotes":""},"categories":[2820],"tags":[1111,11,1687,3206,2880,1777,674,2271,6757,107,1011,27,775,937,12,25,104,640,2879],"class_list":{"0":"post-207679","1":"post","2":"type-post","3":"status-publish","4":"format-standard","5":"has-post-thumbnail","7":"category-strasbourg","8":"tag-actu","9":"tag-actualites","10":"tag-culture-loisirs","11":"tag-defense-guerre-conflit","12":"tag-edition-strasbourg","13":"tag-eu","14":"tag-europe","15":"tag-exposition-arts-plastiques","16":"tag-feminisme","17":"tag-fil-info","18":"tag-fr","19":"tag-france","20":"tag-grand-est","21":"tag-histoire","22":"tag-news","23":"tag-republique-francaise","24":"tag-societe","25":"tag-strasbourg","26":"tag-strasbourg-ville"},"share_on_mastodon":{"url":"https:\/\/pubeurope.com\/@fr\/114753951853267793","error":""},"_links":{"self":[{"href":"https:\/\/www.europesays.com\/fr\/wp-json\/wp\/v2\/posts\/207679","targetHints":{"allow":["GET"]}}],"collection":[{"href":"https:\/\/www.europesays.com\/fr\/wp-json\/wp\/v2\/posts"}],"about":[{"href":"https:\/\/www.europesays.com\/fr\/wp-json\/wp\/v2\/types\/post"}],"author":[{"embeddable":true,"href":"https:\/\/www.europesays.com\/fr\/wp-json\/wp\/v2\/users\/2"}],"replies":[{"embeddable":true,"href":"https:\/\/www.europesays.com\/fr\/wp-json\/wp\/v2\/comments?post=207679"}],"version-history":[{"count":0,"href":"https:\/\/www.europesays.com\/fr\/wp-json\/wp\/v2\/posts\/207679\/revisions"}],"wp:featuredmedia":[{"embeddable":true,"href":"https:\/\/www.europesays.com\/fr\/wp-json\/wp\/v2\/media\/207680"}],"wp:attachment":[{"href":"https:\/\/www.europesays.com\/fr\/wp-json\/wp\/v2\/media?parent=207679"}],"wp:term":[{"taxonomy":"category","embeddable":true,"href":"https:\/\/www.europesays.com\/fr\/wp-json\/wp\/v2\/categories?post=207679"},{"taxonomy":"post_tag","embeddable":true,"href":"https:\/\/www.europesays.com\/fr\/wp-json\/wp\/v2\/tags?post=207679"}],"curies":[{"name":"wp","href":"https:\/\/api.w.org\/{rel}","templated":true}]}}