{"id":207687,"date":"2025-06-27T06:41:09","date_gmt":"2025-06-27T06:41:09","guid":{"rendered":"https:\/\/www.europesays.com\/fr\/207687\/"},"modified":"2025-06-27T06:41:09","modified_gmt":"2025-06-27T06:41:09","slug":"malgre-leur-annulation-les-jeux-de-bretagne-trouvent-une-solution-de-repli","status":"publish","type":"post","link":"https:\/\/www.europesays.com\/fr\/207687\/","title":{"rendered":"malgr\u00e9 leur annulation, les Jeux de Bretagne trouvent une solution de repli"},"content":{"rendered":"<p>\u00c0 d\u00e9faut de pouvoir proposer dix jours de festivit\u00e9s, les organisateurs offrent une soir\u00e9e sp\u00e9ciale dans un bar partenaire ce vendredi. Au programme\u00a0: des jeux traditionnels et m\u00eame un karaok\u00e9 en langue bretonne.<\/p>\n<p class=\"fig-paragraph\">Touch\u00e9s mais pas coul\u00e9s. \u00abLes Jeux de Bretagne rebondissent\u00a0!\u00bb, annonce l\u2019\u00e9quipe organisatrice de ce festival culturel et sportif nantais, dont la quatri\u00e8me \u00e9dition\u00a0<a href=\"http:\/\/www.lefigaro.fr\/nantes\/nantes-les-jeux-de-bretagne-annules-les-organisateurs-denoncent-un-terrible-gachis-20250605\" target=\"_blank\" data-fig-type=\"NewsFlash\" rel=\"noopener\" data-gtm-custom-categorie=\"navigation\" data-gtm-custom-action=\"crossclick\" data-gtm-custom-label=\"Contextuel\" data-gtm-event=\"customEventSPE\" data-fig-domain=\"LEFIGARO\">a \u00e9t\u00e9 annul\u00e9e<\/a>. Initialement, l\u2019\u00e9v\u00e9nement aurait d\u00fb se d\u00e9rouler du 20 au 29 juin dans le centre de la\u00a0<a href=\"https:\/\/www.lefigaro.fr\/arts-expositions\/a-nantes-un-temple-de-la-curiosite-pour-la-cite-des-ducs-20240517\" target=\"_blank\" data-fig-type=\"Article\" rel=\"noopener\" data-gtm-custom-categorie=\"navigation\" data-gtm-custom-action=\"crossclick\" data-gtm-custom-label=\"Contextuel\" data-gtm-event=\"customEventSPE\" data-fig-domain=\"LEFIGARO\">cit\u00e9 des Ducs<\/a>. Or, \u00ables discussions avec le cabinet de la maire de Nantes n\u2019ayant pu aboutir, les Jeux de Bretagne se sont retrouv\u00e9s cette ann\u00e9e sans domicile digne de ce nom\u00bb.<\/p>\n<p class=\"fig-paragraph\">Face \u00e0 la d\u00e9ception des festivaliers, b\u00e9n\u00e9voles, clubs sportifs, associations culturelles, artistes et 700 scolaires qui \u00e9taient attendus, le comit\u00e9 de soutien s\u2019est mobilis\u00e9 pour organiser de toute urgence une soir\u00e9e sp\u00e9ciale. Celle-ci se d\u00e9roulera ce vendredi 27 juin au Little Atlantique Brewery (LAB), brasserie branch\u00e9e du quartier Chantenay, \u00e0 Nantes. \u00abIl fait partie de nos partenaires. Notre objectif est de mettre en avant \u00e0 la fois les jeux qu\u2019on peut qualifier de bretons mais aussi l\u2019\u00e9conomie et les produits locaux, \u00e0 l\u2019image d\u2019une des Une des bi\u00e8res que nous proposons \u00e0 la buvette est une du LAB\u00bb, explique le pr\u00e9sident du comit\u00e9 d\u2019organisation St\u00e9phane Briand, joint par t\u00e9l\u00e9phone.<\/p>\n<p>Karaok\u00e9 en langue bretonne<\/p>\n<p class=\"fig-paragraph\">Les invit\u00e9s pourront participer \u00e0 des jeux d\u2019adresse tel qu\u2019un palet sur planche, chanter lors d\u2019un karaok\u00e9 en\u00a0<a href=\"http:\/\/www.lefigaro.fr\/langue-francaise\/expressions-francaises\/kenavo-baradoz-connaissez-vous-ces-mots-bretons-20250519\" target=\"_blank\" data-fig-type=\"Article\" rel=\"noopener\" data-gtm-custom-categorie=\"navigation\" data-gtm-custom-action=\"crossclick\" data-gtm-custom-label=\"Contextuel\" data-gtm-event=\"customEventSPE\" data-fig-domain=\"LEFIGARO\">langue bretonne<\/a>\u00a0ou encore prendre part au tournoi intercontinental de basket-bol breton o\u00f9 \u00abplus de 300 bols invendables de la Fa\u00efencerie de Pornic seront remis au public et destin\u00e9s \u00e0 \u00eatre fracass\u00e9s un par un contre notre embl\u00e9matique panneau de basket\u00bb, indique un communiqu\u00e9. Un programme bien rempli mais bien loin de ce qui se fait en temps normal.<\/p>\n<p class=\"fig-paragraph\">Habituellement, lors de la manifestation s\u2019\u00e9talant sur une semaine, l\u2019id\u00e9e est de \u00abmettre en avant des sports traditionnels comme le gouren (un jeu de force), le lancer de botte de paille&#8230;\u00bb, d\u00e9taille St\u00e9phane Briand. Des pratiques m\u00e9connues y sont \u00e9galement valoris\u00e9es \u00e0 l\u2019instar de la boule nantaise, cette sp\u00e9cificit\u00e9 locale consistant \u00e0 jouer sur une piste incurv\u00e9e qui se pratique souvent dans les arri\u00e8re-salles des caf\u00e9s. Aussi, des clubs des cinq d\u00e9partements bretons viennent s\u2019affronter lors de comp\u00e9titions. \u00abL\u2019int\u00e9r\u00eat est de mettre des sports plut\u00f4t ruraux dans notre imaginaire au c\u0153ur du centre-ville\u00bb.<\/p>\n<p>Lieu inadapt\u00e9<\/p>\n<p class=\"fig-paragraph\">Pr\u00e9c\u00e9demment, l\u2019\u00e9dition s\u2019\u00e9tait d\u00e9roul\u00e9e au pied du\u00a0<a href=\"http:\/\/www.lefigaro.fr\/nantes\/nantes-un-ilot-de-fraicheur-pourrait-etre-amenage-au-centre-du-chateau-des-ducs-de-bretagne-20250330\" target=\"_blank\" data-fig-type=\"NewsFlash\" rel=\"noopener\" data-gtm-custom-categorie=\"navigation\" data-gtm-custom-action=\"crossclick\" data-gtm-custom-label=\"Contextuel\" data-gtm-event=\"customEventSPE\" data-fig-domain=\"LEFIGARO\">ch\u00e2teau des Ducs de Bretagne<\/a>. Cette ann\u00e9e, en raison de travaux, cela n\u2019a pas \u00e9t\u00e9 possible et l\u2019\u00e9quipe a demand\u00e9 \u00e0 d\u00e9placer l\u2019\u00e9v\u00e9nement quelques m\u00e8tres plus loin, au niveau de\u00a0<a href=\"http:\/\/www.lefigaro.fr\/nantes\/a-nantes-le-secteur-feydeau-commerce-change-de-visage-20230513\" target=\"_blank\" data-fig-type=\"Article\" rel=\"noopener\" data-gtm-custom-categorie=\"navigation\" data-gtm-custom-action=\"crossclick\" data-gtm-custom-label=\"Contextuel\" data-gtm-event=\"customEventSPE\" data-fig-domain=\"LEFIGARO\">Feydeau<\/a>. Cette solution, un temps envisag\u00e9e, a finalement \u00e9t\u00e9 stopp\u00e9e net fin mai, laissant l\u2019\u00e9quipe organisatrice pantoise. \u00abCe veto exerc\u00e9 par le cabinet de la maire ne semble pas motiv\u00e9 par des raisons techniques mais par des raisons politiques\u00bb a alors r\u00e9agi l\u2019\u00e9quipe des Jeux de Bretagne, tandis que la mairie avait assur\u00e9 au Figaro d\u00e9but juin avoir propos\u00e9 le site de Gloriette-Petite Hollande. Une configuration pas adapt\u00e9e \u00e0 la manifestation selon les organisateurs.<\/p>\n<p class=\"fig-paragraph\">Toujours est-il qu\u2019aujourd\u2019hui, \u00abon n\u2019a toujours pas compris pourquoi le site de Feydeau n\u2019a pas \u00e9t\u00e9 disponible pour les jeux de Bretagne\u00bb, confie St\u00e9phane Briand qui ne d\u00e9sesp\u00e8re pas et garde le cap. \u00abOn a renvoy\u00e9 un courrier \u00e0 la maire, Johanna Rolland, pour demander un rendez-vous et lever les incompr\u00e9hensions, voir comment travailler en bonne intelligence pour 2026.\u00bb Toujours \u00e0 proximit\u00e9 du ch\u00e2teau.<\/p>\n","protected":false},"excerpt":{"rendered":"\u00c0 d\u00e9faut de pouvoir proposer dix jours de festivit\u00e9s, les organisateurs offrent une soir\u00e9e sp\u00e9ciale dans un bar&hellip;\n","protected":false},"author":2,"featured_media":207688,"comment_status":"","ping_status":"","sticky":false,"template":"","format":"standard","meta":{"footnotes":""},"categories":[2818],"tags":[1111,11,829,1777,674,462,1011,27,2640,2642,766,2638,2643,2637,2639,2646,2645,2641,2635,2644,2647,12,2636,25],"class_list":{"0":"post-207687","1":"post","2":"type-post","3":"status-publish","4":"format-standard","5":"has-post-thumbnail","7":"category-nantes","8":"tag-actu","9":"tag-actualites","10":"tag-bretagne","11":"tag-eu","12":"tag-europe","13":"tag-fc-nantes","14":"tag-fr","15":"tag-france","16":"tag-hauts-paves-saint-felix","17":"tag-ile-de-nantes","18":"tag-nantes","19":"tag-nantes-bellevue-chantenay-sainte-anne","20":"tag-nantes-breil-barberie","21":"tag-nantes-centre-ville","22":"tag-nantes-dervallieres-zola","23":"tag-nantes-doulon-bottiere","24":"tag-nantes-erdre","25":"tag-nantes-malakoff-saint-donatien","26":"tag-nantes-metropole","27":"tag-nantes-nord","28":"tag-nantes-sud","29":"tag-news","30":"tag-pays-de-la-loire","31":"tag-republique-francaise"},"share_on_mastodon":{"url":"https:\/\/pubeurope.com\/@fr\/114753967447041659","error":""},"_links":{"self":[{"href":"https:\/\/www.europesays.com\/fr\/wp-json\/wp\/v2\/posts\/207687","targetHints":{"allow":["GET"]}}],"collection":[{"href":"https:\/\/www.europesays.com\/fr\/wp-json\/wp\/v2\/posts"}],"about":[{"href":"https:\/\/www.europesays.com\/fr\/wp-json\/wp\/v2\/types\/post"}],"author":[{"embeddable":true,"href":"https:\/\/www.europesays.com\/fr\/wp-json\/wp\/v2\/users\/2"}],"replies":[{"embeddable":true,"href":"https:\/\/www.europesays.com\/fr\/wp-json\/wp\/v2\/comments?post=207687"}],"version-history":[{"count":0,"href":"https:\/\/www.europesays.com\/fr\/wp-json\/wp\/v2\/posts\/207687\/revisions"}],"wp:featuredmedia":[{"embeddable":true,"href":"https:\/\/www.europesays.com\/fr\/wp-json\/wp\/v2\/media\/207688"}],"wp:attachment":[{"href":"https:\/\/www.europesays.com\/fr\/wp-json\/wp\/v2\/media?parent=207687"}],"wp:term":[{"taxonomy":"category","embeddable":true,"href":"https:\/\/www.europesays.com\/fr\/wp-json\/wp\/v2\/categories?post=207687"},{"taxonomy":"post_tag","embeddable":true,"href":"https:\/\/www.europesays.com\/fr\/wp-json\/wp\/v2\/tags?post=207687"}],"curies":[{"name":"wp","href":"https:\/\/api.w.org\/{rel}","templated":true}]}}