{"id":207717,"date":"2025-06-27T06:57:14","date_gmt":"2025-06-27T06:57:14","guid":{"rendered":"https:\/\/www.europesays.com\/fr\/207717\/"},"modified":"2025-06-27T06:57:14","modified_gmt":"2025-06-27T06:57:14","slug":"5-expositions-a-voir-absolument-en-juillet-a-paris","status":"publish","type":"post","link":"https:\/\/www.europesays.com\/fr\/207717\/","title":{"rendered":"5 expositions \u00e0 voir absolument en juillet \u00e0 Paris"},"content":{"rendered":"<p>De la <a href=\"https:\/\/www.vogue.fr\/dossier\/mode\" isautogenerated=\"true\" target=\"_blank\" rel=\"noopener\">mode<\/a> au Palais Galliera, de la <a href=\"https:\/\/www.vogue.fr\/dossier\/peinture\" isautogenerated=\"true\" target=\"_blank\" rel=\"noopener\">peinture<\/a> chez Mariane Ibrahim ou une exposition plurielle au Palais de Tokyo\u2026 pour celles et ceux qui restent \u00e0 <a href=\"https:\/\/www.vogue.fr\/dossier\/paris\" isautogenerated=\"true\" target=\"_blank\" rel=\"noopener\">Paris<\/a> au long du mois de juillet, Vogue France fait le tour des <a href=\"https:\/\/www.vogue.fr\/dossier\/expositions\" isautogenerated=\"true\" target=\"_blank\" rel=\"noopener\">expositions<\/a> \u00e0 visiter quand les temp\u00e9ratures deviennent trop insupportables pour fl\u00e2ner dans les rues.<\/p>\n<p>Misha Kahn : Rien \u00e0 voir \u00e0 la galerie Friedman Benda (Paris)<\/p>\n<p>Artiste ou designer : l&rsquo;Am\u00e9ricain <strong>Misha Kahn<\/strong> n&rsquo;a pas choisi, par crainte qu&rsquo;une \u00e9tiquette r\u00e9duise le champ des possibles. N\u00e9 \u00e0 Duluth dans le Minnesota, il travaille depuis dix ans maintenant depuis un atelier \u00e0 Brooklyn, au c\u0153ur duquel il imagine des sculptures modernes et color\u00e9es, qui ont s\u00e9duit jusqu&rsquo;au cr\u00e9ateur <a href=\"https:\/\/www.vogue.fr\/dossier\/dries-van-noten\" isautogenerated=\"true\" target=\"_blank\" rel=\"noopener\"><strong>Dries Van Noten<\/strong><\/a>, qui expose certaines \u0153uvres de l&rsquo;artiste \u00e0 Little House, sa galerie de <a href=\"https:\/\/www.vogue.fr\/dossier\/los-angeles\" isautogenerated=\"true\" target=\"_blank\" rel=\"noopener\">Los Angeles<\/a>.<\/p>\n<p>Titulaire d\u2019un BFA en design de mobilier obtenu en 2011 \u00e0 la Rhode Island School of Design, <strong>Misha Kahn<\/strong> se nourrit d&rsquo;inspirations diverses, comme il l&rsquo;explique dans l&rsquo;ouvrage Casually Sauntering the Perimeter of Now (publi\u00e9 par les \u00e9ditions Apartamento en 2023) : \u201cJ&rsquo;ai toujours eu cette id\u00e9e que, m\u00eame si je vis dans cette petite bulle \u00e9trange, une sorte d&rsquo;enclave cr\u00e9ative, avec mes amis comme dans ma t\u00eate, j&rsquo;ai toujours nourri une fascination pour le mainstream et la pop <a href=\"https:\/\/www.vogue.fr\/dossier\/culture\" isautogenerated=\"true\" target=\"_blank\" rel=\"noopener\">culture<\/a>.\u201d Pour sa venue \u00e0 Paris, \u00e0 la galerie Friedman Benda, il r\u00e9invente l&rsquo;espace du Palais Royal en galerie de glaces immersive o\u00f9 ses \u0153uvres se font le reflet de l&rsquo;\u00e2me des visiteur\u00b7euses, et o\u00f9 il pr\u00e9sente de nouvelles pi\u00e8ces, dont la nouvelle it\u00e9ration de la table Double Shuck Pea (2023).<\/p>\n<p>Misha Kahn [American, b. 1989], Azimuth 90 (Mmphibian, Pasta, Hunting, Barbasol,Plastic Kayak, After Dinner Drink), 2023, Ceramic, glass, enamel, mirror, 89 x 71 x 10 cmCourtesy of the artist and Friedman Benda<\/p>\n","protected":false},"excerpt":{"rendered":"De la mode au Palais Galliera, de la peinture chez Mariane Ibrahim ou une exposition plurielle au Palais&hellip;\n","protected":false},"author":2,"featured_media":207718,"comment_status":"","ping_status":"","sticky":false,"template":"","format":"standard","meta":{"footnotes":""},"categories":[1888],"tags":[11,3734,1777,674,1349,15957,1011,27,12,626,1756,25],"class_list":{"0":"post-207717","1":"post","2":"type-post","3":"status-publish","4":"format-standard","5":"has-post-thumbnail","7":"category-paris","8":"tag-actualites","9":"tag-art","10":"tag-eu","11":"tag-europe","12":"tag-expositions","13":"tag-expositions-mode","14":"tag-fr","15":"tag-france","16":"tag-news","17":"tag-paris","18":"tag-photographie","19":"tag-republique-francaise"},"share_on_mastodon":{"url":"https:\/\/pubeurope.com\/@fr\/114754030589270403","error":""},"_links":{"self":[{"href":"https:\/\/www.europesays.com\/fr\/wp-json\/wp\/v2\/posts\/207717","targetHints":{"allow":["GET"]}}],"collection":[{"href":"https:\/\/www.europesays.com\/fr\/wp-json\/wp\/v2\/posts"}],"about":[{"href":"https:\/\/www.europesays.com\/fr\/wp-json\/wp\/v2\/types\/post"}],"author":[{"embeddable":true,"href":"https:\/\/www.europesays.com\/fr\/wp-json\/wp\/v2\/users\/2"}],"replies":[{"embeddable":true,"href":"https:\/\/www.europesays.com\/fr\/wp-json\/wp\/v2\/comments?post=207717"}],"version-history":[{"count":0,"href":"https:\/\/www.europesays.com\/fr\/wp-json\/wp\/v2\/posts\/207717\/revisions"}],"wp:featuredmedia":[{"embeddable":true,"href":"https:\/\/www.europesays.com\/fr\/wp-json\/wp\/v2\/media\/207718"}],"wp:attachment":[{"href":"https:\/\/www.europesays.com\/fr\/wp-json\/wp\/v2\/media?parent=207717"}],"wp:term":[{"taxonomy":"category","embeddable":true,"href":"https:\/\/www.europesays.com\/fr\/wp-json\/wp\/v2\/categories?post=207717"},{"taxonomy":"post_tag","embeddable":true,"href":"https:\/\/www.europesays.com\/fr\/wp-json\/wp\/v2\/tags?post=207717"}],"curies":[{"name":"wp","href":"https:\/\/api.w.org\/{rel}","templated":true}]}}