{"id":207719,"date":"2025-06-27T06:58:13","date_gmt":"2025-06-27T06:58:13","guid":{"rendered":"https:\/\/www.europesays.com\/fr\/207719\/"},"modified":"2025-06-27T06:58:13","modified_gmt":"2025-06-27T06:58:13","slug":"les-valeurs-a-suivre-a-paris-et-en-europe-actualise-27-06-2025-a-0822","status":"publish","type":"post","link":"https:\/\/www.europesays.com\/fr\/207719\/","title":{"rendered":"Les valeurs \u00e0 suivre \u00e0 Paris et en Europe (actualis\u00e9) &#8211; 27\/06\/2025 \u00e0 08:22"},"content":{"rendered":"<p>\n (Actualis\u00e9 avec compagnies a\u00e9riennes, Amundi, Puma, Adidas,<br \/>\nCampari, Eurofins, Mediobanca, Novo Nordisk, Akzo Nobel,<br \/>\nUnilever, Centrica)\n<\/p>\n<p>\n *\n<\/p>\n<p>\n Variation des futures sur indice CAC 40  0#FCE:\n<\/p>\n<p>\n *\n<\/p>\n<p>\n Variation des futures sur indice Stoxx 600  0#FXXP:\n<\/p>\n<p>\n *\n<\/p>\n<p>\n Valeurs qui se traitent ex-dividende  .EX.PA\n<\/p>\n<p>\n *\n<\/p>\n<p>\n Le point sur les march\u00e9s europ\u00e9ens  .EUFR\n<\/p>\n<p>\n Les valeurs \u00e0 suivre vendredi<br \/>\n\u00e0 la Bourse de Paris et en Europe :\n<\/p>\n<p>\n * COMPAGNIES AERIENNES &#8211; Le minist\u00e8re fran\u00e7ais des<br \/>\nFinances \u00e9tudie plusieurs mesures dans le cadre des pr\u00e9paratifs<br \/>\ndu projet de loi de finances 2026 qui alourdiraient encore le<br \/>\npoids des taxes sur les vols int\u00e9rieurs, a rapport\u00e9 jeudi le<br \/>\njournal \u00e9conomique Les Echos.\n<\/p>\n<p>\n * SOCI\u00c9T\u00c9 G\u00c9N\u00c9RALE<br \/>\n <a href=\"https:\/\/www.boursorama.com\/cours\/1rPGLE\/\" rel=\"nofollow noopener\" target=\"_blank\"><br \/>\n  SOGN.PA<br \/>\n <\/a><br \/>\n &#8211; Trois organisations<br \/>\nsyndicales ont appel\u00e9 \u00e0 une journ\u00e9e de gr\u00e8ve nationale vendredi<br \/>\npour d\u00e9fendre un accord de t\u00e9l\u00e9travail apr\u00e8s que le directeur<br \/>\ng\u00e9n\u00e9ral de la banque fran\u00e7aise a indiqu\u00e9 dans un message interne<br \/>\nvouloir un retour au bureau de quatre jours par semaine.\n<\/p>\n<p>\n * AMUNDI<br \/>\n <a href=\"https:\/\/www.boursorama.com\/cours\/1rPAMUN\/\" rel=\"nofollow noopener\" target=\"_blank\"><br \/>\n  AMUN.PA<br \/>\n <\/a><br \/>\n &#8211; Les repr\u00e9sentants syndicaux de la<br \/>\nbranche italienne d&rsquo;Amundi ont d\u00e9clar\u00e9 jeudi qu&rsquo;ils \u00e9taient<br \/>\nparvenus \u00e0 un accord avec la soci\u00e9t\u00e9 portant sur la suppression<br \/>\nde 50 emplois en Italie, des incitations \u00e0 la retraite anticip\u00e9e<br \/>\net au d\u00e9part volontaire, ainsi que des r\u00e9affectations au sein<br \/>\nd&rsquo;Amundi ou de sa maison m\u00e8re, le groupe Cr\u00e9dit Agricole\n<\/p>\n<p>\n <a href=\"https:\/\/www.boursorama.com\/cours\/1rPACA\/\" rel=\"nofollow noopener\" target=\"_blank\"><br \/>\n  CAGR.PA<br \/>\n <\/a><br \/>\n .\n<\/p>\n<p>\n * PUMA<br \/>\n <a href=\"https:\/\/www.boursorama.com\/cours\/1zPUM\/\" rel=\"nofollow noopener\" target=\"_blank\"><br \/>\n  PUMG.DE<br \/>\n <\/a><br \/>\n et ADIDAS<br \/>\n <a href=\"https:\/\/www.boursorama.com\/cours\/1zADS\/\" rel=\"nofollow noopener\" target=\"_blank\"><br \/>\n  ADSGN.DE<br \/>\n <\/a><br \/>\n &#8211; Les actions des<br \/>\nfabricants allemands de v\u00eatements de sport sont attendues en<br \/>\nhausse d&rsquo;environ 3% \u00e0 l&rsquo;ouverture apr\u00e8s que les perspectives sur<br \/>\nle chiffre d&rsquo;affaires de leur rival am\u00e9ricain Nike<br \/>\n <a href=\"https:\/\/www.boursorama.com\/cours\/NKE\/\" rel=\"nofollow noopener\" target=\"_blank\"><br \/>\n  NKE.N<br \/>\n <\/a><br \/>\n pour<br \/>\nle trimestre allant de juin \u00e0 ao\u00fbt ont d\u00e9pass\u00e9 les attentes<br \/>\njeudi.\n<\/p>\n<p>\n * CAMPARI<br \/>\n <a href=\"https:\/\/www.boursorama.com\/cours\/1gCPR\/\" rel=\"nofollow noopener\" target=\"_blank\"><br \/>\n  CPRI.MI<br \/>\n <\/a><br \/>\n &#8211; Le groupe italien de spiritueux a<br \/>\naccept\u00e9 de vendre ses marques de vermouth Cinzano et de grappa<br \/>\nFrattina \u00e0 son compatriote Caffo Group 1915 pour 100 millions<br \/>\nd&rsquo;euros, a-t-il annonc\u00e9 jeudi.\n<\/p>\n<p>\n * EUROFINS<br \/>\n <a href=\"https:\/\/www.boursorama.com\/cours\/1rPERF\/\" rel=\"nofollow noopener\" target=\"_blank\"><br \/>\n  EUFI.PA<br \/>\n <\/a><br \/>\n a annonc\u00e9 jeudi le succ\u00e8s de l&rsquo;\u00e9mission<br \/>\nd&rsquo;un nouvel emprunt Schuldschein de 500 millions d&rsquo;euros.\n<\/p>\n<p>\n * MEDIOBANCA<br \/>\n <a href=\"https:\/\/www.boursorama.com\/cours\/1gMB\/\" rel=\"nofollow noopener\" target=\"_blank\"><br \/>\n  MDBI.MI<br \/>\n <\/a>\n<\/p>\n<p>\n a d\u00e9clar\u00e9\n<\/p>\n<p>\n vendredi pr\u00e9voir d&rsquo;offrir \u00e0 ses actionnaires des<br \/>\nr\u00e9compenses d&rsquo;une valeur de 4,9 milliards d&rsquo;euros,<br \/>\nprincipalement en esp\u00e8ces, sur une p\u00e9riode de trois ans et<br \/>\njusqu&rsquo;en 2028, alors que la banque italienne cherche \u00e0 contrer<br \/>\nl&rsquo;offre hostile de sa rivale Banca Monte dei Paschi di Siena<br \/>\n(MPS)<br \/>\n <a href=\"https:\/\/www.boursorama.com\/cours\/1gBMPS\/\" rel=\"nofollow noopener\" target=\"_blank\"><br \/>\n  BMPS.MI<br \/>\n <\/a><br \/>\n .\n<\/p>\n<p>\n * NOVO NORDISK<br \/>\n <a href=\"https:\/\/www.boursorama.com\/cours\/1uNVOB.L\/\" rel=\"nofollow noopener\" target=\"_blank\"><br \/>\n  NOVOb.CO<br \/>\n <\/a><br \/>\n a d\u00e9clar\u00e9 jeudi qu&rsquo;il<br \/>\ncollaborerait avec WeightWatchers pour vendre son m\u00e9dicament<br \/>\nphare pour la perte de poids, Wegovy, \u00e0 partir du 1er juillet.\n<\/p>\n<p>\n * AKZO NOBEL<br \/>\n <a href=\"https:\/\/www.boursorama.com\/cours\/1rAAKZA\/\" rel=\"nofollow noopener\" target=\"_blank\"><br \/>\n  AKZO.AS<br \/>\n <\/a><br \/>\n va vendre l&rsquo;int\u00e9gralit\u00e9 de sa<br \/>\nparticipation dans son unit\u00e9 indienne \u00e0 JSW Paints, qui prendra<br \/>\nle contr\u00f4le exclusif de l&rsquo;entreprise, ont annonc\u00e9 vendredi les<br \/>\ndeux groupes.\n<\/p>\n<p>\n * UNILEVER<br \/>\n <a href=\"https:\/\/www.boursorama.com\/cours\/1uULVR.L\/\" rel=\"nofollow noopener\" target=\"_blank\"><br \/>\n  ULVR.L<br \/>\n <\/a><br \/>\n va payer 1,5 milliard de dollars pour la<br \/>\nmarque de soins personnels pour hommes Dr Squatch \u00e0 la soci\u00e9t\u00e9<br \/>\nde capital-investissement Summit Partners, rapporte vendredi le<br \/>\nFinancial Times, citant des sources.\n<\/p>\n<p>\n * CENTRICA<br \/>\n <a href=\"https:\/\/www.boursorama.com\/cours\/1uCNA.L\/\" rel=\"nofollow noopener\" target=\"_blank\"><br \/>\n  CNA.L<br \/>\n <\/a><br \/>\n &#8211; Le propri\u00e9taire de British Gas est<br \/>\npr\u00eat \u00e0 prendre une participation de 15% dans le projet nucl\u00e9aire<br \/>\nSizewell C dans le sud-est de l&rsquo;Angleterre, rapporte vendredi le<br \/>\nFinancial Times, citant des sources au fait des discussions.\n<\/p>\n<p>\n L&rsquo;AGENDA FRANCE &amp; INTERNATIONAL \u00c0 7 JOURS:<\/p>\n<p> nL8N3SN156\n<\/p>\n<p>\n (R\u00e9dig\u00e9 par Claude Chendjou et Diana Mandia, \u00e9dit\u00e9 par Augustin<br \/>\nTurpin)<\/p>\n","protected":false},"excerpt":{"rendered":"(Actualis\u00e9 avec compagnies a\u00e9riennes, Amundi, Puma, Adidas, Campari, Eurofins, Mediobanca, Novo Nordisk, Akzo Nobel, Unilever, Centrica) * Variation&hellip;\n","protected":false},"author":2,"featured_media":64038,"comment_status":"","ping_status":"","sticky":false,"template":"","format":"standard","meta":{"footnotes":""},"categories":[1888],"tags":[400,11,398,408,405,1777,674,1011,27,403,402,399,404,12,626,25,401,406,407],"class_list":{"0":"post-207719","1":"post","2":"type-post","3":"status-publish","4":"format-standard","5":"has-post-thumbnail","7":"category-paris","8":"tag-action-cac-40","9":"tag-actualites","10":"tag-bourse-de-paris","11":"tag-boursorama","12":"tag-cotations","13":"tag-eu","14":"tag-europe","15":"tag-fr","16":"tag-france","17":"tag-indices-devises","18":"tag-investir","19":"tag-investissement","20":"tag-marche-boursier","21":"tag-news","22":"tag-paris","23":"tag-republique-francaise","24":"tag-sicav","25":"tag-trackers","26":"tag-warrants"},"share_on_mastodon":{"url":"https:\/\/pubeurope.com\/@fr\/114754034343076824","error":""},"_links":{"self":[{"href":"https:\/\/www.europesays.com\/fr\/wp-json\/wp\/v2\/posts\/207719","targetHints":{"allow":["GET"]}}],"collection":[{"href":"https:\/\/www.europesays.com\/fr\/wp-json\/wp\/v2\/posts"}],"about":[{"href":"https:\/\/www.europesays.com\/fr\/wp-json\/wp\/v2\/types\/post"}],"author":[{"embeddable":true,"href":"https:\/\/www.europesays.com\/fr\/wp-json\/wp\/v2\/users\/2"}],"replies":[{"embeddable":true,"href":"https:\/\/www.europesays.com\/fr\/wp-json\/wp\/v2\/comments?post=207719"}],"version-history":[{"count":0,"href":"https:\/\/www.europesays.com\/fr\/wp-json\/wp\/v2\/posts\/207719\/revisions"}],"wp:featuredmedia":[{"embeddable":true,"href":"https:\/\/www.europesays.com\/fr\/wp-json\/wp\/v2\/media\/64038"}],"wp:attachment":[{"href":"https:\/\/www.europesays.com\/fr\/wp-json\/wp\/v2\/media?parent=207719"}],"wp:term":[{"taxonomy":"category","embeddable":true,"href":"https:\/\/www.europesays.com\/fr\/wp-json\/wp\/v2\/categories?post=207719"},{"taxonomy":"post_tag","embeddable":true,"href":"https:\/\/www.europesays.com\/fr\/wp-json\/wp\/v2\/tags?post=207719"}],"curies":[{"name":"wp","href":"https:\/\/api.w.org\/{rel}","templated":true}]}}