{"id":207720,"date":"2025-06-27T06:59:12","date_gmt":"2025-06-27T06:59:12","guid":{"rendered":"https:\/\/www.europesays.com\/fr\/207720\/"},"modified":"2025-06-27T06:59:12","modified_gmt":"2025-06-27T06:59:12","slug":"lukraine-affirme-avoir-stoppe-la-progression-russe-dans-la-region-de-soumy-nouvel-echange-de-prisonniers","status":"publish","type":"post","link":"https:\/\/www.europesays.com\/fr\/207720\/","title":{"rendered":"L&rsquo;Ukraine affirme avoir \u00abstopp\u00e9\u00bb la progression russe dans la r\u00e9gion de Soumy, nouvel \u00e9change de prisonniers"},"content":{"rendered":"<p>Cette semaine, l&rsquo;Ukraine a vu ses alli\u00e9s rappeler leur soutien \u00e0 Kiev, \u00e0 la fois lors du sommet de l&rsquo;Otan et de celui de l&rsquo;Union europ\u00e9enne, et Volodymyr Zelensky a pu signer un accord sur la cr\u00e9ation d&rsquo;un tribunal sp\u00e9cial pour le crime d&rsquo;agression contre l&rsquo;Ukraine avec le Conseil de l&rsquo;Europe. Reste que sur le terrain, l&rsquo;agression russe suit toujours son cours.<\/p>\n<p>La pression russe continue d&rsquo;\u00eatre intense sur le front Est. Mais le commandant en chef des forces arm\u00e9es affirme que les troupes ukrainiennes ont r\u00e9ussi \u00e0 stopper les avanc\u00e9es russes dans la r\u00e9gion de Soumy et \u00e0 stabiliser ce front, arrivant m\u00eame \u00e0 lib\u00e9rer certaines zones sous occupation russe, explique notre correspondante \u00e0 Kiev,<strong> Emmanuelle Chaze<\/strong>.<\/p>\n<p>\u00ab La progression des troupes russes dans la zone frontali\u00e8re de la r\u00e9gion de Soumy a \u00e9t\u00e9 stopp\u00e9e (&#8230;) la ligne de front est stabilis\u00e9e \u00bb, a assur\u00e9, jeudi 27 juin, le g\u00e9n\u00e9ral Syrsky, selon lequel Moscou a mass\u00e9 environ 50 000 soldats en direction de cette r\u00e9gion. \u00ab Dans certaines zones, nos unit\u00e9s utilisent avec succ\u00e8s une tactique de d\u00e9fense active et lib\u00e8rent le territoire ukrainien \u00bb, a-t-il affirm\u00e9 sans donner de d\u00e9tails. Ce territoire \u00e9tait un point de d\u00e9part d&rsquo;une offensive surprise de l&rsquo;arm\u00e9e ukrainienne dans la r\u00e9gion russe de Koursk lanc\u00e9e en ao\u00fbt 2024.<\/p>\n<p>\u00c0 lire aussi<a href=\"https:\/\/www.rfi.fr\/fr\/europe\/20250624-la-russie-frappe-durement-la-r\u00e9gion-de-dnipro-en-ukraine-avant-l-ouverture-du-sommet-de-l-otan\" class=\"link \" rel=\"nofollow noopener\" target=\"_blank\" data-ylk=\"slk:La Russie frappe durement la r\u00e9gion de Dnipro en Ukraine avant l&#039;ouverture du sommet de l&#039;Otan;elm:context_link;itc:0;sec:content-canvas\">La Russie frappe durement la r\u00e9gion de Dnipro en Ukraine avant l&rsquo;ouverture du sommet de l&rsquo;Otan<\/a><\/p>\n<p><a href=\"https:\/\/www.rfi.fr\/fr\/europe\/20250627-l-ukraine-affirme-avoir-stopp%C3%A9-la-progression-russe-dans-la-r%C3%A9gion-de-soumy-nouvel-%C3%A9change-de-prisonniers\" rel=\"nofollow noopener\" target=\"_blank\" data-ylk=\"slk:Lire la suite sur RFI;elm:context_link;itc:0;sec:content-canvas\" class=\"link \">Lire la suite sur RFI<\/a><\/p>\n","protected":false},"excerpt":{"rendered":"Cette semaine, l&rsquo;Ukraine a vu ses alli\u00e9s rappeler leur soutien \u00e0 Kiev, \u00e0 la fois lors du sommet&hellip;\n","protected":false},"author":2,"featured_media":207721,"comment_status":"","ping_status":"","sticky":false,"template":"","format":"standard","meta":{"footnotes":""},"categories":[1591],"tags":[11,33441,7577,1910,1887,11229,5493,12,1885,1886,132,34130],"class_list":{"0":"post-207720","1":"post","2":"type-post","3":"status-publish","4":"format-standard","5":"has-post-thumbnail","7":"category-russie","8":"tag-actualites","9":"tag-commandant-en-chef","10":"tag-conseil-de-leurope","11":"tag-emmanuelle-chaze","12":"tag-federation-de-russie","13":"tag-kiev","14":"tag-lukraine","15":"tag-news","16":"tag-russia","17":"tag-russian-federation","18":"tag-russie","19":"tag-sommet-de-lotan"},"share_on_mastodon":{"url":"https:\/\/pubeurope.com\/@fr\/114754038315081143","error":""},"_links":{"self":[{"href":"https:\/\/www.europesays.com\/fr\/wp-json\/wp\/v2\/posts\/207720","targetHints":{"allow":["GET"]}}],"collection":[{"href":"https:\/\/www.europesays.com\/fr\/wp-json\/wp\/v2\/posts"}],"about":[{"href":"https:\/\/www.europesays.com\/fr\/wp-json\/wp\/v2\/types\/post"}],"author":[{"embeddable":true,"href":"https:\/\/www.europesays.com\/fr\/wp-json\/wp\/v2\/users\/2"}],"replies":[{"embeddable":true,"href":"https:\/\/www.europesays.com\/fr\/wp-json\/wp\/v2\/comments?post=207720"}],"version-history":[{"count":0,"href":"https:\/\/www.europesays.com\/fr\/wp-json\/wp\/v2\/posts\/207720\/revisions"}],"wp:featuredmedia":[{"embeddable":true,"href":"https:\/\/www.europesays.com\/fr\/wp-json\/wp\/v2\/media\/207721"}],"wp:attachment":[{"href":"https:\/\/www.europesays.com\/fr\/wp-json\/wp\/v2\/media?parent=207720"}],"wp:term":[{"taxonomy":"category","embeddable":true,"href":"https:\/\/www.europesays.com\/fr\/wp-json\/wp\/v2\/categories?post=207720"},{"taxonomy":"post_tag","embeddable":true,"href":"https:\/\/www.europesays.com\/fr\/wp-json\/wp\/v2\/tags?post=207720"}],"curies":[{"name":"wp","href":"https:\/\/api.w.org\/{rel}","templated":true}]}}