{"id":207724,"date":"2025-06-27T07:01:13","date_gmt":"2025-06-27T07:01:13","guid":{"rendered":"https:\/\/www.europesays.com\/fr\/207724\/"},"modified":"2025-06-27T07:01:13","modified_gmt":"2025-06-27T07:01:13","slug":"exportations-fribourgeoises-vers-les-etats-unis-a-un-niveau-record-en-2024","status":"publish","type":"post","link":"https:\/\/www.europesays.com\/fr\/207724\/","title":{"rendered":"Exportations fribourgeoises vers les \u00c9tats-Unis \u00e0 un niveau record en 2024"},"content":{"rendered":"\n<p>      Nouveau pic historique pour la balance commerciale du canton de Fribourg<\/p>\n<p>En 2024, la balance commerciale du canton de Fribourg a enregistr\u00e9 un nouveau sommet pour la deuxi\u00e8me ann\u00e9e cons\u00e9cutive, avec un solde de 1235 millions de francs, soit une augmentation de 5,8% par rapport \u00e0 2023. Dans un contexte international tendu, les exportations fribourgeoises ont l\u00e9g\u00e8rement diminu\u00e9 l\u2019ann\u00e9e derni\u00e8re, enregistrant une baisse de 0,7% par rapport \u00e0 l\u2019ann\u00e9e pr\u00e9c\u00e9dente, pour s\u2019\u00e9tablir \u00e0 5377 millions de francs. Parall\u00e8lement, les importations ont connu un recul plus marqu\u00e9 (-2,5%), pour atteindre 4142 millions de francs.<\/p>\n<p>      Hausse de 3,2% des exportations fribourgeoises vers les \u00c9tats-Unis<\/p>\n<p>Le recul des exportations fribourgeoises en 2024 est principalement d\u00fb au march\u00e9 europ\u00e9en (UE : -2,9%), en particulier \u00e0 la France (-10,4%). Cependant, les exportations vers l\u2019Allemagne, principale destination des exportations cantonales, ont enregistr\u00e9 une hausse de 1,9%. Parmi les pays ayant contribu\u00e9 positivement aux exportations du canton de Fribourg en 2024, on retrouve \u00e9galement le Japon (+27,5%) et les \u00c9tats-Unis (+3,2%). Les \u00c9tats-Unis ont ainsi confort\u00e9 leur position de deuxi\u00e8me march\u00e9 d\u2019exportation du canton de Fribourg, avec une part de 14,3% (contre 16,8% pour l\u2019Allemagne). Entre 2016 et 2024, les exportations fribourgeoises vers le pays de l\u2019Oncle Sam ont augment\u00e9 de 160,5%, passant de 296 \u00e0 plus de 771 millions de francs. La hausse a \u00e9t\u00e9 particuli\u00e8rement marqu\u00e9e \u00e0 partir de 2021.<\/p>\n<p>      Commerce international avec les \u00c9tats-Unis, de 2016 \u00e0 2024<\/p>\n<p>  <img decoding=\"async\" loading=\"lazy\" src=\"https:\/\/www.europesays.com\/fr\/wp-content\/uploads\/2025\/06\/full.png\" class=\"datawrapper-content-fallback\" alt=\"\"\/><\/p>\n<p class=\"coh-paragraph key-figure-text\" data-coh-match-heights=\"{&quot;xl&quot;:{&quot;target&quot;:&quot;key-figure-text&quot;,&quot;children&quot;:false}}\">\n          Exportations du canton de Fribourg vers les \u00c9tats-Unis, en 2024\n        <\/p>\n<p>      L\u2019alimentaire repr\u00e9sente plus de 30% des exportations vers les \u00c9tats-Unis<\/p>\n<p>Compte tenu des tensions commerciales actuelles, aliment\u00e9es par les annonces et d\u00e9cisions de l\u2019administration Trump en mati\u00e8re de tarifs douaniers, les incertitudes concernant l\u2019\u00e9volution actuelle et future des exportations du canton de Fribourg vers les \u00c9tats-Unis sont importantes. Une analyse des exportations vers ce pays par groupes de produits peut donner des indications sur les secteurs de l\u2019\u00e9conomie fribourgeoise potentiellement les plus touch\u00e9s par ces mesures.<\/p>\n<p>Les produits de l\u2019industrie alimentaire, dont font partie notamment le caf\u00e9, mais \u00e9galement le fromage et le chocolat, repr\u00e9sentaient 30,1% des exportations directes du canton de Fribourg vers les Etats-Unis en 2024 (contre une part de 16,7% dans l\u2019ensemble des exportations du canton de Fribourg). Suivent avec 16,5% les produits informatiques, \u00e9lectroniques et optiques, cat\u00e9gorie qui comprend entre autres l\u2019horlogerie, les instruments de mesure et les \u00e9quipements \u00e9lectro-m\u00e9dicaux, puis les \u00e9quipements \u00e9lectriques avec 8,6% et les machines avec 7,9%. La joaillerie (comprise dans la cat\u00e9gorie des autres produits manufactur\u00e9s) repr\u00e9sentait \u00e9galement une part non n\u00e9gligeable. La joaillerie et le caf\u00e9 expliquent \u00e0 eux seuls pr\u00e8s de trois quarts de la croissance des exportations du canton de Fribourg vers les \u00c9tats-Unis depuis 2021.<br \/>\u00a0<\/p>\n<p>      Exportations vers les \u00c9tats-Unis par groupes de produits, de 2016 \u00e0 2024<\/p>\n<p>  <img decoding=\"async\" loading=\"lazy\" src=\"https:\/\/www.europesays.com\/fr\/wp-content\/uploads\/2025\/06\/1751007673_233_full.png\" class=\"datawrapper-content-fallback\" alt=\"\"\/><\/p>\n<p>      Souhaitez-vous d\u00e9couvrir plus d\u2019indicateurs sur le commerce ext\u00e9rieur du canton de Fribourg ?<\/p>\n<p>Consultez notre page th\u00e9matique bas\u00e9e sur les chiffres de 2016 \u00e0 2024<\/p>\n<p>      <a href=\"https:\/\/www.fr.ch\/deef\/ssd\/statistiques-par-themes\/commerce-exterieur\" class=\"coh-link btn btn-outline-primary\" target=\"_blank\" rel=\"noopener\">Commerce ext\u00e9rieur  <\/a><\/p>\n<p>      Lien utile<\/p>\n<p>      Pour en savoir plus<\/p>\n","protected":false},"excerpt":{"rendered":"Nouveau pic historique pour la balance commerciale du canton de Fribourg En 2024, la balance commerciale du canton&hellip;\n","protected":false},"author":2,"featured_media":207725,"comment_status":"","ping_status":"","sticky":false,"template":"","format":"standard","meta":{"footnotes":""},"categories":[1589],"tags":[11,73,1866,12,2188,1864,1865,1863,308],"class_list":{"0":"post-207724","1":"post","2":"type-post","3":"status-publish","4":"format-standard","5":"has-post-thumbnail","7":"category-etats-unis","8":"tag-actualites","9":"tag-etats-unis","10":"tag-etats-unis-damerique","11":"tag-news","12":"tag-statistiques","13":"tag-united-states","14":"tag-united-states-of-america","15":"tag-us","16":"tag-usa"},"share_on_mastodon":{"url":"https:\/\/pubeurope.com\/@fr\/114754046169508849","error":""},"_links":{"self":[{"href":"https:\/\/www.europesays.com\/fr\/wp-json\/wp\/v2\/posts\/207724","targetHints":{"allow":["GET"]}}],"collection":[{"href":"https:\/\/www.europesays.com\/fr\/wp-json\/wp\/v2\/posts"}],"about":[{"href":"https:\/\/www.europesays.com\/fr\/wp-json\/wp\/v2\/types\/post"}],"author":[{"embeddable":true,"href":"https:\/\/www.europesays.com\/fr\/wp-json\/wp\/v2\/users\/2"}],"replies":[{"embeddable":true,"href":"https:\/\/www.europesays.com\/fr\/wp-json\/wp\/v2\/comments?post=207724"}],"version-history":[{"count":0,"href":"https:\/\/www.europesays.com\/fr\/wp-json\/wp\/v2\/posts\/207724\/revisions"}],"wp:featuredmedia":[{"embeddable":true,"href":"https:\/\/www.europesays.com\/fr\/wp-json\/wp\/v2\/media\/207725"}],"wp:attachment":[{"href":"https:\/\/www.europesays.com\/fr\/wp-json\/wp\/v2\/media?parent=207724"}],"wp:term":[{"taxonomy":"category","embeddable":true,"href":"https:\/\/www.europesays.com\/fr\/wp-json\/wp\/v2\/categories?post=207724"},{"taxonomy":"post_tag","embeddable":true,"href":"https:\/\/www.europesays.com\/fr\/wp-json\/wp\/v2\/tags?post=207724"}],"curies":[{"name":"wp","href":"https:\/\/api.w.org\/{rel}","templated":true}]}}