{"id":207728,"date":"2025-06-27T07:03:10","date_gmt":"2025-06-27T07:03:10","guid":{"rendered":"https:\/\/www.europesays.com\/fr\/207728\/"},"modified":"2025-06-27T07:03:10","modified_gmt":"2025-06-27T07:03:10","slug":"dans-une-europe-qui-repart-la-france-reste-encalminee","status":"publish","type":"post","link":"https:\/\/www.europesays.com\/fr\/207728\/","title":{"rendered":"\u00ab\u00a0Dans une Europe qui repart, la France reste encalmin\u00e9e\u00a0\u00bb"},"content":{"rendered":"\n<p class=\"article__paragraph  \">Quelques signaux de reprise clignotent depuis le d\u00e9but de l\u2019ann\u00e9e en Europe. La fin de la crise inflationniste et la baisse des taux d\u2019int\u00e9r\u00eat ont amen\u00e9 les m\u00e9nages \u00e0 \u00eatre moins regardants sur leurs d\u00e9penses. La consommation est repartie en Allemagne, en Italie, en Espagne, et au Royaume-Uni. <a href=\"https:\/\/www.lemonde.fr\/economie\/article\/2025\/01\/16\/dans-l-allemagne-en-recession-seules-des-depenses-de-l-etat-affichent-une-forte-hausse_6500843_3234.html\" rel=\"nofollow noopener\" target=\"_blank\">L\u2019Allemagne, qui a bascul\u00e9 en r\u00e9cession<\/a> en\u00a02023 et en\u00a02024, rel\u00e8ve la t\u00eate\u00a0: le plan de relance mis en \u0153uvre par le nouveau chancelier Merz, qui repr\u00e9sente deux points de PIB pour les deux prochaines ann\u00e9es, a permis de retrouver une courbe de croissance positive.<\/p>\n<p class=\"article__paragraph  \"><a href=\"https:\/\/www.lemonde.fr\/economie\/article\/2025\/06\/04\/l-allemagne-devoile-de-nouvelles-mesures-de-relance-economique_6610570_3234.html\" rel=\"nofollow noopener\" target=\"_blank\">Pour la premi\u00e8re fois depuis 2022<\/a>, le climat des affaires s\u2019est am\u00e9lior\u00e9 outre-Rhin, les entreprises recommencent \u00e0 investir. La perspective de voir Donald Trump imposer des droits de douane vertigineux a provoqu\u00e9 au cours des premiers mois de l\u2019ann\u00e9e un sursaut du commerce international\u00a0: aux Etats-Unis comme ailleurs, industriels ou distributeurs ont achet\u00e9 par anticipation des mati\u00e8res premi\u00e8res, des machines, des robots et des biens d\u2019\u00e9quipements, voire des biens de consommation afin de les stocker avant que leur prix ne devienne prohibitif. Fortement exportatrice de produits industriels, l\u2019Allemagne a pu b\u00e9n\u00e9ficier \u00e0 plein de cette \u00ab\u00a0ru\u00e9e commerciale\u00a0\u00bb, tout comme l\u2019Italie, elle aussi productrice de machines qui \u00e9quipent les usines du monde.<\/p>\n<p class=\"article__paragraph  \">Dans le pays dirig\u00e9 par Giorgia Meloni, <a href=\"https:\/\/www.lemonde.fr\/economie\/article\/2024\/10\/11\/en-italie-des-coupes-budgetaires-et-des-taxes-ciblees-pour-reduire-une-dette-publique-abyssale_6349160_3234.html\" rel=\"nofollow noopener\" target=\"_blank\">l\u2019assainissement des d\u00e9penses publiques<\/a> a contribu\u00e9 \u00e0 am\u00e9liorer l\u2019horizon \u00e9conomique. Le d\u00e9ficit public, qui atteignait 8,6\u00a0% du PIB en\u00a02022, n\u2019est plus que de 3,4\u00a0%. L\u00e0 aussi, les investisseurs sont de nouveau actifs. Quant \u00e0 l\u2019Espagne, <a href=\"https:\/\/www.lemonde.fr\/economie\/article\/2025\/01\/31\/derriere-l-exceptionnelle-croissance-de-l-espagne-le-tourisme-l-immigration-et-les-fonds-de-relance-europeens_6525470_3234.html\" rel=\"nofollow noopener\" target=\"_blank\">la dynamique \u00e9conomique se poursuit<\/a>\u00a0: port\u00e9e par des entr\u00e9es massives sur le march\u00e9 du travail et par le tourisme, elle continue de caracoler au sein de la zone euro. Le pays devrait atteindre 2,4\u00a0% de croissance cette ann\u00e9e. Quatre fois plus que les 0,6\u00a0% attendus en France.<\/p>\n<p>           R\u00e9industrialisation \u00e0 l\u2019arr\u00eat           <\/p>\n<p class=\"article__paragraph  \">Ces vents porteurs semblent s\u2019\u00eatre arr\u00eat\u00e9s aux fronti\u00e8res de l\u2019Hexagone. Dans une Europe qui repart, la France reste encalmin\u00e9e. A l\u2019inverse de ses voisins, elle p\u00e2tit toujours d\u2019une consommation en berne. L\u2019\u00e9pargne, en revanche, atteint des records. Face \u00e0 la pusillanimit\u00e9 d\u2019un gouvernement qui para\u00eet naviguer \u00e0 vue, toujours \u00e0 la recherche de la bonne m\u00e9thode pour r\u00e9aliser 40\u00a0milliards d\u2019euros d\u2019\u00e9conomies et ramener le d\u00e9ficit de 5,4\u00a0% \u00e0 4,6\u00a0% du PIB, les Fran\u00e7ais sont attentistes. A raison\u00a0: Fran\u00e7ois Bayrou n\u2019a-t-il pas annonc\u00e9 qu\u2019il allait demander \u00ab\u00a0des efforts \u00e0 tous les Fran\u00e7ais\u00a0?\u00a0\u00bb<\/p>\n<p class=\"reading-mode-only \"><strong>Il vous reste 40.1% de cet article \u00e0 lire. La suite est r\u00e9serv\u00e9e aux abonn\u00e9s.<\/strong><\/p>\n","protected":false},"excerpt":{"rendered":"Quelques signaux de reprise clignotent depuis le d\u00e9but de l\u2019ann\u00e9e en Europe. La fin de la crise inflationniste&hellip;\n","protected":false},"author":2,"featured_media":207729,"comment_status":"","ping_status":"","sticky":false,"template":"","format":"standard","meta":{"footnotes":""},"categories":[1587],"tags":[11,672,1804,1805,1803,1777,674,1801,12,1802],"class_list":{"0":"post-207728","1":"post","2":"type-post","3":"status-publish","4":"format-standard","5":"has-post-thumbnail","7":"category-allemagne","8":"tag-actualites","9":"tag-allemagne","10":"tag-bundesrepublik-deutschland","11":"tag-de","12":"tag-deutschland","13":"tag-eu","14":"tag-europe","15":"tag-germany","16":"tag-news","17":"tag-republique-federale-dallemagne"},"share_on_mastodon":{"url":"https:\/\/pubeurope.com\/@fr\/114754054044006800","error":""},"_links":{"self":[{"href":"https:\/\/www.europesays.com\/fr\/wp-json\/wp\/v2\/posts\/207728","targetHints":{"allow":["GET"]}}],"collection":[{"href":"https:\/\/www.europesays.com\/fr\/wp-json\/wp\/v2\/posts"}],"about":[{"href":"https:\/\/www.europesays.com\/fr\/wp-json\/wp\/v2\/types\/post"}],"author":[{"embeddable":true,"href":"https:\/\/www.europesays.com\/fr\/wp-json\/wp\/v2\/users\/2"}],"replies":[{"embeddable":true,"href":"https:\/\/www.europesays.com\/fr\/wp-json\/wp\/v2\/comments?post=207728"}],"version-history":[{"count":0,"href":"https:\/\/www.europesays.com\/fr\/wp-json\/wp\/v2\/posts\/207728\/revisions"}],"wp:featuredmedia":[{"embeddable":true,"href":"https:\/\/www.europesays.com\/fr\/wp-json\/wp\/v2\/media\/207729"}],"wp:attachment":[{"href":"https:\/\/www.europesays.com\/fr\/wp-json\/wp\/v2\/media?parent=207728"}],"wp:term":[{"taxonomy":"category","embeddable":true,"href":"https:\/\/www.europesays.com\/fr\/wp-json\/wp\/v2\/categories?post=207728"},{"taxonomy":"post_tag","embeddable":true,"href":"https:\/\/www.europesays.com\/fr\/wp-json\/wp\/v2\/tags?post=207728"}],"curies":[{"name":"wp","href":"https:\/\/api.w.org\/{rel}","templated":true}]}}