{"id":207738,"date":"2025-06-27T07:08:12","date_gmt":"2025-06-27T07:08:12","guid":{"rendered":"https:\/\/www.europesays.com\/fr\/207738\/"},"modified":"2025-06-27T07:08:12","modified_gmt":"2025-06-27T07:08:12","slug":"les-prix-a-la-consommation-en-hausse-de-09-sur-un-an-en-juin-selon-linsee","status":"publish","type":"post","link":"https:\/\/www.europesays.com\/fr\/207738\/","title":{"rendered":"les prix \u00e0 la consommation en hausse de 0,9% sur un an en juin, selon l&rsquo;Insee"},"content":{"rendered":"<p>Les prix \u00e0 la consommation en France ont augment\u00e9 de 0,9% en juin sur un an, une l\u00e9g\u00e8re acc\u00e9l\u00e9ration par rapport \u00e0 mai en glissement annuel (0,7%), tir\u00e9s par les services, a annonc\u00e9 vendredi l&rsquo;Insee dans une estimation provisoire.<\/p>\n<p>\u00ab\u00a0Cette hausse de l&rsquo;inflation s&rsquo;expliquerait par l&rsquo;acc\u00e9l\u00e9ration des prix des services, notamment ceux de l&rsquo;h\u00e9bergement, de la sant\u00e9 et des transports, ainsi que par une baisse plus faible des prix de l&rsquo;\u00e9nergie et, dans une moindre mesure, par la tr\u00e8s l\u00e9g\u00e8re acc\u00e9l\u00e9ration de ceux de l&rsquo;alimentation\u00a0\u00bb, a d\u00e9taill\u00e9 l&rsquo;Institut national de la statistique dans un communiqu\u00e9.<\/p>\n","protected":false},"excerpt":{"rendered":"Les prix \u00e0 la consommation en France ont augment\u00e9 de 0,9% en juin sur un an, une l\u00e9g\u00e8re&hellip;\n","protected":false},"author":2,"featured_media":7101,"comment_status":"","ping_status":"","sticky":false,"template":"","format":"standard","meta":{"footnotes":""},"categories":[4],"tags":[11,1011,27,12,25],"class_list":{"0":"post-207738","1":"post","2":"type-post","3":"status-publish","4":"format-standard","5":"has-post-thumbnail","7":"category-france","8":"tag-actualites","9":"tag-fr","10":"tag-france","11":"tag-news","12":"tag-republique-francaise"},"share_on_mastodon":{"url":"https:\/\/pubeurope.com\/@fr\/114754074212761501","error":""},"_links":{"self":[{"href":"https:\/\/www.europesays.com\/fr\/wp-json\/wp\/v2\/posts\/207738","targetHints":{"allow":["GET"]}}],"collection":[{"href":"https:\/\/www.europesays.com\/fr\/wp-json\/wp\/v2\/posts"}],"about":[{"href":"https:\/\/www.europesays.com\/fr\/wp-json\/wp\/v2\/types\/post"}],"author":[{"embeddable":true,"href":"https:\/\/www.europesays.com\/fr\/wp-json\/wp\/v2\/users\/2"}],"replies":[{"embeddable":true,"href":"https:\/\/www.europesays.com\/fr\/wp-json\/wp\/v2\/comments?post=207738"}],"version-history":[{"count":0,"href":"https:\/\/www.europesays.com\/fr\/wp-json\/wp\/v2\/posts\/207738\/revisions"}],"wp:featuredmedia":[{"embeddable":true,"href":"https:\/\/www.europesays.com\/fr\/wp-json\/wp\/v2\/media\/7101"}],"wp:attachment":[{"href":"https:\/\/www.europesays.com\/fr\/wp-json\/wp\/v2\/media?parent=207738"}],"wp:term":[{"taxonomy":"category","embeddable":true,"href":"https:\/\/www.europesays.com\/fr\/wp-json\/wp\/v2\/categories?post=207738"},{"taxonomy":"post_tag","embeddable":true,"href":"https:\/\/www.europesays.com\/fr\/wp-json\/wp\/v2\/tags?post=207738"}],"curies":[{"name":"wp","href":"https:\/\/api.w.org\/{rel}","templated":true}]}}