{"id":207755,"date":"2025-06-27T07:19:15","date_gmt":"2025-06-27T07:19:15","guid":{"rendered":"https:\/\/www.europesays.com\/fr\/207755\/"},"modified":"2025-06-27T07:19:15","modified_gmt":"2025-06-27T07:19:15","slug":"pour-le-maitre-de-la-calligraphie-mongole-tamir-samandbaadra-tout-vient-de-linterieur","status":"publish","type":"post","link":"https:\/\/www.europesays.com\/fr\/207755\/","title":{"rendered":"pour le ma\u00eetre de la calligraphie mongole Tamir Samandbaadra, \u00ab\u00a0tout vient de l\u2019int\u00e9rieur\u00a0\u00bb"},"content":{"rendered":"<p>La meilleure version de soi-m\u00eame. Voil\u00e0 \u00e0 quoi m\u00e8ne la calligraphie selon le ma\u00eetre mongol Tamir Samandbaadra en r\u00e9sidence en ce moment \u00e0 l\u2019Espace d\u2019art contemporain des vo\u00fbtes du port \u00e0 Royan. On pourrait donner plein de d\u00e9finitions \u00e0 son art qui croise diff\u00e9rents champs, aussi bien philosophique que po\u00e9tique ou m\u00e9ditatif. \u00ab\u00a0\u00c7a permet de s\u2019\u00e9lever spirituellement. On peut arriver \u00e0 quelque chose d\u2019esth\u00e9tiquement magnifique. Il faut laisser ce que nous dit notre cerveau de c\u00f4t\u00e9 et suivre son intuition. En Asie, on dit que l\u2019art de la calligraphie repr\u00e9sente le sommet de la montagne o\u00f9 se rejoignent tous les autres arts. On peut y associer la danse, la musique\u2026 C\u2019est puissant\u00a0\u00bb, certifie l\u2019artiste.<\/p>\n<blockquote><p>C\u2019est une forme d\u2019introspection. C\u2019est un art qui permet de mieux se conna\u00eetre<\/p><\/blockquote>\n<p>Fr\u00e9d\u00e9ric Lemaigre, le commissaire de l\u2019exposition des \u0153uvres de Tamir Samandbaadra qui d\u00e9marrera ce samedi 28\u00a0juin par une rencontre-d\u00e9bat \u00e0 partir de 18\u00a0heures aux vo\u00fbtes du port et durera tout l\u2019\u00e9t\u00e9 pour se terminer le 31\u00a0ao\u00fbt, est all\u00e9 rencontrer le ma\u00eetre calligraphe chez lui, au c\u0153ur de la capitale historique de Mongolie, Kharkhorin, dans son lieu d\u2019\u00e9changes artistiques qu\u2019il a fond\u00e9. \u00ab\u00a0J\u2019y suis rest\u00e9 un mois\u00a0\u00bb, confie celui qui a \u00e9t\u00e9 marqu\u00e9 par ce voyage. \u00ab\u00a0En prenant ce temps, j\u2019ai d\u00e9cid\u00e9 de l\u2019inviter \u00e0 Royan. Il est venu en voiture en f\u00e9vrier dernier, apr\u00e8s 13\u00a0000\u00a0kilom\u00e8tres, pr\u00e9parer cette r\u00e9sidence et voir l\u2019endroit.\u00a0\u00bb<\/p>\n<p>Une quarantaine d\u2019\u0153uvres<\/p>\n<p>Une quarantaine d\u2019\u0153uvres seront expos\u00e9es qui ont pratiquement toutes \u00e9t\u00e9 r\u00e9alis\u00e9es sur place. \u00ab\u00a0L\u2019\u00e9criture historique mongole se pr\u00eate particuli\u00e8rement au geste calligraphe qui est en m\u00eame temps une \u00e9criture et un art visuel. Chaque calligraphe veut dire quelque chose\u00a0\u00bb, pr\u00e9cise celui qui con\u00e7oit depuis plusieurs ann\u00e9es, aupr\u00e8s de l\u2019agence\u00a0Captures, des r\u00e9sidences internationales d\u2019artistes interdisciplinaires.<\/p>\n<p>Pour Tamir Samandbaadra, qui est n\u00e9 en 1976 \u00e0 Oulan-Bator, la pratique de la calligraphie est devenue vitale. \u00ab\u00a0C\u2019est une forme d\u2019introspection. C\u2019est un art qui permet de mieux se conna\u00eetre.\u00a0\u00bb \u00c0 d\u00e9couvrir du mardi au dimanche de 14 \u00e0 19\u00a0heures. Visites comment\u00e9es et ateliers scolaires sur rendez-vous. Renseignements sur internet (association.echancrures@gmail.com).<\/p>\n","protected":false},"excerpt":{"rendered":"La meilleure version de soi-m\u00eame. Voil\u00e0 \u00e0 quoi m\u00e8ne la calligraphie selon le ma\u00eetre mongol Tamir Samandbaadra en&hellip;\n","protected":false},"author":2,"featured_media":207756,"comment_status":"","ping_status":"","sticky":false,"template":"","format":"standard","meta":{"footnotes":""},"categories":[1358],"tags":[1348,1384,1385,1386,58,59,1011,27],"class_list":{"0":"post-207755","1":"post","2":"type-post","3":"status-publish","4":"format-standard","5":"has-post-thumbnail","7":"category-arts-et-design","8":"tag-arts","9":"tag-arts-and-design","10":"tag-arts-et-design","11":"tag-design","12":"tag-divertissement","13":"tag-entertainment","14":"tag-fr","15":"tag-france"},"share_on_mastodon":{"url":"https:\/\/pubeurope.com\/@fr\/114754116876025284","error":""},"_links":{"self":[{"href":"https:\/\/www.europesays.com\/fr\/wp-json\/wp\/v2\/posts\/207755","targetHints":{"allow":["GET"]}}],"collection":[{"href":"https:\/\/www.europesays.com\/fr\/wp-json\/wp\/v2\/posts"}],"about":[{"href":"https:\/\/www.europesays.com\/fr\/wp-json\/wp\/v2\/types\/post"}],"author":[{"embeddable":true,"href":"https:\/\/www.europesays.com\/fr\/wp-json\/wp\/v2\/users\/2"}],"replies":[{"embeddable":true,"href":"https:\/\/www.europesays.com\/fr\/wp-json\/wp\/v2\/comments?post=207755"}],"version-history":[{"count":0,"href":"https:\/\/www.europesays.com\/fr\/wp-json\/wp\/v2\/posts\/207755\/revisions"}],"wp:featuredmedia":[{"embeddable":true,"href":"https:\/\/www.europesays.com\/fr\/wp-json\/wp\/v2\/media\/207756"}],"wp:attachment":[{"href":"https:\/\/www.europesays.com\/fr\/wp-json\/wp\/v2\/media?parent=207755"}],"wp:term":[{"taxonomy":"category","embeddable":true,"href":"https:\/\/www.europesays.com\/fr\/wp-json\/wp\/v2\/categories?post=207755"},{"taxonomy":"post_tag","embeddable":true,"href":"https:\/\/www.europesays.com\/fr\/wp-json\/wp\/v2\/tags?post=207755"}],"curies":[{"name":"wp","href":"https:\/\/api.w.org\/{rel}","templated":true}]}}