{"id":207760,"date":"2025-06-27T07:22:15","date_gmt":"2025-06-27T07:22:15","guid":{"rendered":"https:\/\/www.europesays.com\/fr\/207760\/"},"modified":"2025-06-27T07:22:15","modified_gmt":"2025-06-27T07:22:15","slug":"sabrina-carpenter-repond-aux-polemiques-en-revelant-une-pochette-dalbum-alternative-approuvee-par-dieu","status":"publish","type":"post","link":"https:\/\/www.europesays.com\/fr\/207760\/","title":{"rendered":"Sabrina Carpenter r\u00e9pond aux pol\u00e9miques en r\u00e9v\u00e9lant une pochette d&rsquo;album alternative \u00abapprouv\u00e9e par Dieu\u00bb"},"content":{"rendered":"<p><strong>Sabrina Carpenter<\/strong> ne recule devant rien. Ni les critiques, ni les standards de la biens\u00e9ance pop, encore moins les d\u00e9bats sur le f\u00e9minisme et le marketing. \u00c0 deux mois de la sortie de son nouvel album Man\u2019s Best Friend, la chanteuse de 26 ans a d\u00e9voil\u00e9 plusieurs pochette alternatives \u00e0 <a href=\"https:\/\/www.vanityfair.fr\/article\/sabrina-carpenter-album-mans-best-friend\" target=\"_blank\" rel=\"noopener\">celle qui avait enflamm\u00e9 internet<\/a>. L\u2019originale, o\u00f9 elle apparaissait \u00e0 quatre pattes, en robe noire et talons hauts, les cheveux tir\u00e9s par un homme sans visage, avait d\u00e9clench\u00e9 une temp\u00eate sur les r\u00e9seaux sociaux. Pour la nouvelle version l\u2019interpr\u00e8te de Espresso pose en robe de soir\u00e9e, adoss\u00e9e \u00e0 un partenaire masculin. Une photographie en noir et blanc aux allures vintage r\u00e9v\u00e9l\u00e9e sur <a href=\"https:\/\/www.vanityfair.fr\/dossier\/instagram\" isautogenerated=\"true\" target=\"_blank\" rel=\"noopener\">Instagram<\/a> accompagn\u00e9e de la l\u00e9gende : \u00ab Voici une nouvelle couverture alternative approuv\u00e9e par Dieu \u00bb, avec une once d\u2019ironie revendiqu\u00e9e.<\/p>\n<p>Publi\u00e9es le 25 juin, ces nouvelles images sign\u00e9es par le photographe <strong>Bryce Anderson<\/strong> offrent un contrepoint visuel \u00e0 la premi\u00e8re version. Exit la posture explicitement suggestive. Place \u00e0 une esth\u00e9tique r\u00e9tro et cin\u00e9matographique r\u00e9f\u00e9ren\u00e7ant une c\u00e9l\u00e8bre photo de <a href=\"https:\/\/www.vanityfair.fr\/dossier\/marilyn-monroe\" isautogenerated=\"true\" target=\"_blank\" rel=\"noopener\">Marilyn Monroe<\/a>. Sur une version, Sabrina Carpenter appuie sa t\u00eate sur l\u2019\u00e9paule d\u2019un homme en costume, regard vers l\u2019horizon. Sur la seconde, elle fixe l\u2019objectif avec une moue mi-surprise, mi-coquette. Des clich\u00e9s moins sulfureux, mais pas d\u00e9nu\u00e9s de sous-texte.<\/p>\n<p>X content<\/p>\n<p>This content can also be viewed on the site it <a href=\"https:\/\/twitter.com\/SabrinaAnnLynn\/status\/1937905144341119436\" target=\"_blank\" rel=\"nofollow noreferrer noopener\" aria-label=\"Opens in a new window\" class=\"BaseWrap-sc-gjQpdd BaseText-ewhhUZ BaseLink-eNWuiM ConsentBannerLink-dJZMSz iUEiRd hfDfPc joAuXZ\">originates<\/a> from.<\/p>\n<p>Ce retournement d\u2019image n\u2019est pas anodin. Depuis la r\u00e9v\u00e9lation de la pochette originale le 11 juin dernier, Sabrina Carpenter est devenue la nouvelle cible d\u2019un d\u00e9bat devenu rituel : jusqu\u2019o\u00f9 les pop stars peuvent-elles aller dans la provocation visuelle sans \u00eatre accus\u00e9es de trahir une cause ? Accus\u00e9e de \u00ab glamouriser la domination masculine \u00bb, de \u00ab se d\u00e9grader elle-m\u00eame \u00bb, ou encore de \u00ab r\u00e9duire les femmes \u00e0 des animaux \u00bb, la star n\u2019a jamais directement r\u00e9pondu \u00e0 ses d\u00e9tracteurs. Mais au d\u00e9tour d&rsquo;un post <a href=\"https:\/\/www.vanityfair.fr\/dossier\/twitter\" target=\"_blank\" rel=\"noopener\">X<\/a> , elle avait d\u00e9j\u00e0 laisser filtrer une pique \u00ab Girl yes, and it is goooooood \u00bb (oui, et c\u2019est si bon), en r\u00e9ponse \u00e0 un commentaire sugg\u00e9rant qu\u2019elle n\u2019avait pas de personnalit\u00e9 en dehors du sexe.<\/p>\n<p>\u00ab Clairement, c\u2019est vous qui \u00eates obs\u00e9d\u00e9s \u00bb<\/p>\n<p>Cette posture provocatrice n\u2019est pas nouvelle chez la chanteuse. Sur sc\u00e8ne, elle mime des positions sexuelles pendant Juno, dans ses clips elle encha\u00eene les r\u00e9f\u00e9rences aux fantasmes, assassine ses amants, embrasse une f\u00e9minit\u00e9 aussi libre que th\u00e9\u00e2tralis\u00e9e. Dans son interview accord\u00e9e \u00e0 <a data-offer-url=\"https:\/\/www.rollingstone.com\/music\/music-features\/sabrina-carpenter-new-album-mans-best-friend-fame-1235359144\/\" class=\"external-link\" data-event-click=\"{&quot;element&quot;:&quot;ExternalLink&quot;,&quot;outgoingURL&quot;:&quot;https:\/\/www.rollingstone.com\/music\/music-features\/sabrina-carpenter-new-album-mans-best-friend-fame-1235359144\/&quot;}\" href=\"https:\/\/www.rollingstone.com\/music\/music-features\/sabrina-carpenter-new-album-mans-best-friend-fame-1235359144\/\" rel=\"nofollow noopener\" target=\"_blank\">Rolling Stone<\/a>, elle \u00e9voque la r\u00e9ception de son travail : \u00ab \u201cTout ce qu\u2019elle fait c\u2019est chanter sur le sexe\u201d, disent-ils. Mais ce sont ces chansons que vous avez rendues populaires. Clairement, c\u2019est vous qui \u00eates obs\u00e9d\u00e9s. \u00bb La jeune femme assume, elle joue avec les codes, les doubles sens, et n\u2019entend pas demander pardon.<\/p>\n<p>L\u2019album Man\u2019s Best Friend aura en tout cas r\u00e9ussi son premier objectif : faire parler. Et cela avant m\u00eame sa sortie pr\u00e9vue pour le 29 ao\u00fbt. L\u2019ancienne star de <a href=\"https:\/\/www.vanityfair.fr\/dossier\/disney\" isautogenerated=\"true\" target=\"_blank\" rel=\"noopener\">Disney<\/a> signe un retour f\u00e9roce, depuis son dernier opus Short N\u2019 Sweet qui lui a valu le <a href=\"https:\/\/www.vanityfair.fr\/dossier\/grammy-awards\" target=\"_blank\" rel=\"noopener\">Grammy<\/a> du meilleur album vocal pop l\u2019ann\u00e9e pass\u00e9e. Le premier single intitul\u00e9 Manchild est d\u00e9j\u00e0 en t\u00eate des classements et bien parti pour rythmer notre \u00e9t\u00e9. Malgr\u00e9 la pol\u00e9mique, la machine promotionnelle tourne \u00e0 plein r\u00e9gime. Les diff\u00e9rentes versions de l&rsquo;album sont d\u00e9j\u00e0 disponibles en pr\u00e9commande sur son site, avec au choix la pochette originelle ou ses alternatives plus sages. De quoi satisfaire tous les camps du d\u00e9bat, des f\u00e9ministes intransigeantes aux amateurs de pop d\u00e9cadente. Une flexibilit\u00e9 marketing qui, en r\u00e9alit\u00e9, ne fait que renforcer son emprise sur le paysage pop actuel. Avec son petit message \u00ab approuv\u00e9 par Dieu \u00bb, Sabrina Carpenter ne cherche pas \u00e0 s\u2019excuser. Elle ironise, d\u00e9dramatise et reprend la main \u2013 sans renier ce qui fait sa signature. La provocation reste l\u00e0, mais dilu\u00e9e dans un \u00e9crin glamour et r\u00e9f\u00e9renc\u00e9. Elle laisse ses fans choisir leur version de l\u2019histoire, tout en gardant le contr\u00f4le du r\u00e9cit.<\/p>\n<p><script async src=\"https:\/\/platform.twitter.com\/widgets.js\" charset=\"utf-8\"><\/script><\/p>\n","protected":false},"excerpt":{"rendered":"Sabrina Carpenter ne recule devant rien. Ni les critiques, ni les standards de la biens\u00e9ance pop, encore moins&hellip;\n","protected":false},"author":2,"featured_media":207761,"comment_status":"","ping_status":"","sticky":false,"template":"","format":"standard","meta":{"footnotes":""},"categories":[1355],"tags":[1000,58,59,1011,27,1361,873,6747,721],"class_list":{"0":"post-207760","1":"post","2":"type-post","3":"status-publish","4":"format-standard","5":"has-post-thumbnail","7":"category-musique","8":"tag-celebrites","9":"tag-divertissement","10":"tag-entertainment","11":"tag-fr","12":"tag-france","13":"tag-music","14":"tag-musique","15":"tag-textabovecentergridwidth","16":"tag-web"},"share_on_mastodon":{"url":"https:\/\/pubeurope.com\/@fr\/114754128865177158","error":""},"_links":{"self":[{"href":"https:\/\/www.europesays.com\/fr\/wp-json\/wp\/v2\/posts\/207760","targetHints":{"allow":["GET"]}}],"collection":[{"href":"https:\/\/www.europesays.com\/fr\/wp-json\/wp\/v2\/posts"}],"about":[{"href":"https:\/\/www.europesays.com\/fr\/wp-json\/wp\/v2\/types\/post"}],"author":[{"embeddable":true,"href":"https:\/\/www.europesays.com\/fr\/wp-json\/wp\/v2\/users\/2"}],"replies":[{"embeddable":true,"href":"https:\/\/www.europesays.com\/fr\/wp-json\/wp\/v2\/comments?post=207760"}],"version-history":[{"count":0,"href":"https:\/\/www.europesays.com\/fr\/wp-json\/wp\/v2\/posts\/207760\/revisions"}],"wp:featuredmedia":[{"embeddable":true,"href":"https:\/\/www.europesays.com\/fr\/wp-json\/wp\/v2\/media\/207761"}],"wp:attachment":[{"href":"https:\/\/www.europesays.com\/fr\/wp-json\/wp\/v2\/media?parent=207760"}],"wp:term":[{"taxonomy":"category","embeddable":true,"href":"https:\/\/www.europesays.com\/fr\/wp-json\/wp\/v2\/categories?post=207760"},{"taxonomy":"post_tag","embeddable":true,"href":"https:\/\/www.europesays.com\/fr\/wp-json\/wp\/v2\/tags?post=207760"}],"curies":[{"name":"wp","href":"https:\/\/api.w.org\/{rel}","templated":true}]}}