{"id":207764,"date":"2025-06-27T07:24:10","date_gmt":"2025-06-27T07:24:10","guid":{"rendered":"https:\/\/www.europesays.com\/fr\/207764\/"},"modified":"2025-06-27T07:24:10","modified_gmt":"2025-06-27T07:24:10","slug":"covid-19-lacademie-de-medecine-redoute-une-reprise-epidemique-cet-ete","status":"publish","type":"post","link":"https:\/\/www.europesays.com\/fr\/207764\/","title":{"rendered":"Covid-19\u00a0: l\u2019Acad\u00e9mie de m\u00e9decine redoute \u00ab\u00a0une reprise \u00e9pid\u00e9mique\u00a0\u00bb cet \u00e9t\u00e9"},"content":{"rendered":"<p>\n                                                                Le nouveau variant NB.1.8.1 du virus SARS-Cov-2 et ses mutations inqui\u00e8tent l\u2019Acad\u00e9mie nationale de m\u00e9decine. Elle recommande une vaccination sans plus tarder de toutes les personnes \u00e0 risque.\n                            <\/p>\n<p>L\u2019Acad\u00e9mie nationale de m\u00e9decine s\u2019alarme du nouveau variant du SARS-CoV-2, baptis\u00e9 NB.1.8.1, dans un communiqu\u00e9 publi\u00e9 mercredi 25\u00a0juin. Et notamment de ses mutations\u00a0: celles-ci \u00ab\u00a0pourraient am\u00e9liorer l\u2019affinit\u00e9 de liaison au r\u00e9cepteur cellulaire ACE2 et augmenter la transmissibilit\u00e9 du virus, mais aussi faciliter son \u00e9chappement aux anticorps induits par des infections ou des vaccinations ant\u00e9rieures\u00a0\u00bb.<\/p>\n<p>Pas de saisonnalit\u00e9 hivernale prouv\u00e9e du virus<\/p>\n<p>Ainsi, l\u2019Acad\u00e9mie nationale de m\u00e9decine craint une reprise \u00e9pid\u00e9mique de Covid-19 pendant les mois d\u2019\u00e9t\u00e9. En cause, les capacit\u00e9s d\u2019adaptation de ce nouveau virus et la saisonnalit\u00e9 du SARS-CoV-2 qui est loin d\u2019\u00eatre d\u00e9montr\u00e9e. \u00ab\u00a0Au cours de l\u2019ann\u00e9e 2024, la surveillance nationale de la Covid-19 a d\u00e9crit une circulation permanente du SARS-CoV-2 avec deux pics d\u2019incidence, le premier fin juin\/d\u00e9but juillet et le second fin septembre. L\u2019hypoth\u00e8se d\u2019une saisonnalit\u00e9 hivernale de la pand\u00e9mie de Covid-19, comparable \u00e0 celle des \u00e9pid\u00e9mies de grippe, n\u2019est donc pas confirm\u00e9e\u00a0\u00bb.<\/p>\n<p>Alors que l\u2019Acad\u00e9mie nationale de m\u00e9decine d\u00e9plore \u00ab\u00a0l\u2019insuffisance du recours \u00e0 la vaccination, en particulier dans les populations les plus \u00e0 risque\u00a0\u00bb.<\/p>\n<p>La couverture vaccinale mesur\u00e9e chez les personnes \u00e2g\u00e9es de 65 ans et plus n\u2019\u00e9tait que de 21,7\u00a0% apr\u00e8s la campagne hivernale de vaccination 2024\/2025. Et l\u2019actuelle campagne de printemps ne fait pas recette. \u00ab\u00a0Elle pourrait \u00eatre prolong\u00e9e jusqu\u2019au 15\u00a0juillet\u00a0\u00bb, selon l\u2019Acad\u00e9mie.<\/p>\n<p><strong>L\u2019appel \u00e0 une vaccination sans tarder des personnes \u00e0 risque<\/strong><\/p>\n<p>Celle-ci recommande qu\u2019une vaccination soit faite sans plus attendre pour toutes les personnes \u00e0 risque de formes graves, vaccin\u00e9es ou non cet hiver (80 ans et plus, immunod\u00e9prim\u00e9es, r\u00e9sidentes en Etablissement pour personnes \u00e2g\u00e9es d\u00e9pendantes ou en Unit\u00e9 de soins de longue dur\u00e9e) et pour l\u2019ensemble des personnes \u00e9ligibles \u00e0 une vaccination annuelle (65 ans et plus, femmes enceintes, avec comorbidit\u00e9s, ou au contact r\u00e9gulier de personnes fragiles ou immunod\u00e9prim\u00e9es), mais n\u2019ayant pas \u00e9t\u00e9 vaccin\u00e9es \u00e0 l\u2019automne 2024.<\/p>\n<p>Selon l\u2019Organisation mondiale de la Sant\u00e9, qui a plac\u00e9 le nouveau variant sous surveillance le 23\u00a0mai 2025, les vaccins restent actuellement efficaces contre les formes symptomatiques et graves de la maladie.<\/p>\n","protected":false},"excerpt":{"rendered":"Le nouveau variant NB.1.8.1 du virus SARS-Cov-2 et ses mutations inqui\u00e8tent l\u2019Acad\u00e9mie nationale de m\u00e9decine. Elle recommande une&hellip;\n","protected":false},"author":2,"featured_media":207765,"comment_status":"","ping_status":"","sticky":false,"template":"","format":"standard","meta":{"footnotes":""},"categories":[10],"tags":[1011,27,72,71],"class_list":{"0":"post-207764","1":"post","2":"type-post","3":"status-publish","4":"format-standard","5":"has-post-thumbnail","7":"category-sante","8":"tag-fr","9":"tag-france","10":"tag-health","11":"tag-sante"},"share_on_mastodon":{"url":"https:\/\/pubeurope.com\/@fr\/114754136863818802","error":""},"_links":{"self":[{"href":"https:\/\/www.europesays.com\/fr\/wp-json\/wp\/v2\/posts\/207764","targetHints":{"allow":["GET"]}}],"collection":[{"href":"https:\/\/www.europesays.com\/fr\/wp-json\/wp\/v2\/posts"}],"about":[{"href":"https:\/\/www.europesays.com\/fr\/wp-json\/wp\/v2\/types\/post"}],"author":[{"embeddable":true,"href":"https:\/\/www.europesays.com\/fr\/wp-json\/wp\/v2\/users\/2"}],"replies":[{"embeddable":true,"href":"https:\/\/www.europesays.com\/fr\/wp-json\/wp\/v2\/comments?post=207764"}],"version-history":[{"count":0,"href":"https:\/\/www.europesays.com\/fr\/wp-json\/wp\/v2\/posts\/207764\/revisions"}],"wp:featuredmedia":[{"embeddable":true,"href":"https:\/\/www.europesays.com\/fr\/wp-json\/wp\/v2\/media\/207765"}],"wp:attachment":[{"href":"https:\/\/www.europesays.com\/fr\/wp-json\/wp\/v2\/media?parent=207764"}],"wp:term":[{"taxonomy":"category","embeddable":true,"href":"https:\/\/www.europesays.com\/fr\/wp-json\/wp\/v2\/categories?post=207764"},{"taxonomy":"post_tag","embeddable":true,"href":"https:\/\/www.europesays.com\/fr\/wp-json\/wp\/v2\/tags?post=207764"}],"curies":[{"name":"wp","href":"https:\/\/api.w.org\/{rel}","templated":true}]}}