{"id":207766,"date":"2025-06-27T07:25:10","date_gmt":"2025-06-27T07:25:10","guid":{"rendered":"https:\/\/www.europesays.com\/fr\/207766\/"},"modified":"2025-06-27T07:25:10","modified_gmt":"2025-06-27T07:25:10","slug":"a-40-ans-cristiano-ronaldo-soffre-encore-le-plus-gros-contrat-de-lhistoire-du-sport","status":"publish","type":"post","link":"https:\/\/www.europesays.com\/fr\/207766\/","title":{"rendered":"A 40 ans, Cristiano Ronaldo s\u2019offre encore le plus gros contrat de l\u2019histoire du sport"},"content":{"rendered":"<p>Dire qu\u2019on avait r\u00e9ellement cru \u00e0 un changement de cap, il y a un mois, lorsqu\u2019il avait post\u00e9 <a href=\"https:\/\/www.20minutes.fr\/sport\/football\/mercato\/4155602-20250527-arabie-saoudite-chapitre-termine-cristiano-ronaldo-vers-nouveau-defi-surprise-40-ans\" class=\"color-ultramarine c-link\" target=\"_blank\" rel=\"noopener\">ce message \u00e9nigmatique sur ses r\u00e9seaux sociaux<\/a>\u00a0: \u00ab\u00a0Le chapitre est termin\u00e9. L\u2019histoire\u00a0? Elle reste encore \u00e0 \u00e9crire\u00a0\u00bb. <a href=\"https:\/\/www.20minutes.fr\/sport\/cristiano_ronaldo\/\" class=\"color-ultramarine c-link\" target=\"_blank\" rel=\"noopener\">Cristiano Ronaldo<\/a> se retrouvait alors en fin de contrat avec le club d\u2019Al-Nassr, et beaucoup d\u2019observateurs l\u2019imaginaient quitter l\u2019<a href=\"https:\/\/www.20minutes.fr\/monde\/arabie_saoudite\/\" class=\"color-ultramarine c-link\" target=\"_blank\" rel=\"noopener\">Arabie saoudite<\/a>, pour notamment rejoindre un club participant \u00e0 la nouvelle <a href=\"https:\/\/www.20minutes.fr\/sport\/football\/coupe-monde-clubs\/\" class=\"color-ultramarine c-link\" target=\"_blank\" rel=\"noopener\">Coupe du monde des clubs<\/a>. Mais comment la star portugaise pourrait-elle s\u00e9rieusement partir, au vu du contrat astronomique que lui a de nouveau propos\u00e9 Al-Nassr\u00a0?<\/p>\n<p class=\"mb-xxl@xs color-ultramarine font-weight-semi-bold@xs font-source-serif-pro heading-s@xs\">L\u2019acc\u00e8s \u00e0 ce contenu a \u00e9t\u00e9 bloqu\u00e9 afin de respecter votre choix de consentement<\/p>\n<p class=\"mb-m@xs text-l@xs\">En cliquant sur\u00ab J\u2019accepte \u00bb, vous acceptez le d\u00e9p\u00f4t de cookies par des services externes et aurez ainsi acc\u00e8s aux contenus de nos partenaires.<\/p>\n<p class=\"mb-xl@xs text-s@xs\">Plus d\u2019informations sur la page<a href=\"https:\/\/www.20minutes.fr\/gestion-cookies\" class=\"mx-xxs@xs color-ultramarine\" target=\"_blank\" rel=\"noopener\">Politique de gestion des cookies<\/a><\/p>\n<p>J\u2019accepte<\/p>\n<p>Le quotidien espagnol <a href=\"https:\/\/www.marca.com\/futbol\/liga-arabia-saudi\/2025\/06\/26\/asi-sido-renovacion-cr7.html\" rel=\"nofollow noopener\" target=\"_blank\" class=\"color-ultramarine c-link\">Marca<\/a> nous apprend ainsi que m\u00eame \u00e0 40 ans, l\u2019ancien Madril\u00e8ne conserverait avec cette prolongation, officialis\u00e9e jeudi jusqu\u2019en\u00a02027, le plus gros contrat de toute l\u2019histoire du sport. Accrochez-vous donc devant ces chiffres, qui restent \u00e0 la hauteur du pont d\u2019or qu\u2019avait d\u00e9bours\u00e9 la Saudi Pro League pour attirer Cristiano Ronaldo en d\u00e9cembre\u00a02022, apr\u00e8s la Coupe du monde au Qatar.<\/p>\n<p>Seul sur sa plan\u00e8te, loin de Messi, Curry et Fury<\/p>\n<p>\u00ab\u00a0L\u2019histoire continue\u00a0\u00bb donc, comme l\u2019a indiqu\u00e9 Al-Nassr sur X, avec \u00e0 la cl\u00e9 200\u00a0millions d\u2019euros annuels, sans m\u00eame prendre en compte ses 60\u00a0millions d\u2019euros suppl\u00e9mentaires au titre des droits \u00e0 l\u2019image. Ce qui \u00e9quivaut pour son \u00ab\u00a0simple\u00a0\u00bb salaire \u00e0 16,67\u00a0millions d\u2019euros par mois, 3,846\u00a0millions d\u2019euros par semaine, 547.945 euros par jour, 23.831 euros par heure, ou m\u00eame 380 euros par minute.<\/p>\n<\/p>\n<p>Inutile de chercher, ni <a href=\"https:\/\/www.20minutes.fr\/sport\/lionel_messi\/\" class=\"color-ultramarine c-link\" target=\"_blank\" rel=\"noopener\">Lionel Messi<\/a> (17,6\u00a0millions d\u2019euros par saison \u00e0 l\u2019Inter Miami), ni l\u2019ultime contrat de <a href=\"https:\/\/www.20minutes.fr\/sport\/kylian-mbappe\/\" class=\"color-ultramarine c-link\" target=\"_blank\" rel=\"noopener\">Kylian Mbapp\u00e9<\/a> au PSG (282\u00a0millions d\u2019euros nets sur deux ans), ni m\u00eame la star <a href=\"https:\/\/www.20minutes.fr\/sport\/nba\/\" class=\"color-ultramarine c-link\" target=\"_blank\" rel=\"noopener\">NBA<\/a> <a href=\"https:\/\/www.20minutes.fr\/sport\/stephen-curry\/\" class=\"color-ultramarine c-link\" target=\"_blank\" rel=\"noopener\">Stephen Curry<\/a> (139\u00a0millions d\u2019euros par saison) ou le boxeur <a href=\"https:\/\/www.20minutes.fr\/sport\/tyson-fury\/\" class=\"color-ultramarine c-link\" target=\"_blank\" rel=\"noopener\">Tyson Fury<\/a> (130\u00a0millions d\u2019euros par an) n\u2019ont per\u00e7u un jour autant d\u2019argent dans l\u2019histoire du sport. Et Cristiano Ronaldo continuera donc de rouler sur l\u2019or comme personne \u00e0 42 ans gr\u00e2ce \u00e0 ce nouveau contrat.<\/p>\n","protected":false},"excerpt":{"rendered":"Dire qu\u2019on avait r\u00e9ellement cru \u00e0 un changement de cap, il y a un mois, lorsqu\u2019il avait post\u00e9&hellip;\n","protected":false},"author":2,"featured_media":207767,"comment_status":"","ping_status":"","sticky":false,"template":"","format":"standard","meta":{"footnotes":""},"categories":[9],"tags":[4947,13282,33,63,1011,27,6996,517,60],"class_list":{"0":"post-207766","1":"post","2":"type-post","3":"status-publish","4":"format-standard","5":"has-post-thumbnail","7":"category-sports","8":"tag-arabie-saoudite","9":"tag-cristiano-ronaldo","10":"tag-economie","11":"tag-football","12":"tag-fr","13":"tag-france","14":"tag-portugal","15":"tag-sport","16":"tag-sports"},"share_on_mastodon":{"url":"https:\/\/pubeurope.com\/@fr\/114754140516300027","error":""},"_links":{"self":[{"href":"https:\/\/www.europesays.com\/fr\/wp-json\/wp\/v2\/posts\/207766","targetHints":{"allow":["GET"]}}],"collection":[{"href":"https:\/\/www.europesays.com\/fr\/wp-json\/wp\/v2\/posts"}],"about":[{"href":"https:\/\/www.europesays.com\/fr\/wp-json\/wp\/v2\/types\/post"}],"author":[{"embeddable":true,"href":"https:\/\/www.europesays.com\/fr\/wp-json\/wp\/v2\/users\/2"}],"replies":[{"embeddable":true,"href":"https:\/\/www.europesays.com\/fr\/wp-json\/wp\/v2\/comments?post=207766"}],"version-history":[{"count":0,"href":"https:\/\/www.europesays.com\/fr\/wp-json\/wp\/v2\/posts\/207766\/revisions"}],"wp:featuredmedia":[{"embeddable":true,"href":"https:\/\/www.europesays.com\/fr\/wp-json\/wp\/v2\/media\/207767"}],"wp:attachment":[{"href":"https:\/\/www.europesays.com\/fr\/wp-json\/wp\/v2\/media?parent=207766"}],"wp:term":[{"taxonomy":"category","embeddable":true,"href":"https:\/\/www.europesays.com\/fr\/wp-json\/wp\/v2\/categories?post=207766"},{"taxonomy":"post_tag","embeddable":true,"href":"https:\/\/www.europesays.com\/fr\/wp-json\/wp\/v2\/tags?post=207766"}],"curies":[{"name":"wp","href":"https:\/\/api.w.org\/{rel}","templated":true}]}}