{"id":207773,"date":"2025-06-27T07:29:15","date_gmt":"2025-06-27T07:29:15","guid":{"rendered":"https:\/\/www.europesays.com\/fr\/207773\/"},"modified":"2025-06-27T07:29:15","modified_gmt":"2025-06-27T07:29:15","slug":"emmanuel-macron-veut-eviter-a-tout-prix-ce-scenario-apres-les-frappes-americaines-en-iran","status":"publish","type":"post","link":"https:\/\/www.europesays.com\/fr\/207773\/","title":{"rendered":"Emmanuel Macron veut \u00e9viter \u00e0 tout prix ce sc\u00e9nario apr\u00e8s les frappes am\u00e9ricaines en Iran"},"content":{"rendered":"<p>        <img decoding=\"async\" loading=\"lazy\" src=\"https:\/\/www.europesays.com\/fr\/wp-content\/uploads\/2025\/06\/98a6668_upload-1-yj0kbdlwjxa8-000-63yg4wg.jpg\"  width=\"728\" height=\"409\" alt=\"Emmanuel Macron a fait part de ses craintes, ce jeudi 26\u00a0juin, sur la sortie de l\u2019Iran du trait\u00e9 de non-prolif\u00e9ration des armes nucl\u00e9aires \u00e0 l\u2019issue d\u2019un sommet europ\u00e9en \u00e0 Bruxelles.\"\/>  <\/p>\n<p>NICOLAS TUCAT \/ AFP<\/p>\n<p>Emmanuel Macron a fait part de ses craintes, ce jeudi 26\u00a0juin, sur la sortie de l\u2019Iran du trait\u00e9 de non-prolif\u00e9ration des armes nucl\u00e9aires \u00e0 l\u2019issue d\u2019un sommet europ\u00e9en \u00e0 Bruxelles.<\/p>\n<p class=\"asset asset-text\">INTERNATIONAL &#8211; Ce serait \u00ab\u00a0une d\u00e9rive et un affaiblissement collectif\u00a0\u00bb. Le \u00ab\u00a0pire sc\u00e9nario\u00a0\u00bb, apr\u00e8s les frappes am\u00e9ricaines sur les<a href=\"https:\/\/www.huffingtonpost.fr\/international\/article\/frappes-americaines-en-iran-ce-que-l-on-sait-des-cibles-nucleaires-et-des-armes-utilisees-par-les-etats-unis_251654.html\" target=\"_blank\" rel=\"noopener\"> installations nucl\u00e9aires iraniennes<\/a> \u00ab\u00a0qui ont une efficacit\u00e9 r\u00e9elle\u00a0\u00bb, serait \u00ab\u00a0une sortie de l\u2019Iran du trait\u00e9 de non-prolif\u00e9ration\u00a0\u00bb des armes nucl\u00e9aires (TNP), a pr\u00e9venu ce jeudi 27\u00a0juin\u00a0Emmanuel\u00a0Macron, devant la presse \u00e0 l\u2019issue d\u2019un sommet europ\u00e9en \u00e0 Bruxelles.<\/p>\n<p class=\"asset asset-text\">Ce trait\u00e9, entr\u00e9 en vigueur en 1970, est un accord international visant \u00e0 emp\u00eacher la propagation des armes nucl\u00e9aires et de la technologie associ\u00e9e. Plusieurs responsables iraniens ont menac\u00e9 de se retirer de cet accord depuis les frappes isra\u00e9liennes et am\u00e9ricaines sur ses sites nucl\u00e9aires. Les 191\u00a0signataires doivent \u00e9galement laisser l\u2019<a href=\"https:\/\/www.huffingtonpost.fr\/international\/article\/apres-les-frappes-americaines-sur-le-programme-nucleaire-en-iran-le-directeur-de-l-aiea-fait-le-point_251829.html\" target=\"_blank\" rel=\"noopener\">Agence internationale de l\u2019\u00e9nergie atomique <\/a>(AIEA) effectuer des contr\u00f4les.<\/p>\n<p class=\"asset asset-text\">Comme le souligne <a href=\"https:\/\/www.franceinfo.fr\/monde\/conflit-israel-iran\/guerre-entre-israel-et-l-iran-pourquoi-teheran-menace-t-elle-de-se-retirer-du-traite-sur-la-non-proliferation-des-armes-nucleaires_7317597.html\" target=\"_blank\" rel=\"noopener\" title=\"Nouvelle fen\u00eatre\">franceinfo<\/a>, l\u2019article 10\u00a0du texte permet aux pays signataires de se retirer en cas d\u2019\u00a0\u00ab \u00e9v\u00e9nements extraordinaires\u00a0\u00bb\u00a0qui ont\u00a0\u00ab\u00a0compromis ses int\u00e9r\u00eats sup\u00e9rieurs\u00a0\u00bb. \u00a0Emmanuelle Maitre, chercheuse \u00e0 la Fondation pour la recherche strat\u00e9gique, explique \u00e0 nos cronfr\u00e8res qu\u2019en cas de d\u00e9part de l\u2019Iran du TNP, \u00ab\u00a0\u00a0la communaut\u00e9 internationale n\u2019aurait plus autant de fondement juridique pour sanctionner le programme nucl\u00e9aire de l\u2019Iran et s\u2019y opposer\u00a0\u00bb. Et cela pourrait aussi pousser d\u2019autres pays \u00e0 faire de m\u00eame.<\/p>\n<p>    Discussion avec les cinq membres permanents du Conseil de s\u00e9curit\u00e9 de l\u2019ONU    <\/p>\n<p class=\"asset asset-text\">Pour \u00ab\u00a0pr\u00e9server le trait\u00e9 de non-prolif\u00e9ration\u00a0\u00bb, le chef de l\u2019Etat fran\u00e7ais a annonc\u00e9 son intention de parler \u00ab\u00a0dans les prochains jours\u00a0\u00bb avec chacun des cinq membres permanents du Conseil de s\u00e9curit\u00e9 de l\u2019ONU, \u00e0 commencer par le Donald Trump avec lequel il s\u2019est entretenu jeudi. Outre la France et les Etats-Unis, les autres membres permanents sont le Royaume-Uni, la Russie et la Chine.<\/p>\n<p class=\"asset asset-text\">Emmanuel\u00a0Macron\u00a0a rapport\u00e9 avoir fait part au pr\u00e9sident am\u00e9ricain des \u00e9changes que les Fran\u00e7ais ont eu avec les Iraniens \u00ab\u00a0ces derniers jours, y compris ces derni\u00e8res heures\u00a0\u00bb. \u00ab\u00a0Notre souhait, c\u2019est qu\u2019il y ait une vraie convergence de vues parce que l\u2019objectif (&#8230;) c\u2019est qu\u2019il n\u2019y ait pas de reprise d\u2019activit\u00e9s prolif\u00e9rantes\u00a0\u00bb de la part de T\u00e9h\u00e9ran, a-t-il expliqu\u00e9.<\/p>\n<p class=\"asset asset-text\">Ces propos du pr\u00e9sident de la R\u00e9publique surviennent le jour o\u00f9 le Conseil des Gardiens, organe en charge d\u2019examiner la l\u00e9gislation en\u00a0Iran, a annonc\u00e9 l\u2019approbation d\u2019un projet de loi en faveur d\u2019une suspension de la coop\u00e9ration avec l\u2019AIEA.<\/p>\n","protected":false},"excerpt":{"rendered":"NICOLAS TUCAT \/ AFP Emmanuel Macron a fait part de ses craintes, ce jeudi 26\u00a0juin, sur la sortie&hellip;\n","protected":false},"author":2,"featured_media":207774,"comment_status":"","ping_status":"","sticky":false,"template":"","format":"standard","meta":{"footnotes":""},"categories":[5],"tags":[11,1073,1011,27,14,3019,664,12,5654,28],"class_list":{"0":"post-207773","1":"post","2":"type-post","3":"status-publish","4":"format-standard","5":"has-post-thumbnail","7":"category-international","8":"tag-actualites","9":"tag-emmanuel-macron","10":"tag-fr","11":"tag-france","12":"tag-international","13":"tag-iran","14":"tag-israel","15":"tag-news","16":"tag-nucleaire","17":"tag-world"},"share_on_mastodon":{"url":"https:\/\/pubeurope.com\/@fr\/114754156254476566","error":""},"_links":{"self":[{"href":"https:\/\/www.europesays.com\/fr\/wp-json\/wp\/v2\/posts\/207773","targetHints":{"allow":["GET"]}}],"collection":[{"href":"https:\/\/www.europesays.com\/fr\/wp-json\/wp\/v2\/posts"}],"about":[{"href":"https:\/\/www.europesays.com\/fr\/wp-json\/wp\/v2\/types\/post"}],"author":[{"embeddable":true,"href":"https:\/\/www.europesays.com\/fr\/wp-json\/wp\/v2\/users\/2"}],"replies":[{"embeddable":true,"href":"https:\/\/www.europesays.com\/fr\/wp-json\/wp\/v2\/comments?post=207773"}],"version-history":[{"count":0,"href":"https:\/\/www.europesays.com\/fr\/wp-json\/wp\/v2\/posts\/207773\/revisions"}],"wp:featuredmedia":[{"embeddable":true,"href":"https:\/\/www.europesays.com\/fr\/wp-json\/wp\/v2\/media\/207774"}],"wp:attachment":[{"href":"https:\/\/www.europesays.com\/fr\/wp-json\/wp\/v2\/media?parent=207773"}],"wp:term":[{"taxonomy":"category","embeddable":true,"href":"https:\/\/www.europesays.com\/fr\/wp-json\/wp\/v2\/categories?post=207773"},{"taxonomy":"post_tag","embeddable":true,"href":"https:\/\/www.europesays.com\/fr\/wp-json\/wp\/v2\/tags?post=207773"}],"curies":[{"name":"wp","href":"https:\/\/api.w.org\/{rel}","templated":true}]}}