{"id":207775,"date":"2025-06-27T07:30:10","date_gmt":"2025-06-27T07:30:10","guid":{"rendered":"https:\/\/www.europesays.com\/fr\/207775\/"},"modified":"2025-06-27T07:30:10","modified_gmt":"2025-06-27T07:30:10","slug":"trois-morts-dont-deux-jeunes-infirmieres","status":"publish","type":"post","link":"https:\/\/www.europesays.com\/fr\/207775\/","title":{"rendered":"trois morts dont deux jeunes infirmi\u00e8res"},"content":{"rendered":"<p>Ce jeudi matin sur l&rsquo;autoroute A8, \u00e0 hauteur du Cannet dans les Alpes-Maritimes, trois personnes ont perdu la vie dans un terrible accident, rapporte <a href=\"https:\/\/www.varmatin.com\/justice\/drame-humain-scenario-improbable-alcool-et-stups-au-volant-ce-que-l-on-sait-sur-l-effroyable-accident-qui-a-fait-trois-morts-et-un-blesse-grave-sur-l-a8-991860\" target=\"_blank\" rel=\"noopener\">le site de Var-Matin<\/a>. C&rsquo;est une collision frontale qui a plong\u00e9 plusieurs familles dans un effroi absolu. Parmi les victimes : deux jeunes infirmi\u00e8res, m\u00e8res de famille toutes les deux. L&rsquo;une d&rsquo;elles revenait d&rsquo;ailleurs d&rsquo;un cong\u00e9 maternit\u00e9.<\/p>\n<p>Le sc\u00e9nario de ce drame montre \u00e0 quel point une incroyable malchance peut tuer :\u00a0 un v\u00e9hicule &#8211; qui circulait \u00e0 vive allure &#8211; a percut\u00e9\u00a0 la glissi\u00e8re d&rsquo;un terre-plein central pour se retrouver dans l&rsquo;autre sens de circulation par l&rsquo;effet de la forte cin\u00e9tique. Apr\u00e8s avoir touch\u00e9 un premier v\u00e9hicule sans faire de victime, il a percut\u00e9 de plein fouet un second. Et c&rsquo;est dans cette voiture que se trouvaient les deux infirmi\u00e8res, \u00e2g\u00e9es de 33 et 34 ans. Bilan dramatique : le conducteur et les deux soignantes sont d\u00e9c\u00e9d\u00e9s. Une autre personne est entre la vie et la mort, il s&rsquo;agit du passager du v\u00e9hicule \u00e0 l&rsquo;origine de l&rsquo;accident.<\/p>\n<p>Le conducteur qui a trouv\u00e9 la mort, toujours selon la m\u00eame source, \u00e9tait alcoolis\u00e9 (0,74 g par litre de sang) et les analyses toxicologiques ont r\u00e9v\u00e9l\u00e9 \u00ab\u00a0la pr\u00e9sence de coca\u00efne.\u00a0\u00bb\u00a0<\/p>\n","protected":false},"excerpt":{"rendered":"Ce jeudi matin sur l&rsquo;autoroute A8, \u00e0 hauteur du Cannet dans les Alpes-Maritimes, trois personnes ont perdu la&hellip;\n","protected":false},"author":2,"featured_media":207776,"comment_status":"","ping_status":"","sticky":false,"template":"","format":"standard","meta":{"footnotes":""},"categories":[4],"tags":[17,119,11,34688,1446,274,1011,27,34687,151,12,25,3356,31581],"class_list":{"0":"post-207775","1":"post","2":"type-post","3":"status-publish","4":"format-standard","5":"has-post-thumbnail","7":"category-france","8":"tag-17","9":"tag-accident","10":"tag-actualites","11":"tag-cannet","12":"tag-dans","13":"tag-faits-divers-justice","14":"tag-fr","15":"tag-france","16":"tag-la8","17":"tag-les","18":"tag-news","19":"tag-republique-francaise","20":"tag-sur","21":"tag-terrible"},"share_on_mastodon":{"url":"https:\/\/pubeurope.com\/@fr\/114754160203691373","error":""},"_links":{"self":[{"href":"https:\/\/www.europesays.com\/fr\/wp-json\/wp\/v2\/posts\/207775","targetHints":{"allow":["GET"]}}],"collection":[{"href":"https:\/\/www.europesays.com\/fr\/wp-json\/wp\/v2\/posts"}],"about":[{"href":"https:\/\/www.europesays.com\/fr\/wp-json\/wp\/v2\/types\/post"}],"author":[{"embeddable":true,"href":"https:\/\/www.europesays.com\/fr\/wp-json\/wp\/v2\/users\/2"}],"replies":[{"embeddable":true,"href":"https:\/\/www.europesays.com\/fr\/wp-json\/wp\/v2\/comments?post=207775"}],"version-history":[{"count":0,"href":"https:\/\/www.europesays.com\/fr\/wp-json\/wp\/v2\/posts\/207775\/revisions"}],"wp:featuredmedia":[{"embeddable":true,"href":"https:\/\/www.europesays.com\/fr\/wp-json\/wp\/v2\/media\/207776"}],"wp:attachment":[{"href":"https:\/\/www.europesays.com\/fr\/wp-json\/wp\/v2\/media?parent=207775"}],"wp:term":[{"taxonomy":"category","embeddable":true,"href":"https:\/\/www.europesays.com\/fr\/wp-json\/wp\/v2\/categories?post=207775"},{"taxonomy":"post_tag","embeddable":true,"href":"https:\/\/www.europesays.com\/fr\/wp-json\/wp\/v2\/tags?post=207775"}],"curies":[{"name":"wp","href":"https:\/\/api.w.org\/{rel}","templated":true}]}}