{"id":207779,"date":"2025-06-27T07:32:12","date_gmt":"2025-06-27T07:32:12","guid":{"rendered":"https:\/\/www.europesays.com\/fr\/207779\/"},"modified":"2025-06-27T07:32:12","modified_gmt":"2025-06-27T07:32:12","slug":"nos-idees-sorties-du-week-end-des-4-5-et-6-juillet-2025-dans-la-loire","status":"publish","type":"post","link":"https:\/\/www.europesays.com\/fr\/207779\/","title":{"rendered":"Nos id\u00e9es sorties du week-end des 4, 5 et 6 juillet 2025 dans la Loire"},"content":{"rendered":"<p class=\"is-style-chapo\">Voici la s\u00e9lection de la r\u00e9daction de If Saint-Etienne pour se divertir et s\u2019amuser dans la Loire le week-end prochain, soit les 4, 5 et 6 juillet. Une liste d\u2019\u00e9v\u00e9nements, s\u00e9lectionn\u00e9s de mani\u00e8re ind\u00e9pendante et, bien entendu, non-exhaustive.<\/p>\n<p><img loading=\"lazy\" decoding=\"async\" width=\"1024\" height=\"576\" src=\"https:\/\/www.europesays.com\/fr\/wp-content\/uploads\/2025\/06\/Capture-decran-2025-06-26-a-14.11.52-1-1024x576.jpg\" alt=\"\" class=\"wp-image-79944\"  \/>Le ch\u00e2teau du Rousset, \u00e0 Margerie-Chantagret. \u00a9GoogleStreetView<\/p>\n<p>1 \u2013 En musique<\/p>\n<p>A Sorbiers, le Fraiss\u2019tival est de retour dans le parc Fraisse vendredi 4 juillet \u00e0 partir de 19h. Au programme, des concerts gratuits avec Th\u00e9o Bonneville (chanson fran\u00e7aise), The Late Speakers (garage rock) ou encore Ablaboye (chanson fran\u00e7aise). Un jeu de piste \u00ab\u00a0Scrute la nature\u00a0\u00bb sera organis\u00e9 par la <a href=\"https:\/\/www.if-saint-etienne.fr\/societe\/biodiversite-la-lpo-loire-prend-aussi-le-noir\" target=\"_blank\" rel=\"noreferrer noopener\">LPO<\/a> d\u00e8s 17h et sur place, une offre de food truck sera disponible.<\/p>\n<p>2 \u2013 C\u00f4t\u00e9 jardin<\/p>\n<p>Cet \u00e9t\u00e9, la Compagnie <a href=\"https:\/\/cieaugustineturpaux.com\/\" target=\"_blank\" rel=\"noreferrer noopener\">Augustine Turpaux<\/a> part en itin\u00e9rance th\u00e9\u00e2trale, comme chaque ann\u00e9e. Pour cette saison, pas moins de huit \u00e9tapes sont pr\u00e9vues dans la Loire, dont le 5 juillet \u00e0 Rozier C\u00f4tes d\u2019Aurec, sous les arbres de l\u2019\u00e9glise, ainsi que le lendemain \u00e0 Unieux, dans le parc Nelson Mandela. Un spectacle unique sera improvis\u00e9 et propos\u00e9 gratuitement chaque soir \u00e0 partir de 18h30, durant 30 \u00e0 45 minutes.<\/p>\n<p>3 \u2013 En f\u00eate<\/p>\n<p>Les 4 et 5 juillet, c\u2019est le retour de <a href=\"https:\/\/www.facebook.com\/events\/2814223948967919\/?acontext=%7B%22event_action_history%22%3A[%7B%22mechanism%22%3A%22your_upcoming_events_unit%22%2C%22surface%22%3A%22bookmark%22%7D]%2C%22ref_notif_type%22%3Anull%7D\" target=\"_blank\" rel=\"noreferrer noopener\">Friche en f\u00eate<\/a>, pour une troisi\u00e8me \u00e9dition. Au programme sur la friche Desjoyaux, \u00e0 Saint-Etienne, des animations comme des lectures pour les plus jeunes, ou encore des clowns, puis des concerts et un DJ set. L\u2019entr\u00e9e est \u00e0 prix libre et sur place, il y aura \u00e9galement des ateliers de graffs, de r\u00e9paration de v\u00e9lo, de maquillage\u2026 il y en a pour tous les \u00e2ges.<\/p>\n<p>4 \u2013 Classique<\/p>\n<p>Samedi 5 juillet, le <a href=\"https:\/\/www.if-saint-etienne.fr\/culture-loisirs\/lensemble-sylf-veut-faire-entrer-le-classique-en-entreprise\" target=\"_blank\" rel=\"noreferrer noopener\">Sylf<\/a> pr\u00e9sente l\u2019\u00e9v\u00e9nement \u00ab\u00a0La Belle journ\u00e9e au ch\u00e2teau du Rousset\u00a0\u00bb, \u00e0 Margerie-Chantagret. Au programme, aubade musicale, et visite comment\u00e9e le matin, puis exposition d\u2019instruments, atelier sophrologie et visite du ch\u00e2teau l\u2019apr\u00e8s-midi, avant un concert du <a href=\"https:\/\/ensemble-sylf.fr\/\" target=\"_blank\" rel=\"noreferrer noopener\">Sylf<\/a> \u00e0 la lumi\u00e8re des bougies \u00e0 partir de 20h30.<\/p>\n<p>5 \u2013 Chiner<\/p>\n<p>A Firminy, samedi 5 juillet, <a href=\"https:\/\/www.facebook.com\/assohabcorbu\/\" target=\"_blank\" rel=\"noreferrer noopener\">l\u2019association<\/a> de l\u2019unit\u00e9 d\u2019habitation Le Corbusier fait du tri et organise un vide-grenier. Ouvert aux habitants comme aux exposants venus de l\u2019ext\u00e9rieur, il permettra de faire des affaires de 10h \u00e0 18h sous les pilotis du Corbusier. Sur place, restauration, boissons sans alcool, cr\u00eapes et douceurs au programme.<\/p>\n","protected":false},"excerpt":{"rendered":"Voici la s\u00e9lection de la r\u00e9daction de If Saint-Etienne pour se divertir et s\u2019amuser dans la Loire le&hellip;\n","protected":false},"author":2,"featured_media":207780,"comment_status":"","ping_status":"","sticky":false,"template":"","format":"standard","meta":{"footnotes":""},"categories":[9653],"tags":[14428,1111,11,2430,1777,674,1011,27,34689,14429,12,14430,25,4001,1669,14431],"class_list":{"0":"post-207779","1":"post","2":"type-post","3":"status-publish","4":"format-standard","5":"has-post-thumbnail","7":"category-saint-etienne","8":"tag-activites-week-end-loire","9":"tag-actu","10":"tag-actualites","11":"tag-auvergne-rhone-alpes","12":"tag-eu","13":"tag-europe","14":"tag-fr","15":"tag-france","16":"tag-idee-sortie-saint-etienne","17":"tag-idees-sorties-loire","18":"tag-news","19":"tag-recreatif","20":"tag-republique-francaise","21":"tag-saint-etienne","22":"tag-sorties","23":"tag-week-ends"},"share_on_mastodon":{"url":"https:\/\/pubeurope.com\/@fr\/114754168130217899","error":""},"_links":{"self":[{"href":"https:\/\/www.europesays.com\/fr\/wp-json\/wp\/v2\/posts\/207779","targetHints":{"allow":["GET"]}}],"collection":[{"href":"https:\/\/www.europesays.com\/fr\/wp-json\/wp\/v2\/posts"}],"about":[{"href":"https:\/\/www.europesays.com\/fr\/wp-json\/wp\/v2\/types\/post"}],"author":[{"embeddable":true,"href":"https:\/\/www.europesays.com\/fr\/wp-json\/wp\/v2\/users\/2"}],"replies":[{"embeddable":true,"href":"https:\/\/www.europesays.com\/fr\/wp-json\/wp\/v2\/comments?post=207779"}],"version-history":[{"count":0,"href":"https:\/\/www.europesays.com\/fr\/wp-json\/wp\/v2\/posts\/207779\/revisions"}],"wp:featuredmedia":[{"embeddable":true,"href":"https:\/\/www.europesays.com\/fr\/wp-json\/wp\/v2\/media\/207780"}],"wp:attachment":[{"href":"https:\/\/www.europesays.com\/fr\/wp-json\/wp\/v2\/media?parent=207779"}],"wp:term":[{"taxonomy":"category","embeddable":true,"href":"https:\/\/www.europesays.com\/fr\/wp-json\/wp\/v2\/categories?post=207779"},{"taxonomy":"post_tag","embeddable":true,"href":"https:\/\/www.europesays.com\/fr\/wp-json\/wp\/v2\/tags?post=207779"}],"curies":[{"name":"wp","href":"https:\/\/api.w.org\/{rel}","templated":true}]}}