{"id":207781,"date":"2025-06-27T07:33:11","date_gmt":"2025-06-27T07:33:11","guid":{"rendered":"https:\/\/www.europesays.com\/fr\/207781\/"},"modified":"2025-06-27T07:33:11","modified_gmt":"2025-06-27T07:33:11","slug":"saint-etienne-les-remiremont-une-douzaine-de-lyceens-ont-decouvert-la-gendarmerie","status":"publish","type":"post","link":"https:\/\/www.europesays.com\/fr\/207781\/","title":{"rendered":"Saint-\u00c9tienne-l\u00e8s-Remiremont \u2013 Une douzaine de lyc\u00e9ens ont d\u00e9couvert la gendarmerie"},"content":{"rendered":"<p>\t\t\t<img loading=\"lazy\" width=\"930\" height=\"450\" src=\"https:\/\/www.europesays.com\/fr\/wp-content\/uploads\/2025\/06\/511273335_1144769614355803_218182964635310142_n-e1751008177896.jpg\" class=\"attachment-apostrophe-2-featured size-apostrophe-2-featured wp-post-image\" alt=\"\" decoding=\"async\" data-attachment-id=\"288138\" data-permalink=\"https:\/\/remiremontvallees.com\/2025\/06\/27\/saint-etienne-les-remiremont-une-douzaine-de-lyceens-ont-decouvert-la-gendarmerie\/511273335_1144769614355803_218182964635310142_n\/\" data-orig-file=\"https:\/\/i0.wp.com\/remiremontvallees.com\/wp-content\/uploads\/2025\/06\/511273335_1144769614355803_218182964635310142_n-e1751008177896.jpg?fit=705%2C485&amp;ssl=1\" data-orig-size=\"705,485\" data-comments-opened=\"1\" data-image-meta=\"{&quot;aperture&quot;:&quot;0&quot;,&quot;credit&quot;:&quot;&quot;,&quot;camera&quot;:&quot;&quot;,&quot;caption&quot;:&quot;&quot;,&quot;created_timestamp&quot;:&quot;0&quot;,&quot;copyright&quot;:&quot;&quot;,&quot;focal_length&quot;:&quot;0&quot;,&quot;iso&quot;:&quot;0&quot;,&quot;shutter_speed&quot;:&quot;0&quot;,&quot;title&quot;:&quot;&quot;,&quot;orientation&quot;:&quot;0&quot;}\" data-image-title=\"511273335_1144769614355803_218182964635310142_n\" data-image-description=\"\" data-image-caption=\"\" data-medium-file=\"https:\/\/i0.wp.com\/remiremontvallees.com\/wp-content\/uploads\/2025\/06\/511273335_1144769614355803_218182964635310142_n-e1751008177896.jpg?fit=300%2C206&amp;ssl=1\" data-large-file=\"https:\/\/i0.wp.com\/remiremontvallees.com\/wp-content\/uploads\/2025\/06\/511273335_1144769614355803_218182964635310142_n-e1751008177896.jpg?fit=723%2C498&amp;ssl=1\"\/>\t\t<\/p>\n<p>Jeudi 27 juin 2025, une douzaine de lyc\u00e9ens venus des quatre coins des Vosges ont termin\u00e9 leur stage d\u00e9couverte de la gendarmerie \u00e0 l\u2019escadron de Saint-\u00c9tienne-l\u00e8s-Remiremont.<\/p>\n<p>Apr\u00e8s 10 jours rythm\u00e9s entre identification criminelle, cynotechnie, drone, peloton de gendarmerie de haute-montagne des Vosges ou encore marche au Saint-Mont, ils ont re\u00e7u leur certificat !<\/p>\n<p>Ce s\u00e9same pourra leur ouvrir la voie vers la r\u00e9serve op\u00e9rationnelle, avec d\u00e9j\u00e0 quelques bases en poche. \u00ab\u00a0Bravo \u00e0 ces jeunes pour leur engagement !\u00a0\u00bb conclut la gendarmerie des Vosges.<\/p>\n<p>\t\t\tPartager cet article sur le r\u00e9seau de votre choix :J\u2019aime \u00e7a\u00a0:<\/p>\n<p>J\u2019aime chargement\u2026<\/p>\n<p><a class=\"sd-link-color\"\/><\/p>\n<p>\n\tArticles similaires<\/p>\n","protected":false},"excerpt":{"rendered":"Jeudi 27 juin 2025, une douzaine de lyc\u00e9ens venus des quatre coins des Vosges ont termin\u00e9 leur stage&hellip;\n","protected":false},"author":2,"featured_media":207782,"comment_status":"","ping_status":"","sticky":false,"template":"","format":"standard","meta":{"footnotes":""},"categories":[9653],"tags":[1111,11,2430,1777,674,1011,27,12,25,4001],"class_list":{"0":"post-207781","1":"post","2":"type-post","3":"status-publish","4":"format-standard","5":"has-post-thumbnail","7":"category-saint-etienne","8":"tag-actu","9":"tag-actualites","10":"tag-auvergne-rhone-alpes","11":"tag-eu","12":"tag-europe","13":"tag-fr","14":"tag-france","15":"tag-news","16":"tag-republique-francaise","17":"tag-saint-etienne"},"share_on_mastodon":{"url":"https:\/\/pubeurope.com\/@fr\/114754171936551338","error":""},"_links":{"self":[{"href":"https:\/\/www.europesays.com\/fr\/wp-json\/wp\/v2\/posts\/207781","targetHints":{"allow":["GET"]}}],"collection":[{"href":"https:\/\/www.europesays.com\/fr\/wp-json\/wp\/v2\/posts"}],"about":[{"href":"https:\/\/www.europesays.com\/fr\/wp-json\/wp\/v2\/types\/post"}],"author":[{"embeddable":true,"href":"https:\/\/www.europesays.com\/fr\/wp-json\/wp\/v2\/users\/2"}],"replies":[{"embeddable":true,"href":"https:\/\/www.europesays.com\/fr\/wp-json\/wp\/v2\/comments?post=207781"}],"version-history":[{"count":0,"href":"https:\/\/www.europesays.com\/fr\/wp-json\/wp\/v2\/posts\/207781\/revisions"}],"wp:featuredmedia":[{"embeddable":true,"href":"https:\/\/www.europesays.com\/fr\/wp-json\/wp\/v2\/media\/207782"}],"wp:attachment":[{"href":"https:\/\/www.europesays.com\/fr\/wp-json\/wp\/v2\/media?parent=207781"}],"wp:term":[{"taxonomy":"category","embeddable":true,"href":"https:\/\/www.europesays.com\/fr\/wp-json\/wp\/v2\/categories?post=207781"},{"taxonomy":"post_tag","embeddable":true,"href":"https:\/\/www.europesays.com\/fr\/wp-json\/wp\/v2\/tags?post=207781"}],"curies":[{"name":"wp","href":"https:\/\/api.w.org\/{rel}","templated":true}]}}