{"id":207783,"date":"2025-06-27T07:35:13","date_gmt":"2025-06-27T07:35:13","guid":{"rendered":"https:\/\/www.europesays.com\/fr\/207783\/"},"modified":"2025-06-27T07:35:13","modified_gmt":"2025-06-27T07:35:13","slug":"deux-soirees-de-concerts","status":"publish","type":"post","link":"https:\/\/www.europesays.com\/fr\/207783\/","title":{"rendered":"Deux soir\u00e9es de concerts"},"content":{"rendered":"<p>Pour f\u00eater la fin de saison, l\u2019Ensemble Leszczynski propose deux soir\u00e9es de concerts. En premi\u00e8re partie, sous la direction de Geoffrey Van\u00e7on, les artistes interpr\u00e9teront le Magnificat  de Kim Andr\u00e9 Arnesen. L\u2019ensemble sera ensuite rejoint par le ch\u0153ur Sing for Joy, de Varang\u00e9ville, dirig\u00e9 par Anthony Joly, et du ch\u0153ur vosgien Poly-Sons, sous la baguette de Cyril Dalmar. Ils reprendront l\u2019\u0153uvre majeure d\u2019Elaine Hagenberg Illuminare.<\/p>\n<p class=\"note\"><strong>Samedi 28\u00a0juin<\/strong> , \u00e0 20\u00a0h\u00a030, \u00e0 l\u2019\u00e9glise Sainte-Bernadette, 1, rue du G\u00e9n\u00e9ral-Fr\u00e8re, \u00e0 Vand\u0153uvre-l\u00e8s-Nancy. Et <strong>dimanche 29\u00a0juin<\/strong> , \u00e0 16\u00a0h, \u00e0 la basilique, rue Simon-Moycet, \u00e0 Saint-Nicolas-de-Port. Tarifs\u00a0: de 14\u00a0\u20ac \u00e0 6\u00a0\u20ac.<\/p>\n","protected":false},"excerpt":{"rendered":"Pour f\u00eater la fin de saison, l\u2019Ensemble Leszczynski propose deux soir\u00e9es de concerts. En premi\u00e8re partie, sous la&hellip;\n","protected":false},"author":2,"featured_media":207784,"comment_status":"","ping_status":"","sticky":false,"template":"","format":"standard","meta":{"footnotes":""},"categories":[9635],"tags":[1111,11,1687,1704,1777,674,1011,27,775,6364,873,1702,12,25,5711],"class_list":{"0":"post-207783","1":"post","2":"type-post","3":"status-publish","4":"format-standard","5":"has-post-thumbnail","7":"category-nancy","8":"tag-actu","9":"tag-actualites","10":"tag-culture-loisirs","11":"tag-edition-nancy-et-agglomeration","12":"tag-eu","13":"tag-europe","14":"tag-fr","15":"tag-france","16":"tag-grand-est","17":"tag-metropole-du-grand-nancy-54b1","18":"tag-musique","19":"tag-nancy","20":"tag-news","21":"tag-republique-francaise","22":"tag-vandoeuvre-les-nancy"},"share_on_mastodon":{"url":"https:\/\/pubeurope.com\/@fr\/114754179960948357","error":""},"_links":{"self":[{"href":"https:\/\/www.europesays.com\/fr\/wp-json\/wp\/v2\/posts\/207783","targetHints":{"allow":["GET"]}}],"collection":[{"href":"https:\/\/www.europesays.com\/fr\/wp-json\/wp\/v2\/posts"}],"about":[{"href":"https:\/\/www.europesays.com\/fr\/wp-json\/wp\/v2\/types\/post"}],"author":[{"embeddable":true,"href":"https:\/\/www.europesays.com\/fr\/wp-json\/wp\/v2\/users\/2"}],"replies":[{"embeddable":true,"href":"https:\/\/www.europesays.com\/fr\/wp-json\/wp\/v2\/comments?post=207783"}],"version-history":[{"count":0,"href":"https:\/\/www.europesays.com\/fr\/wp-json\/wp\/v2\/posts\/207783\/revisions"}],"wp:featuredmedia":[{"embeddable":true,"href":"https:\/\/www.europesays.com\/fr\/wp-json\/wp\/v2\/media\/207784"}],"wp:attachment":[{"href":"https:\/\/www.europesays.com\/fr\/wp-json\/wp\/v2\/media?parent=207783"}],"wp:term":[{"taxonomy":"category","embeddable":true,"href":"https:\/\/www.europesays.com\/fr\/wp-json\/wp\/v2\/categories?post=207783"},{"taxonomy":"post_tag","embeddable":true,"href":"https:\/\/www.europesays.com\/fr\/wp-json\/wp\/v2\/tags?post=207783"}],"curies":[{"name":"wp","href":"https:\/\/api.w.org\/{rel}","templated":true}]}}