{"id":207789,"date":"2025-06-27T07:38:18","date_gmt":"2025-06-27T07:38:18","guid":{"rendered":"https:\/\/www.europesays.com\/fr\/207789\/"},"modified":"2025-06-27T07:38:18","modified_gmt":"2025-06-27T07:38:18","slug":"les-films-de-fin-detudes-de-lecole-artfx-projetes-au-centre-rabelais","status":"publish","type":"post","link":"https:\/\/www.europesays.com\/fr\/207789\/","title":{"rendered":"les films de fin d&rsquo;\u00e9tudes de l&rsquo;\u00e9cole ArtFX projet\u00e9s au centre Rabelais"},"content":{"rendered":"<p>            Par<br \/>\n        <strong><br \/>\n            <a href=\"https:\/\/actu.fr\/auteur\/metropoop\" title=\"Consulter tous les articles de R\u00e9daction M\u00e9tropolitain\" rel=\"nofollow noopener\" target=\"_blank\">R\u00e9daction M\u00e9tropolitain<\/a><br \/>\n        <\/strong><\/p>\n<p>        Publi\u00e9 le<\/p>\n<p>            27 juin 2025 \u00e0 8h38        <\/p>\n<p>Pour la premi\u00e8re fois, <strong>la Ville de Montpellier<\/strong> met \u00e0 disposition <strong>le centre Rabelais<\/strong> o\u00f9 seront projet\u00e9s, ce vendredi 27 juin 2025 \u00e0 15h, <strong>les films de fin d\u2019\u00e9tudes<\/strong> des \u00e9tudiants de 5e ann\u00e9e de <strong>l\u2019\u00e9cole ArtFX<\/strong>. Une s\u00e9ance sp\u00e9ciale ouverte gratuitement au public avec douze courts-m\u00e9trages \u00e0 d\u00e9couvrir.<\/p>\n<p>Douze films<\/p>\n<p class=\" wall-content\">Les films de fin d\u2019\u00e9tudes sont l\u2019occasion pour les \u00e9tudiants en 5e ann\u00e9e de l\u2019\u00e9cole ArtFX de pr\u00e9senter les comp\u00e9tences acquises en mati\u00e8res d\u2019effets sp\u00e9ciaux et d\u2019animation 2D et 3D. Ceux r\u00e9alis\u00e9s par la promotion 2025 sont le reflet d\u2019une g\u00e9n\u00e9ration plurielle, audacieuse et profond\u00e9ment investie. Tr\u00e8s vari\u00e9s dans leurs formes, leurs tons et leurs ambitions, les projets de cette ann\u00e9e explorent tour \u00e0 tour le domaine de l\u2019intime, les mondes oniriques ou futuristes, la po\u00e9sie\u2026 Mais tous donnent \u00e0 voir quelque chose d\u2019essentiel : une vision du monde, l\u2019expression d\u2019un engagement, une envie d\u2019ouvrir des dialogues.<\/p>\n<p class=\" wall-content\">Le public montpelli\u00e9rain pourra donc les d\u00e9couvrir, gratuitement sur inscription, vendredi 27 juin \u00e0 15h au centre Rabelais lors d\u2019une s\u00e9ance sp\u00e9ciale. Les douze films totalisant une dur\u00e9e totale de projection de 1h15. La veille, les \u00e9tudiants pr\u00e9senteront leurs films devant un jury de professionnels et des recruteurs venus du monde entier lors d\u2019une projection priv\u00e9e au CGR de Lattes.<\/p>\n<p>    <a href=\"https:\/\/www.google.com\/maps\/embed?pb=!1m18!1m12!1m3!1d2888.798715428194!2d3.877728711181529!3d43.61073245505683!2m3!1f0!2f0!3f0!3m2!1i1024!2i768!4f13.1!3m3!1m2!1s0x12b6af09f9831db5%3A0x8e7b2b0317db9051!2sCentre%20Rabelais!5e0!3m2!1sfr!2sfr!4v1750247309036!5m2!1sfr!2sfr\" title=\"Ouvrie le lien\" rel=\"nofollow noopener\" target=\"_blank\">Cliquez ici pour visualiser le contenu<\/a><\/p>\n<p>&gt; Pour participer \u00e0 la projection sp\u00e9ciale au centre Rabelais, enti\u00e8rement gratuite, la r\u00e9servation est obligatoire sur <a href=\"https:\/\/www.eventbrite.fr\/e\/projection-des-films-de-fin-detudes-artfx-2025-tickets-1395791272269?aff=oddtdtcreator\" rel=\"nofollow noopener\" target=\"_blank\">eventbrite.fr<\/a>.<\/p>\n<p class=\" wall-content\">Suivez toute l\u2019actualit\u00e9 de vos villes et m\u00e9dias favoris en vous inscrivant \u00e0 <a href=\"https:\/\/moncompte.actu.fr\" title=\"D\u00e9couvez Mon Actu\" rel=\"nofollow noopener\" data-trk=\"{&quot;cta&quot;:{&quot;action&quot;:&quot;https:\\\/\\\/moncompte.actu.fr&quot;,&quot;category&quot;:&quot;mon compte&quot;,&quot;from&quot;:&quot;article footer&quot;,&quot;name&quot;:&quot;Mon actu&quot;,&quot;type&quot;:&quot;cta&quot;}}\" target=\"_blank\">Mon Actu<\/a>.<\/p>\n","protected":false},"excerpt":{"rendered":"Par R\u00e9daction M\u00e9tropolitain Publi\u00e9 le 27 juin 2025 \u00e0 8h38 Pour la premi\u00e8re fois, la Ville de Montpellier&hellip;\n","protected":false},"author":2,"featured_media":207790,"comment_status":"","ping_status":"","sticky":false,"template":"","format":"standard","meta":{"footnotes":""},"categories":[9599],"tags":[1111,11,1777,674,1011,27,1305,2208,12,2680,25],"class_list":{"0":"post-207789","1":"post","2":"type-post","3":"status-publish","4":"format-standard","5":"has-post-thumbnail","7":"category-montpellier","8":"tag-actu","9":"tag-actualites","10":"tag-eu","11":"tag-europe","12":"tag-fr","13":"tag-france","14":"tag-lifestyle","15":"tag-montpellier","16":"tag-news","17":"tag-occitanie","18":"tag-republique-francaise"},"share_on_mastodon":{"url":"https:\/\/pubeurope.com\/@fr\/114754191593018710","error":""},"_links":{"self":[{"href":"https:\/\/www.europesays.com\/fr\/wp-json\/wp\/v2\/posts\/207789","targetHints":{"allow":["GET"]}}],"collection":[{"href":"https:\/\/www.europesays.com\/fr\/wp-json\/wp\/v2\/posts"}],"about":[{"href":"https:\/\/www.europesays.com\/fr\/wp-json\/wp\/v2\/types\/post"}],"author":[{"embeddable":true,"href":"https:\/\/www.europesays.com\/fr\/wp-json\/wp\/v2\/users\/2"}],"replies":[{"embeddable":true,"href":"https:\/\/www.europesays.com\/fr\/wp-json\/wp\/v2\/comments?post=207789"}],"version-history":[{"count":0,"href":"https:\/\/www.europesays.com\/fr\/wp-json\/wp\/v2\/posts\/207789\/revisions"}],"wp:featuredmedia":[{"embeddable":true,"href":"https:\/\/www.europesays.com\/fr\/wp-json\/wp\/v2\/media\/207790"}],"wp:attachment":[{"href":"https:\/\/www.europesays.com\/fr\/wp-json\/wp\/v2\/media?parent=207789"}],"wp:term":[{"taxonomy":"category","embeddable":true,"href":"https:\/\/www.europesays.com\/fr\/wp-json\/wp\/v2\/categories?post=207789"},{"taxonomy":"post_tag","embeddable":true,"href":"https:\/\/www.europesays.com\/fr\/wp-json\/wp\/v2\/tags?post=207789"}],"curies":[{"name":"wp","href":"https:\/\/api.w.org\/{rel}","templated":true}]}}