{"id":207797,"date":"2025-06-27T07:43:10","date_gmt":"2025-06-27T07:43:10","guid":{"rendered":"https:\/\/www.europesays.com\/fr\/207797\/"},"modified":"2025-06-27T07:43:10","modified_gmt":"2025-06-27T07:43:10","slug":"grenoble-recrute-raffaele-costa-storti-en-provenance-du-stade-francais","status":"publish","type":"post","link":"https:\/\/www.europesays.com\/fr\/207797\/","title":{"rendered":"Grenoble recrute Raffaele Costa-Storti en provenance du Stade Fran\u00e7ais"},"content":{"rendered":"<p>Raffaele Costa-Storti rejoint Grenoble pour deux ans. L\u2019ailier jouait au Stade Fran\u00e7ais ces derniers mois mais s\u2019est r\u00e9v\u00e9l\u00e9 avec B\u00e9ziers la saison pr\u00e9c\u00e9dente en marquant 21 essais en une saison.<\/p>\n<p class=\"fig-paragraph\">Apr\u00e8s avoir<a href=\"http:\/\/www.lefigaro.fr\/sports\/rugby\/top-14\/grenoble-perpignan-joueurs-de-l-usap-agresses-chemise-tachee-de-sang-comment-l-apres-match-a-degenere-20250616\" data-fig-type=\"NewsFlash\" data-gtm-custom-categorie=\"navigation\" data-gtm-custom-action=\"crossclick\" data-gtm-custom-label=\"Contextuel\" data-gtm-event=\"customEventSPE\" data-fig-domain=\"LEFIGARO\" target=\"_blank\" rel=\"noopener\">\u00a0\u00e9chou\u00e9 \u00e0 monter en Top 14 au profit de Perpignan<\/a>, Grenoble se renforce pour retenter l\u2019accession l\u2019ann\u00e9e prochaine. Le FCG a annonc\u00e9\u00a0<a href=\"http:\/\/www.lefigaro.fr\/sports\/rugby\/top-14\/top-14-dumora-de-retour-a-castres-premiere-pour-costa-storti-a-paris-20241018\" data-fig-type=\"NewsFlash\" data-gtm-custom-categorie=\"navigation\" data-gtm-custom-action=\"crossclick\" data-gtm-custom-label=\"Contextuel\" data-gtm-event=\"customEventSPE\" data-fig-domain=\"LEFIGARO\" target=\"_blank\" rel=\"noopener\">le recrutement de Raffaele Costa-Storti<\/a>, l\u2019international portugais a sign\u00e9 pour deux ans.<\/p>\n<p>Monter en Top 14 avec Grenoble<\/p>\n<p class=\"fig-paragraph\">L\u2019ailier arrive en provenance du Stade Fran\u00e7ais o\u00f9 il a tr\u00e8s peu jou\u00e9. Le joueur de 24 ans s\u2019est surtout r\u00e9v\u00e9l\u00e9 avec B\u00e9ziers lors de la saison 2023-2024 en \u00e9tant le meilleur marqueur de la saison en Pro D2 avec 21 essais. Il a \u00e9galement marqu\u00e9 les esprits avec le Portugal lors de la Coupe du monde 2023 en aidant sa s\u00e9lection \u00e0 obtenir sa premi\u00e8re victoire en Mondial en battant les Fidji.<\/p>\n<p class=\"fig-paragraph\">Le directeur du rugby de Grenoble a pr\u00e9sent\u00e9 Costa-Storti comme \u00abun joueur tr\u00e8s rapide, tr\u00e8s v\u00e9loce, tr\u00e8s professionnel, qui sait o\u00f9 il veut aller. Il souhaite jouer au plus haut niveau du rugby fran\u00e7ais, il est ambitieux, et il s\u2019aligne parfaitement avec ce que nous voulons, des joueurs qui veulent encore \u00e9lever le niveau et atteindre le Top 14 qu\u2019on n\u2019a pas encore r\u00e9ussi \u00e0 atteindre\u00bb.<\/p>\n","protected":false},"excerpt":{"rendered":"Raffaele Costa-Storti rejoint Grenoble pour deux ans. L\u2019ailier jouait au Stade Fran\u00e7ais ces derniers mois mais s\u2019est r\u00e9v\u00e9l\u00e9&hellip;\n","protected":false},"author":2,"featured_media":207798,"comment_status":"","ping_status":"","sticky":false,"template":"","format":"standard","meta":{"footnotes":""},"categories":[9566],"tags":[2306,1111,11,2430,525,2309,1981,2313,1089,451,814,1777,674,1011,27,2731,955,12,2308,2311,25,1980,479,2259,2307,2558,478,2310,2312,513],"class_list":{"0":"post-207797","1":"post","2":"type-post","3":"status-publish","4":"format-standard","5":"has-post-thumbnail","7":"category-grenoble","8":"tag-6-nations","9":"tag-actu","10":"tag-actualites","11":"tag-auvergne-rhone-alpes","12":"tag-calendrier","13":"tag-challenge-europeen","14":"tag-classement","15":"tag-clermont","16":"tag-coupe-deurope","17":"tag-coupe-du-monde","18":"tag-direct","19":"tag-eu","20":"tag-europe","21":"tag-fr","22":"tag-france","23":"tag-grenoble","24":"tag-match","25":"tag-news","26":"tag-pro-d2","27":"tag-racing","28":"tag-republique-francaise","29":"tag-resultats","30":"tag-rugby","31":"tag-score","32":"tag-six-nations","33":"tag-stade-francais","34":"tag-top-14","35":"tag-toulon","36":"tag-toulouse","37":"tag-xv-de-france"},"share_on_mastodon":{"url":"https:\/\/pubeurope.com\/@fr\/114754211300188118","error":""},"_links":{"self":[{"href":"https:\/\/www.europesays.com\/fr\/wp-json\/wp\/v2\/posts\/207797","targetHints":{"allow":["GET"]}}],"collection":[{"href":"https:\/\/www.europesays.com\/fr\/wp-json\/wp\/v2\/posts"}],"about":[{"href":"https:\/\/www.europesays.com\/fr\/wp-json\/wp\/v2\/types\/post"}],"author":[{"embeddable":true,"href":"https:\/\/www.europesays.com\/fr\/wp-json\/wp\/v2\/users\/2"}],"replies":[{"embeddable":true,"href":"https:\/\/www.europesays.com\/fr\/wp-json\/wp\/v2\/comments?post=207797"}],"version-history":[{"count":0,"href":"https:\/\/www.europesays.com\/fr\/wp-json\/wp\/v2\/posts\/207797\/revisions"}],"wp:featuredmedia":[{"embeddable":true,"href":"https:\/\/www.europesays.com\/fr\/wp-json\/wp\/v2\/media\/207798"}],"wp:attachment":[{"href":"https:\/\/www.europesays.com\/fr\/wp-json\/wp\/v2\/media?parent=207797"}],"wp:term":[{"taxonomy":"category","embeddable":true,"href":"https:\/\/www.europesays.com\/fr\/wp-json\/wp\/v2\/categories?post=207797"},{"taxonomy":"post_tag","embeddable":true,"href":"https:\/\/www.europesays.com\/fr\/wp-json\/wp\/v2\/tags?post=207797"}],"curies":[{"name":"wp","href":"https:\/\/api.w.org\/{rel}","templated":true}]}}