{"id":207799,"date":"2025-06-27T07:44:16","date_gmt":"2025-06-27T07:44:16","guid":{"rendered":"https:\/\/www.europesays.com\/fr\/207799\/"},"modified":"2025-06-27T07:44:16","modified_gmt":"2025-06-27T07:44:16","slug":"comment-ca-marche-les-policiers-sont-la-pour-vous-repondre","status":"publish","type":"post","link":"https:\/\/www.europesays.com\/fr\/207799\/","title":{"rendered":"comment \u00e7a marche ? Les policiers sont l\u00e0 pour vous r\u00e9pondre"},"content":{"rendered":"<p>            Par<br \/>\n        <strong><br \/>\n            <a href=\"https:\/\/actu.fr\/auteur\/laurene-fertin\" title=\"Consulter tous les articles de Laur\u00e8ne Fertin\" target=\"_blank\" rel=\"noopener\">Laur\u00e8ne Fertin<\/a><br \/>\n        <\/strong><\/p>\n<p>        Publi\u00e9 le<\/p>\n<p>            27 juin 2025 \u00e0 6h32        <\/p>\n<p>Partir l\u2019esprit tranquille en vacances, c\u2019est possible \u00e0 Rennes et en Ille-et-Vilaine\u2009: comme chaque ann\u00e9e, <strong>la police<\/strong> ou <strong>la gendarmerie<\/strong> se tient \u00e0 disposition des habitants(es) <strong>pour surveiller leur logement <\/strong>dans le cadre de <strong>l\u2019Op\u00e9ration tranquillit\u00e9 vacances<\/strong> (OVT), afin d\u2019\u00e9viter les cambriolages.<\/p>\n<p class=\" wall-content\"><strong>Ce dispositif gratuit<\/strong> (disponible \u00e9galement tout au long de l\u2019ann\u00e9e) sera pr\u00e9sent\u00e9 <strong>au march\u00e9 des Lices<\/strong>, ce samedi 28\u00a0juin 2025.<\/p>\n<p>Comment s\u2019inscrire\u2009?<\/p>\n<p class=\" wall-content\">Pour s\u2019inscrire \u00e0 l\u2019OTV, il est possible de le faire <strong><a href=\"https:\/\/demarches.service-public.fr\/mademarche\/OperationTranquilliteVacances\/demarche\" target=\"_blank\" rel=\"noopener\">en ligne<\/a><\/strong> via FranceConnect ou alors de vous rendre<strong> dans un commissariat<\/strong> de police ou <strong>en brigade<\/strong> de gendarmerie.<\/p>\n<p class=\" wall-content\">L\u2019inscription peut \u00eatre effectu\u00e9e <strong>45 jours \u00e0 l\u2019avance et, au plus tard<\/strong><\/p>\n<ul class=\" wall-content\">\n<li>trois jours avant votre d\u00e9part si votre logement d\u00e9pend de la police\u2009;<\/li>\n<li>la veille de votre d\u00e9part si votre logement d\u00e9pend de la gendarmerie.<\/li>\n<\/ul>\n<p>Vid\u00e9os : en ce moment sur Actu<\/p>\n<p class=\" wall-content\"><strong>Pour en savoir plus<\/strong>, rendez-vous samedi, donc\u2009: la police nationale et municipale tiendra <strong>un stand<\/strong> samedi afin de <strong>r\u00e9pondre aux questions<\/strong> des particuliers.<\/p>\n<p>Les diff\u00e9rents m\u00e9tiers<\/p>\n<p class=\" wall-content\">Ce rendez-vous sera aussi l\u2019occasion de pr\u00e9senter <strong>les diff\u00e9rents m\u00e9tiers<\/strong> de la police nationale, mais aussi de parler <strong>recrutement<\/strong> \u2013 concours du gardien de la paix, nouvelles s\u00e9lections d\u00e9partementales de policiers adjoints\u2026<\/p>\n<p class=\" wall-content\">Suivez toute l\u2019actualit\u00e9 de vos villes et m\u00e9dias favoris en vous inscrivant \u00e0 <a href=\"https:\/\/moncompte.actu.fr\" title=\"D\u00e9couvez Mon Actu\" rel=\"nofollow noopener\" data-trk=\"{&quot;cta&quot;:{&quot;action&quot;:&quot;https:\\\/\\\/moncompte.actu.fr&quot;,&quot;category&quot;:&quot;mon compte&quot;,&quot;from&quot;:&quot;article footer&quot;,&quot;name&quot;:&quot;Mon actu&quot;,&quot;type&quot;:&quot;cta&quot;}}\" target=\"_blank\">Mon Actu<\/a>.<\/p>\n","protected":false},"excerpt":{"rendered":"Par Laur\u00e8ne Fertin Publi\u00e9 le 27 juin 2025 \u00e0 6h32 Partir l\u2019esprit tranquille en vacances, c\u2019est possible \u00e0&hellip;\n","protected":false},"author":2,"featured_media":207800,"comment_status":"","ping_status":"","sticky":false,"template":"","format":"standard","meta":{"footnotes":""},"categories":[2821],"tags":[1111,11,829,1777,674,118,1011,27,3381,12,1072,584,25,3176],"class_list":{"0":"post-207799","1":"post","2":"type-post","3":"status-publish","4":"format-standard","5":"has-post-thumbnail","7":"category-rennes","8":"tag-actu","9":"tag-actualites","10":"tag-bretagne","11":"tag-eu","12":"tag-europe","13":"tag-faits-divers","14":"tag-fr","15":"tag-france","16":"tag-gendarmerie","17":"tag-news","18":"tag-police","19":"tag-rennes","20":"tag-republique-francaise","21":"tag-vacances-scolaires"},"share_on_mastodon":{"url":"https:\/\/pubeurope.com\/@fr\/114754215159784959","error":""},"_links":{"self":[{"href":"https:\/\/www.europesays.com\/fr\/wp-json\/wp\/v2\/posts\/207799","targetHints":{"allow":["GET"]}}],"collection":[{"href":"https:\/\/www.europesays.com\/fr\/wp-json\/wp\/v2\/posts"}],"about":[{"href":"https:\/\/www.europesays.com\/fr\/wp-json\/wp\/v2\/types\/post"}],"author":[{"embeddable":true,"href":"https:\/\/www.europesays.com\/fr\/wp-json\/wp\/v2\/users\/2"}],"replies":[{"embeddable":true,"href":"https:\/\/www.europesays.com\/fr\/wp-json\/wp\/v2\/comments?post=207799"}],"version-history":[{"count":0,"href":"https:\/\/www.europesays.com\/fr\/wp-json\/wp\/v2\/posts\/207799\/revisions"}],"wp:featuredmedia":[{"embeddable":true,"href":"https:\/\/www.europesays.com\/fr\/wp-json\/wp\/v2\/media\/207800"}],"wp:attachment":[{"href":"https:\/\/www.europesays.com\/fr\/wp-json\/wp\/v2\/media?parent=207799"}],"wp:term":[{"taxonomy":"category","embeddable":true,"href":"https:\/\/www.europesays.com\/fr\/wp-json\/wp\/v2\/categories?post=207799"},{"taxonomy":"post_tag","embeddable":true,"href":"https:\/\/www.europesays.com\/fr\/wp-json\/wp\/v2\/tags?post=207799"}],"curies":[{"name":"wp","href":"https:\/\/api.w.org\/{rel}","templated":true}]}}