{"id":207803,"date":"2025-06-27T07:46:43","date_gmt":"2025-06-27T07:46:43","guid":{"rendered":"https:\/\/www.europesays.com\/fr\/207803\/"},"modified":"2025-06-27T07:46:43","modified_gmt":"2025-06-27T07:46:43","slug":"ce-samedi-strasbourg-celebre-lete-et-les-soldes","status":"publish","type":"post","link":"https:\/\/www.europesays.com\/fr\/207803\/","title":{"rendered":"ce samedi, Strasbourg c\u00e9l\u00e8bre l\u2019\u00e9t\u00e9 et les soldes !"},"content":{"rendered":"<p>    <img loading=\"lazy\" width=\"1800\" height=\"900\" src=\"https:\/\/www.europesays.com\/fr\/wp-content\/uploads\/2025\/04\/jeanne-callthepolice.jpg\" class=\"attachment-full size-full\" alt=\"\" id=\"imageLove\" decoding=\"async\"  \/><\/p>\n<p id=\"breadcrumbs\"><a href=\"https:\/\/pokaa.fr\/\" target=\"_blank\" rel=\"noopener\">Accueil<\/a> \/ <a href=\"https:\/\/pokaa.fr\/categories\/ses-sorties\/\" target=\"_blank\" rel=\"noopener\">Sorties<\/a> \/ Cadeaux \u00e0 gagner : ce samedi, Strasbourg c\u00e9l\u00e8bre l\u2019\u00e9t\u00e9 et les soldes !<\/p>\n<p>                    Sorties<\/p>\n<p><strong>Depuis le 25 juin et jusqu\u2019au 22 juillet, les soldes d\u2019\u00e9t\u00e9 permettent aux Strasbourgeois(es) de se faire plaisir. Pour la peine, les Vitrines de Strasbourg nous invitent le samedi 28 juin sur la place Gutenberg. Au programme : beaucoup de surprises et, surtout, de belles choses \u00e0 gagner. On vous dit tout.<\/strong><\/p>\n<p>Si vous d\u00e9cidez d\u2019aller faire vos emplettes ce samedi pour les soldes d\u2019\u00e9t\u00e9, <strong>n\u2019oubliez pas de faire un d\u00e9tour par la place Gutenberg<\/strong>, qui va vibrer avec <strong>les Vitrines de Strasbourg. Plusieurs surprises vous attendent !\u00a0<\/strong><\/p>\n<p>                <img width=\"750\" height=\"500\" src=\"https:\/\/www.europesays.com\/fr\/wp-content\/uploads\/2025\/06\/france-strasbourg-fete-de-la-musique-2025-wr-29-sur-84-750x500.jpg\" class=\"attachment-gallery size-gallery\" alt=\"F\u00eate la musique 2025, foule, ambiance, place Gutenberg, jour\" data-full-url=\"https:\/\/pokaa.fr\/wp-content\/uploads\/2025\/06\/22\/france-strasbourg-fete-de-la-musique-2025-wr-29-sur-84.jpg\" decoding=\"async\" loading=\"lazy\"  \/>            <\/p>\n<p>                <img width=\"667\" height=\"500\" src=\"https:\/\/www.europesays.com\/fr\/wp-content\/uploads\/2025\/06\/img-8883-667x500.jpeg\" class=\"attachment-gallery size-gallery\" alt=\"place Gutenberg carrousel\" data-full-url=\"https:\/\/pokaa.fr\/wp-content\/uploads\/2024\/05\/11\/img-8883-1500x1125.jpeg\" decoding=\"async\" loading=\"lazy\"  \/>            <\/p>\n<p>                    1. \u00a9 Wilfried Rion \/ Pokaa ; 2. \u00a9 Anthony Jilli \/ Pokaa <\/p>\n<p>La Roue de la Chance pour gagner des cadeaux<\/p>\n<p>Pour f\u00eater l\u2019\u00e9t\u00e9 et \u00e0 l\u2019occasion des soldes,<strong> vous pourrez ce samedi tenter la Roue de la Chance<\/strong> sur la place Gutenberg. Pour participer, c\u2019est tr\u00e8s simple, il suffit de pr\u00e9senter un ticket de caisse justifiant <strong>25\u20ac d\u2019achats dans les boutiques strasbourgeoises<\/strong>.<\/p>\n<p>\u00c0 gagner\u00a0: <strong>des cartes-cadeaux ou de stationnement, des goodies, etc.<\/strong> Et si vos achats ont \u00e9t\u00e9 faits chez des commerces adh\u00e9rents des Vitrines de Strasbourg, vous aurez m\u00eame le droit de tenter votre chance une deuxi\u00e8me fois !<\/p>\n<p>                <img width=\"395\" height=\"500\" src=\"https:\/\/www.europesays.com\/fr\/wp-content\/uploads\/2025\/06\/capture-decran-2025-06-23-104935-395x500.png\" class=\"attachment-gallery size-gallery\" alt=\"Vitrines de Strasbourg\" data-full-url=\"https:\/\/pokaa.fr\/wp-content\/uploads\/2025\/06\/23\/capture-decran-2025-06-23-104935.png\" decoding=\"async\" loading=\"lazy\"  \/>            <\/p>\n<p>                <img width=\"493\" height=\"500\" src=\"https:\/\/www.europesays.com\/fr\/wp-content\/uploads\/2025\/06\/vitrines-de-strasbourg-ete-soldes-493x500.png\" class=\"attachment-gallery size-gallery\" alt=\"vitrines de strasbourg \u00e9t\u00e9 soldes\" data-full-url=\"https:\/\/pokaa.fr\/wp-content\/uploads\/2025\/06\/23\/vitrines-de-strasbourg-ete-soldes.png\" decoding=\"async\" loading=\"lazy\"  \/>            <\/p>\n<p>                    \u00a9 Vitrines de Strasbourg \/ Captures d&rsquo;\u00e9cran<\/p>\n<p>Pour finir gaiement votre marathon soldes, vous pourrez profiter <strong>d\u2019un d\u00e9cor estival install\u00e9 sp\u00e9cialement pour l\u2019occasion.<\/strong> De quoi faire des selfies ensoleill\u00e9s, ou prendre la pose pour se donner un avant-go\u00fbt des vacances. <strong>Alors, vous venez\u00a0?<\/strong><\/p>\n<p>            Les Vitrines de Strasbourg f\u00eatent l&rsquo;\u00e9t\u00e9<\/p>\n<p>            Quoi ? <\/p>\n<p>Jeux et animations autour des soldes<\/p>\n<p>                Quand ?<\/p>\n<p>Samedi 28 juin<\/p>\n<p>            o\u00f9 ?<\/p>\n<p>Place Gutenberg, \u00e0 Strasbourg<\/p>\n<p>                Plus d&rsquo;infos ?<\/p>\n<p><a href=\"https:\/\/vitrines-strasbourg.com\/actualites\/les-vitrines-de-strasbourg-fete-lete\/\" target=\"_blank\" rel=\"noopener\">Page web des Vitrines de Strasbourg<\/a><br \/><a href=\"https:\/\/www.instagram.com\/vitrinesdestrasbourg\/?hl=fr\" target=\"_blank\" rel=\"noopener\">Page Instagram\u00a0<\/a><\/p>\n<p><script async src=\"\/\/www.instagram.com\/embed.js\"><\/script><\/p>\n","protected":false},"excerpt":{"rendered":"Accueil \/ Sorties \/ Cadeaux \u00e0 gagner : ce samedi, Strasbourg c\u00e9l\u00e8bre l\u2019\u00e9t\u00e9 et les soldes ! Sorties&hellip;\n","protected":false},"author":2,"featured_media":207804,"comment_status":"","ping_status":"","sticky":false,"template":"","format":"standard","meta":{"footnotes":""},"categories":[2820],"tags":[1111,11,2883,1777,674,1011,27,775,12,25,11772,640,8128],"class_list":{"0":"post-207803","1":"post","2":"type-post","3":"status-publish","4":"format-standard","5":"has-post-thumbnail","7":"category-strasbourg","8":"tag-actu","9":"tag-actualites","10":"tag-ete","11":"tag-eu","12":"tag-europe","13":"tag-fr","14":"tag-france","15":"tag-grand-est","16":"tag-news","17":"tag-republique-francaise","18":"tag-soldes","19":"tag-strasbourg","20":"tag-vitrines-de-strasbourg"},"share_on_mastodon":{"url":"https:\/\/pubeurope.com\/@fr\/114754223441639443","error":""},"_links":{"self":[{"href":"https:\/\/www.europesays.com\/fr\/wp-json\/wp\/v2\/posts\/207803","targetHints":{"allow":["GET"]}}],"collection":[{"href":"https:\/\/www.europesays.com\/fr\/wp-json\/wp\/v2\/posts"}],"about":[{"href":"https:\/\/www.europesays.com\/fr\/wp-json\/wp\/v2\/types\/post"}],"author":[{"embeddable":true,"href":"https:\/\/www.europesays.com\/fr\/wp-json\/wp\/v2\/users\/2"}],"replies":[{"embeddable":true,"href":"https:\/\/www.europesays.com\/fr\/wp-json\/wp\/v2\/comments?post=207803"}],"version-history":[{"count":0,"href":"https:\/\/www.europesays.com\/fr\/wp-json\/wp\/v2\/posts\/207803\/revisions"}],"wp:featuredmedia":[{"embeddable":true,"href":"https:\/\/www.europesays.com\/fr\/wp-json\/wp\/v2\/media\/207804"}],"wp:attachment":[{"href":"https:\/\/www.europesays.com\/fr\/wp-json\/wp\/v2\/media?parent=207803"}],"wp:term":[{"taxonomy":"category","embeddable":true,"href":"https:\/\/www.europesays.com\/fr\/wp-json\/wp\/v2\/categories?post=207803"},{"taxonomy":"post_tag","embeddable":true,"href":"https:\/\/www.europesays.com\/fr\/wp-json\/wp\/v2\/tags?post=207803"}],"curies":[{"name":"wp","href":"https:\/\/api.w.org\/{rel}","templated":true}]}}