{"id":207811,"date":"2025-06-27T07:50:26","date_gmt":"2025-06-27T07:50:26","guid":{"rendered":"https:\/\/www.europesays.com\/fr\/207811\/"},"modified":"2025-06-27T07:50:26","modified_gmt":"2025-06-27T07:50:26","slug":"taupes-musiciennes-dj-lapin-la-nuit-du-van-etrange-et-gourmande-cest-ce-samedi-a-nantes","status":"publish","type":"post","link":"https:\/\/www.europesays.com\/fr\/207811\/","title":{"rendered":"Taupes musiciennes, DJ lapin\u2026 La Nuit du Van, \u00e9trange et gourmande, c\u2019est ce samedi \u00e0 Nantes"},"content":{"rendered":"<p>Des taupes musiciennes, une DJ lapin, un groupe psycho-dub-funk, une fanfare rock, une diva new-yorkaise\u2026 Plac\u00e9e sous le signe de l\u2019\u00e9tranget\u00e9, <a href=\"https:\/\/nantes.maville.com\/info\/info-locale\/voyage-nantes\/video-la-place-royale-transformee-un-avant-gout-du-voyage-a-nantes-qui-demarre-samedi-28-juin-51413bc4-a077-494d-9bb8-8fbd762caacb\" target=\"_blank\" rel=\"noopener\">la Nuit du Van invite \u00e0 la d\u00e9couverte des nouvelles \u0153uvres du parcours artistique estival dans les rues de Nantes, ce samedi 28\u00a0juin<\/a>. Les mus\u00e9es seront ouverts de 19\u00a0h \u00e0 22\u00a0h\u00a0; Les quartiers proposent aussi des rendez-vous.<\/p>\n<p>L\u2019inauguration aura lieu \u00e0 18\u00a0h, place Royale, \u00e0 Nantes. \u00c0 18\u00a0h\u00a030, The green line marching band et Jasmine Vegas lanceront la soir\u00e9e festive et relieront les diff\u00e9rents sites au son de la fanfare. La diva new yorkaise apportera sa touche originale au gr\u00e9 de deux s\u00e9quences et de deux parcours. \u00c0 18\u00a0h\u00a030, au d\u00e9part de la place Royale jusqu\u2019au square Daviais. \u00c0 21\u00a0h\u00a030, la fanfare partira de l\u2019\u00e9glise Saint-Cl\u00e9ment jusqu\u2019au cours Saint-Pierre.<\/p>\n<p>Des Taupes musiciennes g\u00e9antes Maulw\u00fcrfe joueront les vedettes et paraderont dans la ville, avec DJ sets \u00e9lectro, de 21\u00a0h \u00e0 22\u00a0h, entre le cours Cambronne et le square Daviais.<\/p>\n<p>Soir\u00e9e gourmande<\/p>\n<p>La soir\u00e9e sera gourmande\u00a0gr\u00e2ce \u00e0 une cinquantaine d\u2019adresses des Tables de Nantes qui formeront d\u2019\u00e9ph\u00e9m\u00e8res food hall pour r\u00e9galer les convives, avec des petits plats vendus entre 2\u00a0\u20ac et 10\u00a0\u20ac. Du cours Cambronne au square Daviais, jusqu\u2019au cours Saint-Pierre, de 18\u00a0h\u00a030 \u00e0 22\u00a0h.<\/p>\n<p>Ambiance carr\u00e9ment br\u00e9silienne, cours Saint-Pierre, avec le Corso Sao Pedro, clin d\u2019\u0153il \u00e0 la ville de Recife. La gastronomie br\u00e9silienne sera repr\u00e9sent\u00e9e avec Thiago Das Chagas, grand chef br\u00e9silien, en complicit\u00e9 avec L\u00e9on Huet, chef nantais.<\/p>\n<p>La f\u00eate commencera d\u00e8s vendredi 27\u00a0juin avec la pr\u00e9-nuit du Van, de 19\u00a0h \u00e0 1\u00a0h\u00a030 \u00e0 Trempo, en terrasse, DJ sets entre afrobeat et bass funk, avec l\u2019artiste Lima Libra et la Nantaise Aasana P\u00f6 A\u00efnhoa, BtoB.<\/p>\n<p>Tout le programme sur  <a href=\"https:\/\/www.levoyageanantes.fr\/\" target=\"_blank\" rel=\"noopener\">www.levoyageanantes.fr<\/a> , Entr\u00e9e libre.<\/p>\n<p>\u00a0<\/p>\n","protected":false},"excerpt":{"rendered":"Des taupes musiciennes, une DJ lapin, un groupe psycho-dub-funk, une fanfare rock, une diva new-yorkaise\u2026 Plac\u00e9e sous le&hellip;\n","protected":false},"author":2,"featured_media":207812,"comment_status":"","ping_status":"","sticky":false,"template":"","format":"standard","meta":{"footnotes":""},"categories":[2818],"tags":[1111,11,12666,21076,1777,674,1011,27,34698,18516,34697,766,12,293,2636,25,3982,34696,22596],"class_list":{"0":"post-207811","1":"post","2":"type-post","3":"status-publish","4":"format-standard","5":"has-post-thumbnail","7":"category-nantes","8":"tag-actu","9":"tag-actualites","10":"tag-dj","11":"tag-etrange","12":"tag-eu","13":"tag-europe","14":"tag-fr","15":"tag-france","16":"tag-gourmande","17":"tag-lapin","18":"tag-musiciennes","19":"tag-nantes","20":"tag-news","21":"tag-nuit","22":"tag-pays-de-la-loire","23":"tag-republique-francaise","24":"tag-samedi","25":"tag-taupes","26":"tag-van"},"share_on_mastodon":{"url":"https:\/\/pubeurope.com\/@fr\/114754239231182035","error":""},"_links":{"self":[{"href":"https:\/\/www.europesays.com\/fr\/wp-json\/wp\/v2\/posts\/207811","targetHints":{"allow":["GET"]}}],"collection":[{"href":"https:\/\/www.europesays.com\/fr\/wp-json\/wp\/v2\/posts"}],"about":[{"href":"https:\/\/www.europesays.com\/fr\/wp-json\/wp\/v2\/types\/post"}],"author":[{"embeddable":true,"href":"https:\/\/www.europesays.com\/fr\/wp-json\/wp\/v2\/users\/2"}],"replies":[{"embeddable":true,"href":"https:\/\/www.europesays.com\/fr\/wp-json\/wp\/v2\/comments?post=207811"}],"version-history":[{"count":0,"href":"https:\/\/www.europesays.com\/fr\/wp-json\/wp\/v2\/posts\/207811\/revisions"}],"wp:featuredmedia":[{"embeddable":true,"href":"https:\/\/www.europesays.com\/fr\/wp-json\/wp\/v2\/media\/207812"}],"wp:attachment":[{"href":"https:\/\/www.europesays.com\/fr\/wp-json\/wp\/v2\/media?parent=207811"}],"wp:term":[{"taxonomy":"category","embeddable":true,"href":"https:\/\/www.europesays.com\/fr\/wp-json\/wp\/v2\/categories?post=207811"},{"taxonomy":"post_tag","embeddable":true,"href":"https:\/\/www.europesays.com\/fr\/wp-json\/wp\/v2\/tags?post=207811"}],"curies":[{"name":"wp","href":"https:\/\/api.w.org\/{rel}","templated":true}]}}