{"id":207813,"date":"2025-06-27T07:51:09","date_gmt":"2025-06-27T07:51:09","guid":{"rendered":"https:\/\/www.europesays.com\/fr\/207813\/"},"modified":"2025-06-27T07:51:09","modified_gmt":"2025-06-27T07:51:09","slug":"des-souvenirs-a-denicher-sur-le-halage","status":"publish","type":"post","link":"https:\/\/www.europesays.com\/fr\/207813\/","title":{"rendered":"des souvenirs \u00e0 d\u00e9nicher sur le halage&#8230;"},"content":{"rendered":"<p>            Par<br \/>\n        <strong><br \/>\n            <a href=\"https:\/\/actu.fr\/auteur\/journaliste-pontivyjournal\" title=\"Consulter tous les articles de R\u00e9daction Pontivy\" target=\"_blank\" rel=\"noopener\">R\u00e9daction Pontivy<\/a><br \/>\n        <\/strong><\/p>\n<p>        Publi\u00e9 le<\/p>\n<p>            27 juin 2025 \u00e0 9h39        <\/p>\n<p>Sur le site de la <a href=\"https:\/\/www.facebook.com\/p\/Domaine-des-Canhaltes-Hebergements-insolites-de-Bretagne-100068968329397\/?locale=fr_FR\" target=\"_blank\" rel=\"noopener\">base de loisirs de Boju<\/a>, sur la petite commune de Gueltas (Morbihan), au bord du halage du canal de Nantes \u00e0 Brest, pr\u00e8s de la cr\u00eaperie d\u2019\u00e9t\u00e9 La Canoti\u00e8re 59, les promeneurs et touristes en randonn\u00e9e p\u00e9destre ou cyclotouriste peuvent retrouver depuis le week-end dernier <a href=\"https:\/\/lechoppeebelle.fr\/\" target=\"_blank\" rel=\"noopener\">L\u2019\u00c9chopp\u00e9e belle<\/a>, une boutique \u00e9ph\u00e9m\u00e8re de cr\u00e9atrices et cr\u00e9ateurs bretons qui proposent des souvenirs originaux\u2026<\/p>\n<p>Une quatri\u00e8me saison\u2026<\/p>\n<p class=\" wall-content\">Pour cette quatri\u00e8me ann\u00e9e dans ce joli coin de verdure et de fra\u00eecheur, ils seront sept \u00e0 se relayer pour assurer les permanences tout au long de l\u2019\u00e9t\u00e9.<\/p>\n<p class=\" wall-content\">Dans la boutique, seront expos\u00e9es les cr\u00e9ations de : <a href=\"https:\/\/tregortissus.fr\/boutique\/\" target=\"_blank\" rel=\"noopener\">Tr\u00e9gor tissus<\/a>, fabrication artisanale en textile ; l\u2019<a href=\"https:\/\/lateliermarlotte.fr\/boutique\/\" target=\"_blank\" rel=\"noopener\">Atelier Marlotte<\/a> et ses confections ; <a href=\"https:\/\/www.aucoeurdeslunes.com\/category\/all-products\" target=\"_blank\" rel=\"noopener\">Au C\u0153ur des Lunes<\/a>, herboristerie et illustration du vivant ; <a href=\"https:\/\/www.facebook.com\/people\/C-Nath-K-F%C3%A9e\/100064738954823\/\" target=\"_blank\" rel=\"noopener\">C Nath K F\u00e9e<\/a>, cr\u00e9ation de petits accessoires, sacs, trousses, pochettes, par Nathalie Gaudin ; <a href=\"https:\/\/loar-nevez.fr\/shop\/\" target=\"_blank\" rel=\"noopener\">Loar Nevez<\/a>, cr\u00e9ation de bijoux et accessoires en upcycling ; <a href=\"https:\/\/www.facebook.com\/people\/IN-VINO-APERO\/61569022215882\/\" target=\"_blank\" rel=\"noopener\">In vino Ap\u00e9ro<\/a>, de Jean-Fran\u00e7ois Coleau, une r\u00e9invention de l\u2019ap\u00e9ro \u00e0 base de vins, jus de fruits, plantes et \u00e9pices, avec ou sans alcool ; et les cr\u00e9ations d\u2019<a href=\"https:\/\/lechoppeebelle.fr\/audrey-hm-deco\/\" target=\"_blank\" rel=\"noopener\">accessoires d\u00e9coratifs en bois d\u2019Audrey Hybois<\/a>.<\/p>\n<p class=\" wall-content\">En cours de saison, des ateliers seront propos\u00e9s, ainsi que des concerts\u2026<\/p>\n<p>Pratique. La boutique L\u2019\u00c9chopp\u00e9e belle est ouverte les samedis, dimanches et jours f\u00e9ri\u00e9s en juin, de 15 h 30 \u00e0 21 h ; et \u00e0 partir du 1er juillet, de 13 h \u00e0 21 h (jusqu\u2019\u00e0 fin ao\u00fbt). Contacts : 07 80 21 96 77 ; <a href=\"https:\/\/actu.fr\/cdn-cgi\/l\/email-protection\" class=\"__cf_email__\" data-cfemail=\"3c595f54534c4c59595e595050597c5b515d5550125f5351\" target=\"_blank\" rel=\"noopener\">[email\u00a0protected]<\/a> ; <a href=\"https:\/\/lechoppeebelle.fr\/\" target=\"_blank\" rel=\"noopener\">lechoppeebelle.fr<\/a>.<\/p>\n<p class=\" wall-content\">Suivez toute l\u2019actualit\u00e9 de vos villes et m\u00e9dias favoris en vous inscrivant \u00e0 <a href=\"https:\/\/moncompte.actu.fr\" title=\"D\u00e9couvez Mon Actu\" rel=\"nofollow noopener\" data-trk=\"{&quot;cta&quot;:{&quot;action&quot;:&quot;https:\\\/\\\/moncompte.actu.fr&quot;,&quot;category&quot;:&quot;mon compte&quot;,&quot;from&quot;:&quot;article footer&quot;,&quot;name&quot;:&quot;Mon actu&quot;,&quot;type&quot;:&quot;cta&quot;}}\" target=\"_blank\">Mon Actu<\/a>.<\/p>\n","protected":false},"excerpt":{"rendered":"Par R\u00e9daction Pontivy Publi\u00e9 le 27 juin 2025 \u00e0 9h39 Sur le site de la base de loisirs&hellip;\n","protected":false},"author":2,"featured_media":207814,"comment_status":"","ping_status":"","sticky":false,"template":"","format":"standard","meta":{"footnotes":""},"categories":[2818],"tags":[1111,11,1477,8321,1777,674,1011,27,1757,766,12,2636,25,104],"class_list":{"0":"post-207813","1":"post","2":"type-post","3":"status-publish","4":"format-standard","5":"has-post-thumbnail","7":"category-nantes","8":"tag-actu","9":"tag-actualites","10":"tag-artisanat","11":"tag-canal-de-nantes-a-brest","12":"tag-eu","13":"tag-europe","14":"tag-fr","15":"tag-france","16":"tag-insolite","17":"tag-nantes","18":"tag-news","19":"tag-pays-de-la-loire","20":"tag-republique-francaise","21":"tag-societe"},"share_on_mastodon":{"url":"https:\/\/pubeurope.com\/@fr\/114754242735906556","error":""},"_links":{"self":[{"href":"https:\/\/www.europesays.com\/fr\/wp-json\/wp\/v2\/posts\/207813","targetHints":{"allow":["GET"]}}],"collection":[{"href":"https:\/\/www.europesays.com\/fr\/wp-json\/wp\/v2\/posts"}],"about":[{"href":"https:\/\/www.europesays.com\/fr\/wp-json\/wp\/v2\/types\/post"}],"author":[{"embeddable":true,"href":"https:\/\/www.europesays.com\/fr\/wp-json\/wp\/v2\/users\/2"}],"replies":[{"embeddable":true,"href":"https:\/\/www.europesays.com\/fr\/wp-json\/wp\/v2\/comments?post=207813"}],"version-history":[{"count":0,"href":"https:\/\/www.europesays.com\/fr\/wp-json\/wp\/v2\/posts\/207813\/revisions"}],"wp:featuredmedia":[{"embeddable":true,"href":"https:\/\/www.europesays.com\/fr\/wp-json\/wp\/v2\/media\/207814"}],"wp:attachment":[{"href":"https:\/\/www.europesays.com\/fr\/wp-json\/wp\/v2\/media?parent=207813"}],"wp:term":[{"taxonomy":"category","embeddable":true,"href":"https:\/\/www.europesays.com\/fr\/wp-json\/wp\/v2\/categories?post=207813"},{"taxonomy":"post_tag","embeddable":true,"href":"https:\/\/www.europesays.com\/fr\/wp-json\/wp\/v2\/tags?post=207813"}],"curies":[{"name":"wp","href":"https:\/\/api.w.org\/{rel}","templated":true}]}}