{"id":207827,"date":"2025-06-27T07:58:11","date_gmt":"2025-06-27T07:58:11","guid":{"rendered":"https:\/\/www.europesays.com\/fr\/207827\/"},"modified":"2025-06-27T07:58:11","modified_gmt":"2025-06-27T07:58:11","slug":"le-college-longchamp-devient-jean-de-bernardy-cofondateur-de-la-marseillaise","status":"publish","type":"post","link":"https:\/\/www.europesays.com\/fr\/207827\/","title":{"rendered":"Le coll\u00e8ge Longchamp devient Jean De Bernardy, cofondateur de La Marseillaise"},"content":{"rendered":"\n<p>La m\u00e9moire de Jean De Bernardy et, \u00e0 travers lui, la R\u00e9sistance et notre journal, sera honor\u00e9e ce vendredi par un vote symbolique permettant au coll\u00e8ge Longchamp de prendre le nom de ce cofondateur de notre quotidien. <\/p>\n<p>Typographe, syndicaliste CGT, communiste, r\u00e9sistant FTPF et journaliste dans la clandestinit\u00e9, Jean De Bernardy \u00e9tait reconnu pour son courage comme en a t\u00e9moign\u00e9 son camarade Louis Obr\u00e9. Alors qu\u2019ils \u00e9taient tous les deux, le 27\u00a0mai 1944, au chevet d\u2019un r\u00e9sistant bless\u00e9 par les bombardements, Louis rapporte les paroles prononc\u00e9es par Jean\u00a0: \u00ab\u00a0Vois-tu, Louis, alors que tous les jours nous risquons notre vie, je ne voudrais pas mourir b\u00eatement sous une bombe. \u00e0 mourir, je souhaiterais que ce soit les armes \u00e0 la main en combattant pour mon id\u00e9al.\u00a0\u00bb Il ne se doutait pas qu\u2019\u00e0 peine trois semaines le s\u00e9paraient d\u2019une mort h\u00e9ro\u00efque au maquis de Saint-Antonin \u00e0 l\u2019\u00e2ge de 36\u00a0ans.<\/p>\n<p>Un sacrifice qui lui valu la mention \u00ab\u00a0mort pour la France\u00a0\u00bb. Il fut provisoirement inhum\u00e9 dans le cimeti\u00e8re de Saint-Antonin-sur-Bayon. Le 25\u00a0novembre 1945, il fut transf\u00e9r\u00e9 \u00e0 Marseille dans une chapelle ardente organis\u00e9e dans la salle des d\u00e9p\u00eaches de La\u00a0Marseillaise. Les obs\u00e8ques solennelles de Jean De Bernardy eurent lieu le lendemain, au cimeti\u00e8re Saint-Pierre de Marseille, en pr\u00e9sence de nombreuses personnalit\u00e9s, repr\u00e9sentants des associations, partis et syndicats.<\/p>\n<p>Son action a pris place \u00ab\u00a0en pleine occupation ennemie. En face de la plus sanglante r\u00e9pression\u00a0\u00bb, rappelait Pierre Brandon, tout premier fondateur du journal. Son courage est c\u00e9l\u00e9br\u00e9 sur le m\u00e9morial de Saint-Antonin-sur-Bayon, \u00e0 Aix, sur le m\u00e9morial de la place des Martyrs de la R\u00e9sistance, sur le monument \u00ab\u00a0Aux H\u00e9ros de la R\u00e9sistance\u00a0\u00bb du cimeti\u00e8re Saint-Pierre et sur une plaque \u00e0 l\u2019entr\u00e9e de La\u00a0Marseillaise qui associe Jean De Bernardy, Mala Kriegel et L\u00e9on Paranque, deux autres cofondateurs de notre quotidien tomb\u00e9s face \u00e0 l\u2019ennemi.<\/p>\n<p> Long processus\n              <\/p>\n<p>Le changement de nom du coll\u00e8ge Longchamp, d\u00e9j\u00e0 situ\u00e9 rue Jean-De-Bernardy vient renforcer l\u2019hommage qui lui est d\u00fb.<\/p>\n<p>C\u2019est l\u2019aboutissement d\u2019un long processus d\u00e9but\u00e9 \u00e0 l\u2019occasion des 80 ans de la premi\u00e8re parution l\u00e9gale de notre journal. Lanc\u00e9e par La\u00a0Marseillaise, l\u2019id\u00e9e est approuv\u00e9e lors d\u2019un entretien avec Martine Vassal (DVD) en ao\u00fbt\u00a02024. La pr\u00e9sidente du D\u00e9partement et de la M\u00e9tropole Aix-Marseille-Provence indiquait, par-del\u00e0 les divergences politiques, vouloir \u00ab\u00a0que le coll\u00e8ge Longchamp soit baptis\u00e9 Jean De Bernardy, [&#8230;] pour honorer nos h\u00e9ros morts pour nous permettre de vivre aujourd\u2019hui dans un pays libre et en paix\u00a0\u00bb.<\/p>\n<p>La d\u00e9cision, ensuite valid\u00e9e par le conseil d\u2019administration du coll\u00e8ge, est ent\u00e9rin\u00e9e par un vote du conseil d\u00e9partemental ce vendredi. Un honneur fait \u00e0 la R\u00e9sistance dans un lieu de transmission du savoir qui m\u00e9ritera une inauguration populaire \u00e0 la rentr\u00e9e.<\/p>\n","protected":false},"excerpt":{"rendered":"La m\u00e9moire de Jean De Bernardy et, \u00e0 travers lui, la R\u00e9sistance et notre journal, sera honor\u00e9e ce&hellip;\n","protected":false},"author":2,"featured_media":207828,"comment_status":"","ping_status":"","sticky":false,"template":"","format":"standard","meta":{"footnotes":""},"categories":[2814],"tags":[1111,11,13150,1777,674,1011,27,884,12,882,25],"class_list":{"0":"post-207827","1":"post","2":"type-post","3":"status-publish","4":"format-standard","5":"has-post-thumbnail","7":"category-marseille","8":"tag-actu","9":"tag-actualites","10":"tag-communistes","11":"tag-eu","12":"tag-europe","13":"tag-fr","14":"tag-france","15":"tag-marseille","16":"tag-news","17":"tag-provence-alpes-cote-dazur","18":"tag-republique-francaise"},"share_on_mastodon":{"url":"https:\/\/pubeurope.com\/@fr\/114754270195462945","error":""},"_links":{"self":[{"href":"https:\/\/www.europesays.com\/fr\/wp-json\/wp\/v2\/posts\/207827","targetHints":{"allow":["GET"]}}],"collection":[{"href":"https:\/\/www.europesays.com\/fr\/wp-json\/wp\/v2\/posts"}],"about":[{"href":"https:\/\/www.europesays.com\/fr\/wp-json\/wp\/v2\/types\/post"}],"author":[{"embeddable":true,"href":"https:\/\/www.europesays.com\/fr\/wp-json\/wp\/v2\/users\/2"}],"replies":[{"embeddable":true,"href":"https:\/\/www.europesays.com\/fr\/wp-json\/wp\/v2\/comments?post=207827"}],"version-history":[{"count":0,"href":"https:\/\/www.europesays.com\/fr\/wp-json\/wp\/v2\/posts\/207827\/revisions"}],"wp:featuredmedia":[{"embeddable":true,"href":"https:\/\/www.europesays.com\/fr\/wp-json\/wp\/v2\/media\/207828"}],"wp:attachment":[{"href":"https:\/\/www.europesays.com\/fr\/wp-json\/wp\/v2\/media?parent=207827"}],"wp:term":[{"taxonomy":"category","embeddable":true,"href":"https:\/\/www.europesays.com\/fr\/wp-json\/wp\/v2\/categories?post=207827"},{"taxonomy":"post_tag","embeddable":true,"href":"https:\/\/www.europesays.com\/fr\/wp-json\/wp\/v2\/tags?post=207827"}],"curies":[{"name":"wp","href":"https:\/\/api.w.org\/{rel}","templated":true}]}}