{"id":207835,"date":"2025-06-27T08:03:15","date_gmt":"2025-06-27T08:03:15","guid":{"rendered":"https:\/\/www.europesays.com\/fr\/207835\/"},"modified":"2025-06-27T08:03:15","modified_gmt":"2025-06-27T08:03:15","slug":"les-spectacles-et-pieces-de-theatre-a-ne-pas-manquer-ce-week-end-du-27-au-29-juin-2025","status":"publish","type":"post","link":"https:\/\/www.europesays.com\/fr\/207835\/","title":{"rendered":"Les spectacles et pi\u00e8ces de th\u00e9\u00e2tre \u00e0 ne pas manquer ce week-end du 27 au 29\u00a0juin 2025"},"content":{"rendered":"<p>Ce week-end, offrez-vous une escapade culturelle avec une vari\u00e9t\u00e9 de spectacles pour illuminer vos journ\u00e9es et soir\u00e9es. Gr\u00e2ce \u00e0 <a href=\"https:\/\/www.20minutes.fr\/paris\/4133687-20250115-paris-quoi-ticketnunc-too-good-to-go-spectacle\" class=\"color-ultramarine c-link\" target=\"_blank\" rel=\"noopener\">TicketNunc<\/a>, b\u00e9n\u00e9ficiez de places \u00e0 prix r\u00e9duits pour les spectacles d\u2019humour, th\u00e9\u00e2tre ou danse, disponibles en exclusivit\u00e9 24 \u00e0 72 heures avant chaque repr\u00e9sentation. Ne laissez pas passer notre s\u00e9lection de bons plans \u00e0 saisir au plus vite\u00a0!<\/p>\n<p>Cyrano de Bergerac.<img decoding=\"async\" alt=\"Cyrano de Bergerac\" class=\"c-img\" loading=\"lazy\" fetchpriority=\"auto\" width=\"718\"  src=\"https:\/\/img.20mn.fr\/ZF1L1qkyQsyBYrfezEQ9mik\/718x0\" \/>Cyrano de Bergerac\u2002-\u00a0TicketNunc<\/p>\n<p>Cyrano revient, version \u00c9douard Baer<\/p>\n<p>\u00c9douard Baer enfile le panache de Cyrano dans une nouvelle mise en sc\u00e8ne sign\u00e9e Anne Kessler (Com\u00e9die-Fran\u00e7aise).<\/p>\n<p>Entour\u00e9 de 14 com\u00e9diens, il revisite ce classique entre lyrisme, tragique et humour.<\/p>\n<ul>\n<li>Lieu\u00a0: Th\u00e9\u00e2tre Antoine, 14 Boulevard de Strasbourg, 75010 Paris<\/li>\n<\/ul>\n<p><a href=\"https:\/\/www.ticketnunc.com\/spectacles\/cyrano-de-bergerac-theatre-antoine?utm_source=20_minutes&amp;utm_medium=articles&amp;utm_campaign=article_20_minutes\" rel=\"nofollow noopener\" target=\"_blank\" class=\"c-link c-btn c-btn--primary\">Je prends ma place<\/a>Youness Hanifi dans 7 VIES.<img decoding=\"async\" alt=\"Youness Hanifi dans 7 Vies\" class=\"c-img\" loading=\"lazy\" fetchpriority=\"auto\" width=\"718\"  src=\"https:\/\/img.20mn.fr\/rV1ZWPabTgKOlcKfWq3C3ik\/718x0\" \/>Youness Hanifi dans 7 Vies\u2002-\u00a0TicketNunc<\/p>\n<p>Originaire de <a href=\"https:\/\/www.20minutes.fr\/societe\/lorraine\/\" class=\"color-ultramarine c-link\" target=\"_blank\" rel=\"noopener\">Lorraine<\/a>, Youness transforme ses gal\u00e8res en fous rires. Avec \u00e9nergie et autod\u00e9rision, il raconte ses m\u00e9saventures et croque la vie avec humour.<\/p>\n<p>Un stand-up plein d\u2019anecdotes d\u00e9jant\u00e9es et de personnages hauts en couleur. Pr\u00e9parez-vous \u00e0 rire. Beaucoup.<\/p>\n<ul>\n<li>Lieu\u00a0: Le Point Virgule, 7 rue Sainte Croix de la Bretonnerie, 75004 Paris<\/li>\n<\/ul>\n<p><a href=\"https:\/\/www.ticketnunc.com\/spectacles\/youness-hanifi-dans-7-vies?utm_source=20_minutes&amp;utm_medium=articles&amp;utm_campaign=article_20_minutes\" rel=\"nofollow noopener\" target=\"_blank\" class=\"c-link c-btn c-btn--primary\">Je prends ma place<\/a>Le Mythe de Sisyphe.<img decoding=\"async\" alt=\"Le Mythe de Sisyphe\" class=\"c-img\" loading=\"lazy\" fetchpriority=\"auto\" width=\"718\"  src=\"https:\/\/img.20mn.fr\/_T5Mh6iFQsWsHOeeNHdHoyk\/718x0\" \/>Le Mythe de Sisyphe\u2002-\u00a0TicketNunc<\/p>\n<p>Pierre Martot incarne l\u2019homme face \u00e0 l\u2019absurde dans cette adaptation du mythe de Sisyphe, revisit\u00e9 par Albert Camus.<\/p>\n<p>Une r\u00e9flexion intense sur la condition humaine, port\u00e9e par la mise en sc\u00e8ne de Jean-Claude Fall.<\/p>\n<p>Un classique revisit\u00e9, entre philosophie et th\u00e9\u00e2tre.<\/p>\n<ul>\n<li>Lieu\u00a0: Th\u00e9\u00e2tre Essa\u00efon, 6, rue Pierre au Lard, 75004 Paris<\/li>\n<\/ul>\n<p><a href=\"https:\/\/www.ticketnunc.com\/spectacles\/le-mythe-de-sisyphe?utm_source=20_minutes&amp;utm_medium=articles&amp;utm_campaign=article_20_minutes\" rel=\"nofollow noopener\" target=\"_blank\" class=\"c-link c-btn c-btn--primary\">Je prends ma place<\/a>R\u00e9mi Boyes.<img decoding=\"async\" alt=\"REMI BOYES\" class=\"c-img\" loading=\"lazy\" fetchpriority=\"auto\" width=\"718\"  src=\"https:\/\/img.20mn.fr\/f02RxpmVRyqx3LiaArA0Lyk\/718x0\" \/>REMI BOYES\u2002-\u00a0TicketNunc<\/p>\n<p>\u00ab\u00a0Non mais regardez-moi le sourire de ce petit toulousain de 33 ans\u00a0! Allez j\u2019y vais\u00a0! Et je vais aussi proposer \u00e0 tous mes amis\u00a0! Bon sang que la vie est belle.\u00a0\u00bb Auteur de ces lignes et du spectacle J\u2019ai tout \u00e9crit hier, L\u2019humoriste R\u00e9mi Boyes nous livre sa vision de l\u2019enfer, son amour paradoxal pour l\u2019attente, et son aversion pour les casquettes des contr\u00f4leurs <a href=\"https:\/\/www.20minutes.fr\/dossier\/sncf\" class=\"color-ultramarine c-link\" target=\"_blank\" rel=\"noopener\">SNCF<\/a>.<\/p>\n<ul>\n<li>Lieu\u00a0: Le Point Virgule, 7 rue Sainte Croix de la Bretonnerie, 75004 Paris<\/li>\n<\/ul>\n<p><a href=\"https:\/\/www.ticketnunc.com\/spectacles\/remi-boyes?utm_source=20_minutes&amp;utm_medium=articles&amp;utm_campaign=article_20_minutes\" rel=\"nofollow noopener\" target=\"_blank\" class=\"c-link c-btn c-btn--primary\">Je prends ma place<\/a>Soleil.<img decoding=\"async\" alt=\"Soleil\" class=\"c-img\" loading=\"lazy\" fetchpriority=\"auto\" width=\"718\"  src=\"https:\/\/img.20mn.fr\/RDjCHzuRTGuegtZB_doW-yk\/718x0\" \/>Soleil\u2002-\u00a0TicketNunc<\/p>\n<p>Avec Soleil, le metteur en sc\u00e8ne Armel Roussel propose une d\u00e9ambulation immersive \u00e0 travers 12 nouvelles de Raymond Carver, jou\u00e9es simultan\u00e9ment dans diff\u00e9rentes pi\u00e8ces du th\u00e9\u00e2tre.<\/p>\n<p>En petits groupes, le public circule de r\u00e9cit en r\u00e9cit, port\u00e9 par 20 com\u00e9diens et musiciens venus du monde entier.<\/p>\n<p>Un th\u00e9\u00e2tre en mouvement, entre moments suspendus et \u00e9lans d\u2019humanit\u00e9.<\/p>\n<ul>\n<li>Lieu\u00a0: Th\u00e9\u00e2tre de la Temp\u00eate, Route du Champ de manoeuvre, 75012 Paris<\/li>\n<\/ul>\n<p><a href=\"https:\/\/www.ticketnunc.com\/spectacles\/soleil?utm_source=20_minutes&amp;utm_medium=articles&amp;utm_campaign=article_20_minutes\" rel=\"nofollow noopener\" target=\"_blank\" class=\"c-link c-btn c-btn--primary\">Je prends ma place<\/a>Nuisibles.<img decoding=\"async\" alt=\"Nuisibles\" class=\"c-img\" loading=\"lazy\" fetchpriority=\"auto\" width=\"718\"  src=\"https:\/\/img.20mn.fr\/wJIaPsd1TIO44Gy_rRxZfCk\/718x0\" \/>Nuisibles\u2002-\u00a0TicketNunc<\/p>\n<p>1934, Belle-\u00cele. Une colonie p\u00e9nitentiaire pour mineurs, prison de pierre et de mer, cache une histoire oubli\u00e9e.<\/p>\n<p>Lors d\u2019une bagarre, 56 jeunes s\u2019\u00e9chappent du bagne. Nuisibles suit quatre d\u2019entre eux, qui go\u00fbtent \u00e0 la libert\u00e9 entre rires, r\u00eaves et espoirs.<\/p>\n<p>Un instant suspendu, fragile\u2026 mais la libert\u00e9 a un prix.<\/p>\n<ul>\n<li>Lieu\u00a0: Th\u00e9\u00e2tre Libre, 4 boulevard de strasbourg, 75010 Paris<\/li>\n<\/ul>\n<p><a href=\"https:\/\/www.ticketnunc.com\/spectacles\/nuisibles?utm_source=20_minutes&amp;utm_medium=articles&amp;utm_campaign=article_20_minutes\" rel=\"nofollow noopener\" target=\"_blank\" class=\"c-link c-btn c-btn--primary\">Je prends ma place<\/a><\/p>\n<p>Six spectacles, six ambiances\u00a0! Que vous soyez d\u2019humeur \u00e0 vibrer, \u00e0 vous \u00e9merveiller ou \u00e0 \u00e9clater de rire, Paris a de quoi combler toutes vos envies avec cette s\u00e9lection de spectacles. Ne ratez pas ces spectacles\u00a0: r\u00e9servez vite et laissez-vous transporter. <a href=\"https:\/\/www.ticketnunc.com\/?utm_source=article&amp;utm_medium=20_minutes&amp;utm_campaign=article_20minutes\" target=\"_blank\" class=\"color-ultramarine c-link\" rel=\"noopener\">Cliquez ici<\/a>\u00a0!<\/p>\n","protected":false},"excerpt":{"rendered":"Ce week-end, offrez-vous une escapade culturelle avec une vari\u00e9t\u00e9 de spectacles pour illuminer vos journ\u00e9es et soir\u00e9es. Gr\u00e2ce&hellip;\n","protected":false},"author":2,"featured_media":207836,"comment_status":"","ping_status":"","sticky":false,"template":"","format":"standard","meta":{"footnotes":""},"categories":[1592],"tags":[1111,11,58,1777,674,1011,27,676,662,1393,12,626,25,3140,1347],"class_list":{"0":"post-207835","1":"post","2":"type-post","3":"status-publish","4":"format-standard","5":"has-post-thumbnail","7":"category-ile-de-france","8":"tag-actu","9":"tag-actualites","10":"tag-divertissement","11":"tag-eu","12":"tag-europe","13":"tag-fr","14":"tag-france","15":"tag-guide-dachat","16":"tag-ile-de-france","17":"tag-loisirs","18":"tag-news","19":"tag-paris","20":"tag-republique-francaise","21":"tag-spectacle","22":"tag-theatre"},"share_on_mastodon":{"url":"https:\/\/pubeurope.com\/@fr\/114754290127875425","error":""},"_links":{"self":[{"href":"https:\/\/www.europesays.com\/fr\/wp-json\/wp\/v2\/posts\/207835","targetHints":{"allow":["GET"]}}],"collection":[{"href":"https:\/\/www.europesays.com\/fr\/wp-json\/wp\/v2\/posts"}],"about":[{"href":"https:\/\/www.europesays.com\/fr\/wp-json\/wp\/v2\/types\/post"}],"author":[{"embeddable":true,"href":"https:\/\/www.europesays.com\/fr\/wp-json\/wp\/v2\/users\/2"}],"replies":[{"embeddable":true,"href":"https:\/\/www.europesays.com\/fr\/wp-json\/wp\/v2\/comments?post=207835"}],"version-history":[{"count":0,"href":"https:\/\/www.europesays.com\/fr\/wp-json\/wp\/v2\/posts\/207835\/revisions"}],"wp:featuredmedia":[{"embeddable":true,"href":"https:\/\/www.europesays.com\/fr\/wp-json\/wp\/v2\/media\/207836"}],"wp:attachment":[{"href":"https:\/\/www.europesays.com\/fr\/wp-json\/wp\/v2\/media?parent=207835"}],"wp:term":[{"taxonomy":"category","embeddable":true,"href":"https:\/\/www.europesays.com\/fr\/wp-json\/wp\/v2\/categories?post=207835"},{"taxonomy":"post_tag","embeddable":true,"href":"https:\/\/www.europesays.com\/fr\/wp-json\/wp\/v2\/tags?post=207835"}],"curies":[{"name":"wp","href":"https:\/\/api.w.org\/{rel}","templated":true}]}}