{"id":207841,"date":"2025-06-27T08:09:14","date_gmt":"2025-06-27T08:09:14","guid":{"rendered":"https:\/\/www.europesays.com\/fr\/207841\/"},"modified":"2025-06-27T08:09:14","modified_gmt":"2025-06-27T08:09:14","slug":"parcours-heure-artistes-invites-tout-savoir-sur-ledition-2025","status":"publish","type":"post","link":"https:\/\/www.europesays.com\/fr\/207841\/","title":{"rendered":"parcours, heure, artistes invit\u00e9s\u2026 Tout savoir sur l\u2019\u00e9dition 2025"},"content":{"rendered":"<p>Anciennement connue sous le nom de Gay Pride, la <a href=\"https:\/\/www.20minutes.fr\/dossier\/gay_pride\" class=\"color-ultramarine c-link\" target=\"_blank\" rel=\"noopener\">Marche des Fiert\u00e9s<\/a> lesbiennes, gays, bis, trans, queers, intersexes (<a href=\"https:\/\/www.20minutes.fr\/dossier\/lgbt\" class=\"color-ultramarine c-link\" target=\"_blank\" rel=\"noopener\">LGBTQI+<\/a>) fait son retour \u00e0 <a href=\"https:\/\/www.20minutes.fr\/paris\/\" class=\"color-ultramarine c-link\" target=\"_blank\" rel=\"noopener\">Paris<\/a> ce samedi 28\u00a0juin. \u00c0 l\u2019occasion de cette \u00e9dition 2025, le d\u00e9fil\u00e9 d\u00e9marrera au centre de la Ville Lumi\u00e8re, avant de rejoindre la place de la Nation.<\/p>\n<p>Un \u00e9v\u00e9nement national, festif et gratuit<\/p>\n<p>La Marche des fiert\u00e9s lesbiennes, gays, bis, trans, queers, intersexes (LGBTQI+) revendique l\u2019\u00e9galit\u00e9 des droits entre les personnes h\u00e9t\u00e9rosexuelles et les personnes LGBTQI+. Avant le d\u00e9fil\u00e9, une prise de parole est pr\u00e9vue. Le cort\u00e8ge commencera ensuite sa marche dans la capitale.<\/p>\n<p>Notez que cet \u00e9v\u00e9nement festif et gratuit, intitul\u00e9 Grand Podium, mettra en sc\u00e8ne diff\u00e9rents artistes musicaux. Depuis l\u2019\u00e9dition 2023, il n\u2019y a plus de d\u00e9fil\u00e9s de chars, dans le but de \u00ab\u00a0poursuivre un travail d\u2019\u00e9co-responsabilit\u00e9 et de d\u00e9carbonation de l\u2019\u00e9v\u00e9nement\u00a0\u00bb.<\/p>\n<p><img decoding=\"async\" alt=\"L'affiche de la La Marche des Fiert\u00e9s LGBTQI+ de Paris.\" class=\"c-img\" loading=\"lazy\" fetchpriority=\"auto\" width=\"718\"  src=\"https:\/\/img.20mn.fr\/1uTo_a76RXqshYXbFgIXCCk\/718x0\" \/>L&rsquo;affiche de la La Marche des Fiert\u00e9s LGBTQI+ de Paris.\u2002-\u00a0Source marchedesfiertes.orgLe parcours de la Marche des Fiert\u00e9s 2025<\/p>\n<p>Contrairement aux autres ann\u00e9es, le d\u00e9fil\u00e9 s\u2019\u00e9lancera du centre de la capitale, \u00e0 13h30 au m\u00e9tro Palais-Royal &#8211; Mus\u00e9e du Louvre (lignes 1 et 7). Attention, il ne prendra pas la direction de R\u00e9publique comme c\u2019\u00e9tait le cas les derni\u00e8res ann\u00e9es mais celle de la place de la Nation. Pr\u00e8s de 500.000 personnes sont attendues.<\/p>\n<p>De nombreux artistes invit\u00e9s<\/p>\n<p>Le Podium des Fiert\u00e9s 2025 accueille le groupe de musique \u00e9lectro Camion Bip Bip, Nicky Doll, Kalika, Afro Queer Rising et Claude-Emmanuelle. L\u2019\u00e9v\u00e9nement sera pr\u00e9sent\u00e9 par Mademoiselle Kiss et devrait d\u00e9marrer vers 17 heures. De nombreuses surprises sont pr\u00e9vues afin de c\u00e9l\u00e9brer l\u2019\u00e9v\u00e9nement, donner de la visibilit\u00e9 \u00e0 toutes les personnes LGBTQI+\u00a0et c\u00e9l\u00e9brer nos diversit\u00e9s.<\/p>\n","protected":false},"excerpt":{"rendered":"Anciennement connue sous le nom de Gay Pride, la Marche des Fiert\u00e9s lesbiennes, gays, bis, trans, queers, intersexes&hellip;\n","protected":false},"author":2,"featured_media":207842,"comment_status":"","ping_status":"","sticky":false,"template":"","format":"standard","meta":{"footnotes":""},"categories":[1888],"tags":[47,11,1777,674,1011,27,662,12,626,1306,25,104],"class_list":{"0":"post-207841","1":"post","2":"type-post","3":"status-publish","4":"format-standard","5":"has-post-thumbnail","7":"category-paris","8":"tag-actualite","9":"tag-actualites","10":"tag-eu","11":"tag-europe","12":"tag-fr","13":"tag-france","14":"tag-ile-de-france","15":"tag-news","16":"tag-paris","17":"tag-regions","18":"tag-republique-francaise","19":"tag-societe"},"share_on_mastodon":{"url":"https:\/\/pubeurope.com\/@fr\/114754313545900984","error":""},"_links":{"self":[{"href":"https:\/\/www.europesays.com\/fr\/wp-json\/wp\/v2\/posts\/207841","targetHints":{"allow":["GET"]}}],"collection":[{"href":"https:\/\/www.europesays.com\/fr\/wp-json\/wp\/v2\/posts"}],"about":[{"href":"https:\/\/www.europesays.com\/fr\/wp-json\/wp\/v2\/types\/post"}],"author":[{"embeddable":true,"href":"https:\/\/www.europesays.com\/fr\/wp-json\/wp\/v2\/users\/2"}],"replies":[{"embeddable":true,"href":"https:\/\/www.europesays.com\/fr\/wp-json\/wp\/v2\/comments?post=207841"}],"version-history":[{"count":0,"href":"https:\/\/www.europesays.com\/fr\/wp-json\/wp\/v2\/posts\/207841\/revisions"}],"wp:featuredmedia":[{"embeddable":true,"href":"https:\/\/www.europesays.com\/fr\/wp-json\/wp\/v2\/media\/207842"}],"wp:attachment":[{"href":"https:\/\/www.europesays.com\/fr\/wp-json\/wp\/v2\/media?parent=207841"}],"wp:term":[{"taxonomy":"category","embeddable":true,"href":"https:\/\/www.europesays.com\/fr\/wp-json\/wp\/v2\/categories?post=207841"},{"taxonomy":"post_tag","embeddable":true,"href":"https:\/\/www.europesays.com\/fr\/wp-json\/wp\/v2\/tags?post=207841"}],"curies":[{"name":"wp","href":"https:\/\/api.w.org\/{rel}","templated":true}]}}