{"id":207843,"date":"2025-06-27T08:10:11","date_gmt":"2025-06-27T08:10:11","guid":{"rendered":"https:\/\/www.europesays.com\/fr\/207843\/"},"modified":"2025-06-27T08:10:11","modified_gmt":"2025-06-27T08:10:11","slug":"municipales-a-paris-lyon-et-marseille-vers-une-adoption-du-changement-de-mode-de-scrutin-en-juillet","status":"publish","type":"post","link":"https:\/\/www.europesays.com\/fr\/207843\/","title":{"rendered":"Municipales \u00e0 Paris, Lyon et Marseille\u00a0: vers une adoption du changement de mode de scrutin en juillet"},"content":{"rendered":"<p>Apr\u00e8s l\u2019absence d\u2019un compromis, cette semaine, en commission mixte paritaire, sur la loi sur la r\u00e9forme sur le mode de scrutin pour les municipales \u00e0 Paris, Lyon et Marseille le gouvernement va poursuivre la navette parlementaire, malgr\u00e9 la forte opposition des s\u00e9nateurs. Selon nos informations, le texte, port\u00e9 par le d\u00e9put\u00e9 Renaissance Sylvain Maillard et soutenu par l\u2019ex\u00e9cutif, est \u00e0 l\u2019ordre du jour de l\u2019Assembl\u00e9e nationale le 7\u00a0juillet puis fera son retour au S\u00e9nat le 10\u00a0juillet. Apr\u00e8s un nouveau rejet, plus que probable des s\u00e9nateurs, le dernier mot reviendrait aux d\u00e9put\u00e9s le 11\u00a0juillet.<\/p>\n<p>Pas de quoi arranger les relations au sein des diff\u00e9rentes composantes du socle commun, o\u00f9 centristes, Les R\u00e9publicains et les macronistes s\u2019opposent radicalement. Lors des d\u00e9bats en s\u00e9ance publique, la gauche et la droite s\u00e9natoriale ont fait front commun contre ce texte, qualifi\u00e9 de \u00ab tripatouillage \u00e9lectoral \u00bb. Les \u00e9lus ont notamment accus\u00e9 le parti pr\u00e9sidentiel de chercher \u00e0 modifier les r\u00e8gles du scrutin \u00e0 un an des municipales, pour faciliter son implantation au sein des conseils municipaux de Paris, Lyon et Marseille (lire notre article).<\/p>\n<p>G\u00e9rard Larcher a \u00e9galement rappel\u00e9, cette semaine, l\u2019engagement pris par Fran\u00e7ois Bayrou en f\u00e9vrier de ne pas avancer sur ce texte sans l\u2019aval de la chambre des territoires. Mais du c\u00f4t\u00e9 du gouvernement, des centristes et des macronistes, on d\u00e9plore la \u00ab\u00a0mauvaise foi\u00a0\u00bb des s\u00e9nateurs qui ont refus\u00e9 toutes les pistes de compromis propos\u00e9 en CMP par le d\u00e9put\u00e9 MoDem Jean-Paul Mattei, rapporteur du texte pour l\u2019Assembl\u00e9e nationale <a href=\"https:\/\/www.publicsenat.fr\/actualites\/politique\/municipales-a-paris-lyon-et-marseille-le-socle-commun-explose-sur-la-reforme-du-mode-de-scrutin\" target=\"_blank\" rel=\"noopener\">(lire notre article).<\/a><\/p>\n","protected":false},"excerpt":{"rendered":"Apr\u00e8s l\u2019absence d\u2019un compromis, cette semaine, en commission mixte paritaire, sur la loi sur la r\u00e9forme sur le&hellip;\n","protected":false},"author":2,"featured_media":207844,"comment_status":"","ping_status":"","sticky":false,"template":"","format":"standard","meta":{"footnotes":""},"categories":[1888],"tags":[11,1777,674,1011,27,3554,12,626,25,4189,1004],"class_list":{"0":"post-207843","1":"post","2":"type-post","3":"status-publish","4":"format-standard","5":"has-post-thumbnail","7":"category-paris","8":"tag-actualites","9":"tag-eu","10":"tag-europe","11":"tag-fr","12":"tag-france","13":"tag-municipales","14":"tag-news","15":"tag-paris","16":"tag-republique-francaise","17":"tag-scrutin","18":"tag-senat"},"share_on_mastodon":{"url":"https:\/\/pubeurope.com\/@fr\/114754318145846323","error":""},"_links":{"self":[{"href":"https:\/\/www.europesays.com\/fr\/wp-json\/wp\/v2\/posts\/207843","targetHints":{"allow":["GET"]}}],"collection":[{"href":"https:\/\/www.europesays.com\/fr\/wp-json\/wp\/v2\/posts"}],"about":[{"href":"https:\/\/www.europesays.com\/fr\/wp-json\/wp\/v2\/types\/post"}],"author":[{"embeddable":true,"href":"https:\/\/www.europesays.com\/fr\/wp-json\/wp\/v2\/users\/2"}],"replies":[{"embeddable":true,"href":"https:\/\/www.europesays.com\/fr\/wp-json\/wp\/v2\/comments?post=207843"}],"version-history":[{"count":0,"href":"https:\/\/www.europesays.com\/fr\/wp-json\/wp\/v2\/posts\/207843\/revisions"}],"wp:featuredmedia":[{"embeddable":true,"href":"https:\/\/www.europesays.com\/fr\/wp-json\/wp\/v2\/media\/207844"}],"wp:attachment":[{"href":"https:\/\/www.europesays.com\/fr\/wp-json\/wp\/v2\/media?parent=207843"}],"wp:term":[{"taxonomy":"category","embeddable":true,"href":"https:\/\/www.europesays.com\/fr\/wp-json\/wp\/v2\/categories?post=207843"},{"taxonomy":"post_tag","embeddable":true,"href":"https:\/\/www.europesays.com\/fr\/wp-json\/wp\/v2\/tags?post=207843"}],"curies":[{"name":"wp","href":"https:\/\/api.w.org\/{rel}","templated":true}]}}