{"id":207847,"date":"2025-06-27T08:12:11","date_gmt":"2025-06-27T08:12:11","guid":{"rendered":"https:\/\/www.europesays.com\/fr\/207847\/"},"modified":"2025-06-27T08:12:11","modified_gmt":"2025-06-27T08:12:11","slug":"guerre-en-ukraine-nouvel-echange-de-soldats-prisonniers","status":"publish","type":"post","link":"https:\/\/www.europesays.com\/fr\/207847\/","title":{"rendered":"Guerre en Ukraine : nouvel \u00e9change de soldats prisonniers"},"content":{"rendered":"<p>\n  Par&amp;nbsp<b>euronews<\/b>&amp;nbspavec&amp;nbsp<b>AP<\/b><\/p>\n<p>\n         Publi\u00e9 le<br \/>\n            27\/06\/2025 &#8211; 9:57 UTC+2<\/p>\n<p><img decoding=\"async\" class=\"c-ad__placeholder__logo\" src=\"https:\/\/static.euronews.com\/website\/images\/logos\/logo-euronews-grey-6-180x22.svg\" width=\"180\" height=\"22\" alt=\"\" loading=\"lazy\"\/>PUBLICIT\u00c9<\/p>\n<p>Dans le cadre des \u00e9changes de prisonniers n\u00e9goci\u00e9s entre Kyiv et Moscou \u00e0 Istanbul, un nouveau groupe de soldats ukrainiens a \u00e9t\u00e9 rapatri\u00e9s ce jeudi. <\/p>\n<p>Captur\u00e9s pour la plupart lors du si\u00e8ge de Marioupol en 2022 et en captivit\u00e9 en Russie depuis plus de trois ans, ces combattants pr\u00e9sentent tous, comme convenus lors des n\u00e9gociations, la particularit\u00e9 d&rsquo;\u00eatre soit bless\u00e9s ou malades, soit \u00e2g\u00e9s de moins de 25 ans.<\/p>\n<p>Dans l&rsquo;espoir de retrouver leurs proches ou d&rsquo;obtenir des informations \u00e0 leur sujet, des centaines de personnes sont venues les accueillir.<\/p>\n<p>\u00ab\u00a0C&rsquo;est un vrai bonheur de serrer un \u00eatre cher dans ses bras\u00a0\u00bb, a confi\u00e9 Svitlana, 53 ans, en retrouvant son mari Viktor, qui a \u00e9t\u00e9 captur\u00e9 \u00e0 Marioupol.<\/p>\n<p>Dans la foule, Hordii, 11 ans, tient le portrait de son p\u00e8re Mykola, disparu il y a 18 mois, alors qu&rsquo;il se rendait \u00e0 Bakhmut. Le plus grand r\u00eave du gar\u00e7on est de le revoir.  <\/p>\n<p>\u00ab\u00a0Je suis ici parce que je veux que mon p\u00e8re revienne, que je puisse le voir et le serrer dans mes bras\u00a0\u00bb, a-t-il t\u00e9moign\u00e9. <\/p>\n<p>De son cot\u00e9, le minist\u00e8re russe de la D\u00e9fense a confirm\u00e9 avoir r\u00e9cup\u00e9r\u00e9 ses soldats sains et saufs, et que ceux-ci recevaient tout le soutien m\u00e9dical n\u00e9cessaire. <\/p>\n<p>Conduits au B\u00e9larus, les militaires doivent ensuite regagner la Russie par avion, jusqu&rsquo;\u00e0 un a\u00e9roport situ\u00e9 \u00e0 proximit\u00e9 de Moscou. <\/p>\n<p>Comme lors des pr\u00e9c\u00e9dents \u00e9changes ces trois derni\u00e8res semaines, ni Moscou, ni Kyiv n\u2019ont pr\u00e9cis\u00e9 le nombre de militaires lib\u00e9r\u00e9s.<\/p>\n<p>Alors que, sur le front, les combats continuent de faire rage, la Turquie, qui joue un r\u00f4le important de m\u00e9diateur, pourrait accueillir un nouveau cycle de n\u00e9gociations entre l&rsquo;Ukraine et la Russie.<\/p>\n","protected":false},"excerpt":{"rendered":"Par&amp;nbspeuronews&amp;nbspavec&amp;nbspAP Publi\u00e9 le 27\/06\/2025 &#8211; 9:57 UTC+2 PUBLICIT\u00c9 Dans le cadre des \u00e9changes de prisonniers n\u00e9goci\u00e9s entre Kyiv&hellip;\n","protected":false},"author":2,"featured_media":207848,"comment_status":"","ping_status":"","sticky":false,"template":"","format":"standard","meta":{"footnotes":""},"categories":[1590],"tags":[11,1777,674,2025,12,132,220],"class_list":{"0":"post-207847","1":"post","2":"type-post","3":"status-publish","4":"format-standard","5":"has-post-thumbnail","7":"category-ukraine","8":"tag-actualites","9":"tag-eu","10":"tag-europe","11":"tag-invasion-de-la-russie-en-ukraine","12":"tag-news","13":"tag-russie","14":"tag-ukraine"},"share_on_mastodon":{"url":"https:\/\/pubeurope.com\/@fr\/114754327651686182","error":""},"_links":{"self":[{"href":"https:\/\/www.europesays.com\/fr\/wp-json\/wp\/v2\/posts\/207847","targetHints":{"allow":["GET"]}}],"collection":[{"href":"https:\/\/www.europesays.com\/fr\/wp-json\/wp\/v2\/posts"}],"about":[{"href":"https:\/\/www.europesays.com\/fr\/wp-json\/wp\/v2\/types\/post"}],"author":[{"embeddable":true,"href":"https:\/\/www.europesays.com\/fr\/wp-json\/wp\/v2\/users\/2"}],"replies":[{"embeddable":true,"href":"https:\/\/www.europesays.com\/fr\/wp-json\/wp\/v2\/comments?post=207847"}],"version-history":[{"count":0,"href":"https:\/\/www.europesays.com\/fr\/wp-json\/wp\/v2\/posts\/207847\/revisions"}],"wp:featuredmedia":[{"embeddable":true,"href":"https:\/\/www.europesays.com\/fr\/wp-json\/wp\/v2\/media\/207848"}],"wp:attachment":[{"href":"https:\/\/www.europesays.com\/fr\/wp-json\/wp\/v2\/media?parent=207847"}],"wp:term":[{"taxonomy":"category","embeddable":true,"href":"https:\/\/www.europesays.com\/fr\/wp-json\/wp\/v2\/categories?post=207847"},{"taxonomy":"post_tag","embeddable":true,"href":"https:\/\/www.europesays.com\/fr\/wp-json\/wp\/v2\/tags?post=207847"}],"curies":[{"name":"wp","href":"https:\/\/api.w.org\/{rel}","templated":true}]}}