{"id":207863,"date":"2025-06-27T08:20:17","date_gmt":"2025-06-27T08:20:17","guid":{"rendered":"https:\/\/www.europesays.com\/fr\/207863\/"},"modified":"2025-06-27T08:20:17","modified_gmt":"2025-06-27T08:20:17","slug":"congres-annuel-de-la-federation-nationale-de-la-peche-en-france","status":"publish","type":"post","link":"https:\/\/www.europesays.com\/fr\/207863\/","title":{"rendered":"Congr\u00e8s annuel de la F\u00e9d\u00e9ration Nationale de la P\u00eache en France"},"content":{"rendered":"<p itemprop=\"description\">Le congr\u00e8s annuel de la F\u00e9d\u00e9ration Nationale de la P\u00eache en France a permis \u00e0 Claude Roustan, d\u2019interpeler Agn\u00e8s Pannier-Runacher sur les attentes des p\u00eacheurs de loisir.<\/p>\n<p>Lundi 23 juin, \u00e0 Paris, <a href=\"https:\/\/www.federationpeche.fr\/\" target=\"_blank\" rel=\"noopener\">la F\u00e9d\u00e9ration Nationale de la P\u00eache en France<\/a> a plaid\u00e9 avec d\u00e9termination ses revendications. Aupr\u00e8s notamment de la ministre de la Transition \u00e9cologique et d&rsquo;autres responsables politiques.<\/p>\n<p>     <strong>Un congr\u00e8s annuel de la P\u00eache avec de nombreuses personnalit\u00e9s politiques <\/strong>  <\/p>\n<p>Ce congr\u00e8s s\u2019est tenu en pr\u00e9sence de <strong>Daniel Labaronne<\/strong>, copr\u00e9sident du groupe d\u2019\u00e9tudes \u00ab Chasse et P\u00eache \u00bb \u00e0 l\u2019Assembl\u00e9e nationale. De <strong>Julie Ozenne<\/strong>, d\u00e9put\u00e9e, corapporteuse de la mission d\u2019information sur l\u2019\u00e9tat des cours d\u2019eau. D\u2019<strong>Olivier Thibault<\/strong>, directeur g\u00e9n\u00e9ral de l\u2019Office Fran\u00e7ais de la Biodiversit\u00e9. D\u2019<strong>Emmanuelle Verger<\/strong>, directrice g\u00e9n\u00e9rale de EDF Hydro, et de <strong>Elodie Galko<\/strong>, directrice g\u00e9n\u00e9rale de l\u2019Agence de l\u2019eau Adour Garonne.<\/p>\n<p>Cette rencontre annuelle a offert une occasion importante d\u00a0\u00bb\u00e9changer sur les convictions profondes des p\u00eacheurs et de leur r\u00e9seau associatif concernant les grands d\u00e9fis li\u00e9s \u00e0 la politique de l&rsquo;eau, \u00e0 la pr\u00e9servation de la biodiversit\u00e9 et aux enjeux de la p\u00eache de loisir.<\/p>\n<p><strong>L\u2019eau, une ressource \u00e0 sacrer ! <\/strong><\/p>\n<p>Dans un contexte de d\u00e9tricotage acc\u00e9l\u00e9r\u00e9 du droit de l\u2019environnement, Claude Roustan a tenu \u00e0 alerter sur la situation que traverse la politique de l\u2019eau. Celle-ci subit des assauts nombreux, r\u00e9p\u00e9t\u00e9s et de plus en plus forts.<\/p>\n<p>20 ans apr\u00e8s l&rsquo;adoption de la derni\u00e8re grande loi sur l&rsquo;eau, le bilan est loin d\u2019\u00eatre satisfaisant. Moins de la moiti\u00e9 des cours d&rsquo;eau fran\u00e7ais sont en bon \u00e9tat \u00e9cologique. Un poisson sur cinq est en difficult\u00e9. Et l&rsquo;ensemble des poissons migrateurs traverse une crise majeure. Face \u00e0 cette d\u00e9gradation continue des milieux aquatiques, <strong>le pr\u00e9sident de la FNPF a exig\u00e9 l&rsquo;arr\u00eat des atermoiements. R\u00e9clamant l&rsquo;ouverture d&rsquo;un d\u00e9bat national constructif. R\u00e9afirmant par ailleurs l&rsquo;urgence de cr\u00e9er un minist\u00e8re d\u00e9di\u00e9 \u00e0 l&rsquo;Eau. <\/strong><\/p>\n<blockquote>\n<p>\u00ab Je pr\u00f4ne un partage de l\u2019eau parce que nous allons devoir partager ce qui va devenir rare \u00bb, &#8211; Agn\u00e8s Pannier-Runacher.<\/p>\n<\/blockquote>\n<p>Les interventions et discours ont \u00e9t\u00e9 suivis de la signature du renouvellement de l\u2019accord de coop\u00e9ration entre le minist\u00e8re de la Transition \u00e9cologique, les Agences de l\u2019eau, l\u2019OFB et la FNPF. Ce partenariat, reconduit pour cinq ans, vise \u00e0 intensifier la protection et la restauration des milieux aquatiques.<\/p>\n<p>  <strong>Le Congr\u00e8s 2025 de la FNPF a confirm\u00e9 le r\u00f4le d\u00e9terminant de la p\u00eache de loisir dans la pr\u00e9servation des milieux aquatiques. Avec <a href=\"https:\/\/www.lechasseurfrancais.com\/peche\/combien-de-pecheurs-en-france-en-2024-150818.html\" target=\"_blank\" rel=\"noopener\">1,5 million de pratiquants<\/a> agissant comme autant de sentinelles sur le terrain, ce r\u00e9seau repr\u00e9sente une force de surveillance environnementale incontournable au service de la protection de nos cours d&rsquo;eau.<\/strong> \t\t\t\t\t\t<\/p>\n","protected":false},"excerpt":{"rendered":"Le congr\u00e8s annuel de la F\u00e9d\u00e9ration Nationale de la P\u00eache en France a permis \u00e0 Claude Roustan, d\u2019interpeler&hellip;\n","protected":false},"author":2,"featured_media":207864,"comment_status":"","ping_status":"","sticky":false,"template":"","format":"standard","meta":{"footnotes":""},"categories":[4],"tags":[11,18280,4394,1805,3026,22302,1011,27,4743,4361,12,4838,25],"class_list":{"0":"post-207863","1":"post","2":"type-post","3":"status-publish","4":"format-standard","5":"has-post-thumbnail","7":"category-france","8":"tag-actualites","9":"tag-annuel","10":"tag-congres","11":"tag-de","12":"tag-en","13":"tag-federation","14":"tag-fr","15":"tag-france","16":"tag-la","17":"tag-nationale","18":"tag-news","19":"tag-peche","20":"tag-republique-francaise"},"share_on_mastodon":{"url":"https:\/\/pubeurope.com\/@fr\/114754356845501528","error":""},"_links":{"self":[{"href":"https:\/\/www.europesays.com\/fr\/wp-json\/wp\/v2\/posts\/207863","targetHints":{"allow":["GET"]}}],"collection":[{"href":"https:\/\/www.europesays.com\/fr\/wp-json\/wp\/v2\/posts"}],"about":[{"href":"https:\/\/www.europesays.com\/fr\/wp-json\/wp\/v2\/types\/post"}],"author":[{"embeddable":true,"href":"https:\/\/www.europesays.com\/fr\/wp-json\/wp\/v2\/users\/2"}],"replies":[{"embeddable":true,"href":"https:\/\/www.europesays.com\/fr\/wp-json\/wp\/v2\/comments?post=207863"}],"version-history":[{"count":0,"href":"https:\/\/www.europesays.com\/fr\/wp-json\/wp\/v2\/posts\/207863\/revisions"}],"wp:featuredmedia":[{"embeddable":true,"href":"https:\/\/www.europesays.com\/fr\/wp-json\/wp\/v2\/media\/207864"}],"wp:attachment":[{"href":"https:\/\/www.europesays.com\/fr\/wp-json\/wp\/v2\/media?parent=207863"}],"wp:term":[{"taxonomy":"category","embeddable":true,"href":"https:\/\/www.europesays.com\/fr\/wp-json\/wp\/v2\/categories?post=207863"},{"taxonomy":"post_tag","embeddable":true,"href":"https:\/\/www.europesays.com\/fr\/wp-json\/wp\/v2\/tags?post=207863"}],"curies":[{"name":"wp","href":"https:\/\/api.w.org\/{rel}","templated":true}]}}